{"id":1367,"date":"2018-09-07T10:58:40","date_gmt":"2018-09-07T08:58:40","guid":{"rendered":"http:\/\/blog.lesentrepreteurs.com\/?p=1367"},"modified":"2018-09-07T10:58:40","modified_gmt":"2018-09-07T08:58:40","slug":"made-in-92-pret-pour-la-grand-aventure","status":"publish","type":"post","link":"https:\/\/www.lesentrepreteurs.com\/blog\/made-in-92-pret-pour-la-grand-aventure\/","title":{"rendered":"Made in 92 : pr\u00eat pour la grande aventure"},"content":{"rendered":"<p><strong>Les Entrepr\u00eateurs soutiennent Made in 92, le concours des jeunes entreprises des Hauts-de-Seine, organis\u00e9 par la CCI 92. Une aventure au c\u0153ur de l\u2019entrepreneuriat en 4 \u00e9tapes, une Grande Soir\u00e9e, 25 laur\u00e9ats et plus de 40 000 euros de dotations.<\/strong><\/p>\n<h2 style=\"text-align: center;\"><strong>Un concours pour les entreprises des Hauts-de-Seine<\/strong><\/h2>\n<p>Forts du succ\u00e8s des trois derni\u00e8res \u00e9ditions, la CCI Hauts-de-Seine et ses partenaires intensifient leur engagement pour l\u2019entrepreneuriat, moteur puissant du dynamisme du territoire, et reconduisent le concours Made in 92 pour valoriser les jeunes pousses du d\u00e9partement, et acc\u00e9l\u00e9rer leurs r\u00e9seaux.<\/p>\n<p><strong>Du 1<sup>er<\/sup> septembre au 21 octobre 2018<\/strong>, toutes les entreprises <strong>de moins de huit ans<\/strong> implant\u00e9es dans les Hauts-de-Seine et qui ne sont pas d\u00e9tenues majoritairement par une autre soci\u00e9t\u00e9 pourront d\u00e9poser en ligne leurs dossiers de candidature sur la plateforme d\u00e9di\u00e9e&nbsp;: <a href=\"http:\/\/www.madein92.com\">www.madein92.com<\/a>,<\/p>\n<p>Au rendez-vous de cette 4\u00e8me \u00e9dition, <strong>4 prix seront organis\u00e9s dans les 4 territoires du d\u00e9partement&nbsp;: <\/strong>Boucle Nord de Seine, Paris Ouest La D\u00e9fense, Grand Paris Seine Ouest et Vall\u00e9e Sud Grand Paris, afin de <strong>valoriser les initiatives de proximit\u00e9 et d\u2019acc\u00e9l\u00e9rer la mise en r\u00e9seau des entrepreneurs. <\/strong><\/p>\n<p>A l\u2019issue de ces \u00e9tapes territoriales, les laur\u00e9ats seront invit\u00e9s \u00e0 concourir en finale lors de la Grande Soir\u00e9e Made in 92, le 13 d\u00e9cembre \u00e0 Meudon o\u00f9<strong> le \u00ab&nbsp;Prix des Prix&nbsp;\u00bb<\/strong> sera r\u00e9v\u00e9l\u00e9. Ils se partageront une dotation de plus de 40 000 euros.<\/p>\n<p>Venez \u00e0 notre rencontre&nbsp;<strong>le 5 novembre<\/strong> au si\u00e8ge de l\u2019EPT Vall\u00e9e Sud Grand Paris \u00e0 Fontenay-aux-Roses, &nbsp;<strong>le 13 novembre<\/strong> chez Solocal \u00e0 Boulogne-Billancourt, <strong>le 15 novembre<\/strong> chez EY, Tour First \u00e0 Paris la D\u00e9fense, &nbsp;<strong>le 19 novembre<\/strong> chez Work\u2019inn \u00e0 Asni\u00e8res-sur-Seine<\/p>\n","protected":false},"excerpt":{"rendered":"<p>Les Entrepr\u00eateurs soutiennent Made in 92, le concours des jeunes entreprises des Hauts-de-Seine, organis\u00e9 par la CCI 92. Une aventure au c\u0153ur de l\u2019entrepreneuriat en 4 \u00e9tapes, une Grande Soir\u00e9e, 25 laur\u00e9ats et plus de 40 000 euros de dotations. Un concours pour les entreprises des Hauts-de-Seine Forts du succ\u00e8s des trois derni\u00e8res \u00e9ditions, la [&hellip;]<\/p>\n","protected":false},"author":1,"featured_media":1469,"comment_status":"open","ping_status":"open","sticky":false,"template":"","format":"standard","meta":{"footnotes":""},"categories":[2],"tags":[],"class_list":["post-1367","post","type-post","status-publish","format-standard","has-post-thumbnail","hentry","category-actualites"],"yoast_head":"<!-- This site is optimized with the Yoast SEO plugin v27.3 - https:\/\/yoast.com\/product\/yoast-seo-wordpress\/ -->\n<title>Ev\u00e9nement - Made in 92 : pr\u00eat pour la grande aventure<\/title>\n<meta name=\"description\" content=\"Les Entrepr\u00eateurs soutiennent Made in 92, le concours des jeunes entreprises des Hauts-de-Seine, organis\u00e9 par la CCI 92.\" \/>\n<meta name=\"robots\" content=\"index, follow, max-snippet:-1, max-image-preview:large, max-video-preview:-1\" \/>\n<link rel=\"canonical\" href=\"https:\/\/www.lesentrepreteurs.com\/blog\/made-in-92-pret-pour-la-grand-aventure\/\" \/>\n<meta property=\"og:locale\" content=\"fr_FR\" \/>\n<meta property=\"og:type\" content=\"article\" \/>\n<meta property=\"og:title\" content=\"Ev\u00e9nement - Made in 92 : pr\u00eat pour la grande aventure\" \/>\n<meta property=\"og:description\" content=\"Les Entrepr\u00eateurs soutiennent Made in 92, le concours des jeunes entreprises des Hauts-de-Seine, organis\u00e9 par la CCI 92.\" \/>\n<meta property=\"og:url\" content=\"https:\/\/www.lesentrepreteurs.com\/blog\/made-in-92-pret-pour-la-grand-aventure\/\" \/>\n<meta property=\"og:site_name\" content=\"Le blog de la plateforme de financement\" \/>\n<meta property=\"article:publisher\" content=\"https:\/\/www.facebook.com\/lesentrepreteurs?locale=fr_FR\" \/>\n<meta property=\"article:published_time\" content=\"2018-09-07T08:58:40+00:00\" \/>\n<meta property=\"og:image\" content=\"https:\/\/www.lesentrepreteurs.com\/blog\/wp-content\/uploads\/2018\/09\/blog-made-in2.jpg\" \/>\n\t<meta property=\"og:image:width\" content=\"800\" \/>\n\t<meta property=\"og:image:height\" content=\"480\" \/>\n\t<meta property=\"og:image:type\" content=\"image\/jpeg\" \/>\n<meta name=\"author\" content=\"Marc-Antoine\" \/>\n<meta name=\"twitter:card\" content=\"summary_large_image\" \/>\n<meta name=\"twitter:creator\" content=\"@entrepreteurs\" \/>\n<meta name=\"twitter:site\" content=\"@entrepreteurs\" \/>\n<meta name=\"twitter:label1\" content=\"\u00c9crit par\" \/>\n\t<meta name=\"twitter:data1\" content=\"Marc-Antoine\" \/>\n\t<meta name=\"twitter:label2\" content=\"Dur\u00e9e de lecture estim\u00e9e\" \/>\n\t<meta name=\"twitter:data2\" content=\"2 minutes\" \/>\n<script type=\"application\/ld+json\" class=\"yoast-schema-graph\">{\"@context\":\"https:\\\/\\\/schema.org\",\"@graph\":[{\"@type\":\"Article\",\"@id\":\"https:\\\/\\\/www.lesentrepreteurs.com\\\/blog\\\/made-in-92-pret-pour-la-grand-aventure\\\/#article\",\"isPartOf\":{\"@id\":\"https:\\\/\\\/www.lesentrepreteurs.com\\\/blog\\\/made-in-92-pret-pour-la-grand-aventure\\\/\"},\"author\":{\"name\":\"Marc-Antoine\",\"@id\":\"https:\\\/\\\/www.lesentrepreteurs.com\\\/blog\\\/#\\\/schema\\\/person\\\/1169e54541625b8d3de4b8cc8b65ad44\"},\"headline\":\"Made in 92 : pr\u00eat pour la grande aventure\",\"datePublished\":\"2018-09-07T08:58:40+00:00\",\"mainEntityOfPage\":{\"@id\":\"https:\\\/\\\/www.lesentrepreteurs.com\\\/blog\\\/made-in-92-pret-pour-la-grand-aventure\\\/\"},\"wordCount\":297,\"commentCount\":0,\"publisher\":{\"@id\":\"https:\\\/\\\/www.lesentrepreteurs.com\\\/blog\\\/#organization\"},\"image\":{\"@id\":\"https:\\\/\\\/www.lesentrepreteurs.com\\\/blog\\\/made-in-92-pret-pour-la-grand-aventure\\\/#primaryimage\"},\"thumbnailUrl\":\"https:\\\/\\\/www.lesentrepreteurs.com\\\/blog\\\/wp-content\\\/uploads\\\/2018\\\/09\\\/blog-made-in2.jpg\",\"articleSection\":[\"Actualit\u00e9s\"],\"inLanguage\":\"fr-FR\"},{\"@type\":\"WebPage\",\"@id\":\"https:\\\/\\\/www.lesentrepreteurs.com\\\/blog\\\/made-in-92-pret-pour-la-grand-aventure\\\/\",\"url\":\"https:\\\/\\\/www.lesentrepreteurs.com\\\/blog\\\/made-in-92-pret-pour-la-grand-aventure\\\/\",\"name\":\"Ev\u00e9nement - Made in 92 : pr\u00eat pour la grande aventure\",\"isPartOf\":{\"@id\":\"https:\\\/\\\/www.lesentrepreteurs.com\\\/blog\\\/#website\"},\"primaryImageOfPage\":{\"@id\":\"https:\\\/\\\/www.lesentrepreteurs.com\\\/blog\\\/made-in-92-pret-pour-la-grand-aventure\\\/#primaryimage\"},\"image\":{\"@id\":\"https:\\\/\\\/www.lesentrepreteurs.com\\\/blog\\\/made-in-92-pret-pour-la-grand-aventure\\\/#primaryimage\"},\"thumbnailUrl\":\"https:\\\/\\\/www.lesentrepreteurs.com\\\/blog\\\/wp-content\\\/uploads\\\/2018\\\/09\\\/blog-made-in2.jpg\",\"datePublished\":\"2018-09-07T08:58:40+00:00\",\"description\":\"Les Entrepr\u00eateurs soutiennent Made in 92, le concours des jeunes entreprises des Hauts-de-Seine, organis\u00e9 par la CCI 92.\",\"breadcrumb\":{\"@id\":\"https:\\\/\\\/www.lesentrepreteurs.com\\\/blog\\\/made-in-92-pret-pour-la-grand-aventure\\\/#breadcrumb\"},\"inLanguage\":\"fr-FR\",\"potentialAction\":[{\"@type\":\"ReadAction\",\"target\":[\"https:\\\/\\\/www.lesentrepreteurs.com\\\/blog\\\/made-in-92-pret-pour-la-grand-aventure\\\/\"]}]},{\"@type\":\"ImageObject\",\"inLanguage\":\"fr-FR\",\"@id\":\"https:\\\/\\\/www.lesentrepreteurs.com\\\/blog\\\/made-in-92-pret-pour-la-grand-aventure\\\/#primaryimage\",\"url\":\"https:\\\/\\\/www.lesentrepreteurs.com\\\/blog\\\/wp-content\\\/uploads\\\/2018\\\/09\\\/blog-made-in2.jpg\",\"contentUrl\":\"https:\\\/\\\/www.lesentrepreteurs.com\\\/blog\\\/wp-content\\\/uploads\\\/2018\\\/09\\\/blog-made-in2.jpg\",\"width\":800,\"height\":480},{\"@type\":\"BreadcrumbList\",\"@id\":\"https:\\\/\\\/www.lesentrepreteurs.com\\\/blog\\\/made-in-92-pret-pour-la-grand-aventure\\\/#breadcrumb\",\"itemListElement\":[{\"@type\":\"ListItem\",\"position\":1,\"name\":\"Accueil\",\"item\":\"https:\\\/\\\/www.lesentrepreteurs.com\\\/blog\\\/\"},{\"@type\":\"ListItem\",\"position\":2,\"name\":\"Made in 92 : pr\u00eat pour la grande aventure\"}]},{\"@type\":\"WebSite\",\"@id\":\"https:\\\/\\\/www.lesentrepreteurs.com\\\/blog\\\/#website\",\"url\":\"https:\\\/\\\/www.lesentrepreteurs.com\\\/blog\\\/\",\"name\":\"Entre-nous, le blog des Entrepr\u00eateurs\",\"description\":\"Entre nous - Le blog des Entrepr\u00eateurs\",\"publisher\":{\"@id\":\"https:\\\/\\\/www.lesentrepreteurs.com\\\/blog\\\/#organization\"},\"potentialAction\":[{\"@type\":\"SearchAction\",\"target\":{\"@type\":\"EntryPoint\",\"urlTemplate\":\"https:\\\/\\\/www.lesentrepreteurs.com\\\/blog\\\/?s={search_term_string}\"},\"query-input\":{\"@type\":\"PropertyValueSpecification\",\"valueRequired\":true,\"valueName\":\"search_term_string\"}}],\"inLanguage\":\"fr-FR\"},{\"@type\":\"Organization\",\"@id\":\"https:\\\/\\\/www.lesentrepreteurs.com\\\/blog\\\/#organization\",\"name\":\"Le blog de la plateforme de financement\",\"url\":\"https:\\\/\\\/www.lesentrepreteurs.com\\\/blog\\\/\",\"logo\":{\"@type\":\"ImageObject\",\"inLanguage\":\"fr-FR\",\"@id\":\"https:\\\/\\\/www.lesentrepreteurs.com\\\/blog\\\/#\\\/schema\\\/logo\\\/image\\\/\",\"url\":\"https:\\\/\\\/www.lesentrepreteurs.com\\\/blog\\\/wp-content\\\/uploads\\\/2025\\\/10\\\/cropped-Logo_blog_ok.png\",\"contentUrl\":\"https:\\\/\\\/www.lesentrepreteurs.com\\\/blog\\\/wp-content\\\/uploads\\\/2025\\\/10\\\/cropped-Logo_blog_ok.png\",\"width\":300,\"height\":78,\"caption\":\"Le blog de la plateforme de financement\"},\"image\":{\"@id\":\"https:\\\/\\\/www.lesentrepreteurs.com\\\/blog\\\/#\\\/schema\\\/logo\\\/image\\\/\"},\"sameAs\":[\"https:\\\/\\\/www.facebook.com\\\/lesentrepreteurs?locale=fr_FR\",\"https:\\\/\\\/x.com\\\/entrepreteurs\",\"https:\\\/\\\/www.linkedin.com\\\/company\\\/9209775\\\/admin\\\/feed\\\/posts\\\/\"]},{\"@type\":\"Person\",\"@id\":\"https:\\\/\\\/www.lesentrepreteurs.com\\\/blog\\\/#\\\/schema\\\/person\\\/1169e54541625b8d3de4b8cc8b65ad44\",\"name\":\"Marc-Antoine\",\"sameAs\":[\"https:\\\/\\\/www.lesentrepreteurs.com\\\/blog\"],\"url\":\"https:\\\/\\\/www.lesentrepreteurs.com\\\/blog\\\/author\\\/mvanheems\\\/\"}]}<\/script>\n<!-- \/ Yoast SEO plugin. -->","yoast_head_json":{"title":"Ev\u00e9nement - Made in 92 : pr\u00eat pour la grande aventure","description":"Les Entrepr\u00eateurs soutiennent Made in 92, le concours des jeunes entreprises des Hauts-de-Seine, organis\u00e9 par la CCI 92.","robots":{"index":"index","follow":"follow","max-snippet":"max-snippet:-1","max-image-preview":"max-image-preview:large","max-video-preview":"max-video-preview:-1"},"canonical":"https:\/\/www.lesentrepreteurs.com\/blog\/made-in-92-pret-pour-la-grand-aventure\/","og_locale":"fr_FR","og_type":"article","og_title":"Ev\u00e9nement - Made in 92 : pr\u00eat pour la grande aventure","og_description":"Les Entrepr\u00eateurs soutiennent Made in 92, le concours des jeunes entreprises des Hauts-de-Seine, organis\u00e9 par la CCI 92.","og_url":"https:\/\/www.lesentrepreteurs.com\/blog\/made-in-92-pret-pour-la-grand-aventure\/","og_site_name":"Le blog de la plateforme de financement","article_publisher":"https:\/\/www.facebook.com\/lesentrepreteurs?locale=fr_FR","article_published_time":"2018-09-07T08:58:40+00:00","og_image":[{"width":800,"height":480,"url":"https:\/\/www.lesentrepreteurs.com\/blog\/wp-content\/uploads\/2018\/09\/blog-made-in2.jpg","type":"image\/jpeg"}],"author":"Marc-Antoine","twitter_card":"summary_large_image","twitter_creator":"@entrepreteurs","twitter_site":"@entrepreteurs","twitter_misc":{"\u00c9crit par":"Marc-Antoine","Dur\u00e9e de lecture estim\u00e9e":"2 minutes"},"schema":{"@context":"https:\/\/schema.org","@graph":[{"@type":"Article","@id":"https:\/\/www.lesentrepreteurs.com\/blog\/made-in-92-pret-pour-la-grand-aventure\/#article","isPartOf":{"@id":"https:\/\/www.lesentrepreteurs.com\/blog\/made-in-92-pret-pour-la-grand-aventure\/"},"author":{"name":"Marc-Antoine","@id":"https:\/\/www.lesentrepreteurs.com\/blog\/#\/schema\/person\/1169e54541625b8d3de4b8cc8b65ad44"},"headline":"Made in 92 : pr\u00eat pour la grande aventure","datePublished":"2018-09-07T08:58:40+00:00","mainEntityOfPage":{"@id":"https:\/\/www.lesentrepreteurs.com\/blog\/made-in-92-pret-pour-la-grand-aventure\/"},"wordCount":297,"commentCount":0,"publisher":{"@id":"https:\/\/www.lesentrepreteurs.com\/blog\/#organization"},"image":{"@id":"https:\/\/www.lesentrepreteurs.com\/blog\/made-in-92-pret-pour-la-grand-aventure\/#primaryimage"},"thumbnailUrl":"https:\/\/www.lesentrepreteurs.com\/blog\/wp-content\/uploads\/2018\/09\/blog-made-in2.jpg","articleSection":["Actualit\u00e9s"],"inLanguage":"fr-FR"},{"@type":"WebPage","@id":"https:\/\/www.lesentrepreteurs.com\/blog\/made-in-92-pret-pour-la-grand-aventure\/","url":"https:\/\/www.lesentrepreteurs.com\/blog\/made-in-92-pret-pour-la-grand-aventure\/","name":"Ev\u00e9nement - Made in 92 : pr\u00eat pour la grande aventure","isPartOf":{"@id":"https:\/\/www.lesentrepreteurs.com\/blog\/#website"},"primaryImageOfPage":{"@id":"https:\/\/www.lesentrepreteurs.com\/blog\/made-in-92-pret-pour-la-grand-aventure\/#primaryimage"},"image":{"@id":"https:\/\/www.lesentrepreteurs.com\/blog\/made-in-92-pret-pour-la-grand-aventure\/#primaryimage"},"thumbnailUrl":"https:\/\/www.lesentrepreteurs.com\/blog\/wp-content\/uploads\/2018\/09\/blog-made-in2.jpg","datePublished":"2018-09-07T08:58:40+00:00","description":"Les Entrepr\u00eateurs soutiennent Made in 92, le concours des jeunes entreprises des Hauts-de-Seine, organis\u00e9 par la CCI 92.","breadcrumb":{"@id":"https:\/\/www.lesentrepreteurs.com\/blog\/made-in-92-pret-pour-la-grand-aventure\/#breadcrumb"},"inLanguage":"fr-FR","potentialAction":[{"@type":"ReadAction","target":["https:\/\/www.lesentrepreteurs.com\/blog\/made-in-92-pret-pour-la-grand-aventure\/"]}]},{"@type":"ImageObject","inLanguage":"fr-FR","@id":"https:\/\/www.lesentrepreteurs.com\/blog\/made-in-92-pret-pour-la-grand-aventure\/#primaryimage","url":"https:\/\/www.lesentrepreteurs.com\/blog\/wp-content\/uploads\/2018\/09\/blog-made-in2.jpg","contentUrl":"https:\/\/www.lesentrepreteurs.com\/blog\/wp-content\/uploads\/2018\/09\/blog-made-in2.jpg","width":800,"height":480},{"@type":"BreadcrumbList","@id":"https:\/\/www.lesentrepreteurs.com\/blog\/made-in-92-pret-pour-la-grand-aventure\/#breadcrumb","itemListElement":[{"@type":"ListItem","position":1,"name":"Accueil","item":"https:\/\/www.lesentrepreteurs.com\/blog\/"},{"@type":"ListItem","position":2,"name":"Made in 92 : pr\u00eat pour la grande aventure"}]},{"@type":"WebSite","@id":"https:\/\/www.lesentrepreteurs.com\/blog\/#website","url":"https:\/\/www.lesentrepreteurs.com\/blog\/","name":"Entre-nous, le blog des Entrepr\u00eateurs","description":"Entre nous - Le blog des Entrepr\u00eateurs","publisher":{"@id":"https:\/\/www.lesentrepreteurs.com\/blog\/#organization"},"potentialAction":[{"@type":"SearchAction","target":{"@type":"EntryPoint","urlTemplate":"https:\/\/www.lesentrepreteurs.com\/blog\/?s={search_term_string}"},"query-input":{"@type":"PropertyValueSpecification","valueRequired":true,"valueName":"search_term_string"}}],"inLanguage":"fr-FR"},{"@type":"Organization","@id":"https:\/\/www.lesentrepreteurs.com\/blog\/#organization","name":"Le blog de la plateforme de financement","url":"https:\/\/www.lesentrepreteurs.com\/blog\/","logo":{"@type":"ImageObject","inLanguage":"fr-FR","@id":"https:\/\/www.lesentrepreteurs.com\/blog\/#\/schema\/logo\/image\/","url":"https:\/\/www.lesentrepreteurs.com\/blog\/wp-content\/uploads\/2025\/10\/cropped-Logo_blog_ok.png","contentUrl":"https:\/\/www.lesentrepreteurs.com\/blog\/wp-content\/uploads\/2025\/10\/cropped-Logo_blog_ok.png","width":300,"height":78,"caption":"Le blog de la plateforme de financement"},"image":{"@id":"https:\/\/www.lesentrepreteurs.com\/blog\/#\/schema\/logo\/image\/"},"sameAs":["https:\/\/www.facebook.com\/lesentrepreteurs?locale=fr_FR","https:\/\/x.com\/entrepreteurs","https:\/\/www.linkedin.com\/company\/9209775\/admin\/feed\/posts\/"]},{"@type":"Person","@id":"https:\/\/www.lesentrepreteurs.com\/blog\/#\/schema\/person\/1169e54541625b8d3de4b8cc8b65ad44","name":"Marc-Antoine","sameAs":["https:\/\/www.lesentrepreteurs.com\/blog"],"url":"https:\/\/www.lesentrepreteurs.com\/blog\/author\/mvanheems\/"}]}},"_links":{"self":[{"href":"https:\/\/www.lesentrepreteurs.com\/blog\/wp-json\/wp\/v2\/posts\/1367","targetHints":{"allow":["GET"]}}],"collection":[{"href":"https:\/\/www.lesentrepreteurs.com\/blog\/wp-json\/wp\/v2\/posts"}],"about":[{"href":"https:\/\/www.lesentrepreteurs.com\/blog\/wp-json\/wp\/v2\/types\/post"}],"author":[{"embeddable":true,"href":"https:\/\/www.lesentrepreteurs.com\/blog\/wp-json\/wp\/v2\/users\/1"}],"replies":[{"embeddable":true,"href":"https:\/\/www.lesentrepreteurs.com\/blog\/wp-json\/wp\/v2\/comments?post=1367"}],"version-history":[{"count":0,"href":"https:\/\/www.lesentrepreteurs.com\/blog\/wp-json\/wp\/v2\/posts\/1367\/revisions"}],"wp:featuredmedia":[{"embeddable":true,"href":"https:\/\/www.lesentrepreteurs.com\/blog\/wp-json\/wp\/v2\/media\/1469"}],"wp:attachment":[{"href":"https:\/\/www.lesentrepreteurs.com\/blog\/wp-json\/wp\/v2\/media?parent=1367"}],"wp:term":[{"taxonomy":"category","embeddable":true,"href":"https:\/\/www.lesentrepreteurs.com\/blog\/wp-json\/wp\/v2\/categories?post=1367"},{"taxonomy":"post_tag","embeddable":true,"href":"https:\/\/www.lesentrepreteurs.com\/blog\/wp-json\/wp\/v2\/tags?post=1367"}],"curies":[{"name":"wp","href":"https:\/\/api.w.org\/{rel}","templated":true}]}}