{"id":1482,"date":"2018-10-17T12:47:51","date_gmt":"2018-10-17T10:47:51","guid":{"rendered":"http:\/\/blog.lesentrepreteurs.com\/?p=1482"},"modified":"2018-10-17T12:47:51","modified_gmt":"2018-10-17T10:47:51","slug":"rencontre-entre-preteurs-1-a-la-decouverte-du-girardin-agricole","status":"publish","type":"post","link":"https:\/\/www.lesentrepreteurs.com\/blog\/rencontre-entre-preteurs-1-a-la-decouverte-du-girardin-agricole\/","title":{"rendered":"[Rencontre Entre-pr\u00eateurs #1] A la d\u00e9couverte du Girardin Agricole"},"content":{"rendered":"<p>Beaucoup de nouveaut\u00e9s ont \u00e9t\u00e9 d\u00e9voil\u00e9es sur le mois de Septembre notamment avec le lancement de nos plateformes en marque blanche.<\/p>\n<p>Nous avons souhait\u00e9 cr\u00e9er des moments d&rsquo;\u00e9changes avec nos investisseurs et nos porteurs de projets via une s\u00e9rie d\u2019\u00e9v\u00e9nements en petit comit\u00e9 directement dans nos locaux &#8211; Rue la bo\u00e9tie 75008 Paris.<\/p>\n<p>Cette premi\u00e8re rencontre \u00ab\u00a0Entre-pr\u00eateurs\u00a0\u00bb portait sur le th\u00e8me du dispositif Girardin suite au lancement de domcomagricole.fr, la premi\u00e8re plateforme de financement d\u00e9di\u00e9e au Girardin Agricole propuls\u00e9e par les Entrepr\u00eateurs.<\/p>\n<p>Un moment d&rsquo;\u00e9change pour expliquer le fonctionnement de cette plateforme et la description du dispositif Girardin Agricole.<\/p>\n<p>Vous pouvez retrouver ci-dessous les slides de la pr\u00e9sentation, n&rsquo;h\u00e9sitez pas \u00e0 nous contacter si vous souhaitez des informations compl\u00e9mentaires.<\/p>\n<p>[slideshare id=119731189&amp;doc=presentationgirardin-181017095319]<\/p>\n<p><img loading=\"lazy\" decoding=\"async\" class=\"alignnone size-full wp-image-1484\" src=\"https:\/\/blog.lesentrepreteurs.com\/wp-content\/uploads\/2018\/10\/marco_charlotte.jpg\" alt=\"marco_charlotte\" width=\"800\" height=\"505\" srcset=\"https:\/\/www.lesentrepreteurs.com\/blog\/wp-content\/uploads\/2018\/10\/marco_charlotte.jpg 800w, https:\/\/www.lesentrepreteurs.com\/blog\/wp-content\/uploads\/2018\/10\/marco_charlotte-300x189.jpg 300w, https:\/\/www.lesentrepreteurs.com\/blog\/wp-content\/uploads\/2018\/10\/marco_charlotte-768x485.jpg 768w\" sizes=\"auto, (max-width: 800px) 100vw, 800px\" \/><\/p>\n<p><em>Marc-Antoine Van Heems, co-fondateur des Entrepr\u00eateurs et Charlotte Ladri\u00e8re, g\u00e9rante de DOM COM Invest notre partenaire experte du dispositif.&nbsp;<\/em><\/p>\n<div style=\"width: 600px;\">\n<p class=\"uk-text-justify uk-nbfc uk-margin \">Marc-Antoine Vanheems Co-fondateur des Entrepr\u00eateurs #entrepreteurs PR\u00c9SENTATION DE LA PLATEFORME Avec<\/p>\n<p class=\"uk-text-justify uk-nbfc uk-margin \"><span class=\"uk-badge uk-margin-small-right\"><a class=\"image_link uk-text-large uk-margin-small-left uk-margin-small-right\" title=\"#entrepreteurs Plateforme de financement pour les TPE-PME fran\u00e7aises\" href=\"https:\/\/images.slideplayer.fr\/89\/14234500\/slides\/slide_2.jpg\" target=\"_blank\" rel=\"noopener noreferrer\">2<\/a><\/span>&nbsp;#entrepreteurs Plateforme de financement pour les TPE-PME fran\u00e7aises<\/p>\n<p class=\"uk-text-justify uk-nbfc uk-margin \"><span class=\"uk-badge uk-margin-small-right\"><a class=\"image_link uk-text-large uk-margin-small-left uk-margin-small-right\" title=\"\" href=\"https:\/\/images.slideplayer.fr\/89\/14234500\/slides\/slide_3.jpg\" target=\"_blank\" rel=\"noopener noreferrer\">3<\/a><\/span>&nbsp;www.lesentrepreteurs.com<\/p>\n<p class=\"uk-text-justify uk-nbfc uk-margin \"><span class=\"uk-badge uk-margin-small-right\"><a class=\"image_link uk-text-large uk-margin-small-left uk-margin-small-right\" title=\"ACTION S Innovat ion march\u00e9 MINIBONS OBLIGATIONS Partenariat strat\u00e9gique PR\u00caT Fond d\u2019investissement - Business Angels - Personnes morales et physiques Op\u00e9r\u00e9e \u00e0 100% par les Entrepr\u00eateurs Marque blanche\" href=\"https:\/\/images.slideplayer.fr\/89\/14234500\/slides\/slide_5.jpg\" target=\"_blank\" rel=\"noopener noreferrer\">5<\/a><\/span>&nbsp;ACTIONS \/ Innovation march\u00e9 \/ MINIBONS \/ OBLIGATIONS \/ Partenariat strat\u00e9gique \/&nbsp; PR\u00caT \/ Fond d\u2019investissement \/ Business Angels \/ Personnes morales et physiques \/ Op\u00e9r\u00e9e \u00e0 100% par les Entrepr\u00eateurs \/ Marque blanche<\/p>\n<p class=\"uk-text-justify uk-nbfc uk-margin \"><span class=\"uk-badge uk-margin-small-right\"><a class=\"image_link uk-text-large uk-margin-small-left uk-margin-small-right\" title=\"#domcomagricole Plateforme de financement d\u00e9di\u00e9e au dispositif Girardin Agricole\" href=\"https:\/\/images.slideplayer.fr\/89\/14234500\/slides\/slide_6.jpg\" target=\"_blank\" rel=\"noopener noreferrer\">6<\/a><\/span>&nbsp;#domcomagricole Plateforme de financement d\u00e9di\u00e9e au dispositif Girardin Agricole<\/p>\n<p class=\"uk-text-justify uk-nbfc uk-margin \"><span class=\"uk-badge uk-margin-small-right\"><a class=\"image_link uk-text-large uk-margin-small-left uk-margin-small-right\" title=\"\" href=\"https:\/\/images.slideplayer.fr\/89\/14234500\/slides\/slide_7.jpg\" target=\"_blank\" rel=\"noopener noreferrer\">7<\/a><\/span>&nbsp;www.domcomagricole.fr<\/p>\n<p class=\"uk-text-justify uk-nbfc uk-margin \"><span class=\"uk-badge uk-margin-small-right\"><a class=\"image_link uk-text-large uk-margin-small-left uk-margin-small-right\" title=\"LE DISPOSITIF GIRARDIN AGRICOLE Une solution fiscale performante pour optimiser sa r\u00e9duction d\u2019imp\u00f4t disponible\" href=\"https:\/\/images.slideplayer.fr\/89\/14234500\/slides\/slide_8.jpg\" target=\"_blank\" rel=\"noopener noreferrer\">8<\/a><\/span>&nbsp;LE DISPOSITIF GIRARDIN AGRICOLE &#8211; Une solution fiscale performante pour optimiser sa r\u00e9duction d\u2019imp\u00f4t disponible<\/p>\n<p class=\"uk-text-justify uk-nbfc uk-margin \"><span class=\"uk-badge uk-margin-small-right\"><a class=\"image_link uk-text-large uk-margin-small-left uk-margin-small-right\" title=\"Origine de l\u2019aide fiscale \u00e0 l\u2019investissement Outre-Mer.\" href=\"https:\/\/images.slideplayer.fr\/89\/14234500\/slides\/slide_9.jpg\" target=\"_blank\" rel=\"noopener noreferrer\">9<\/a><\/span>&nbsp;1951 &#8211; Origine de l\u2019aide fiscale \u00e0 l\u2019investissement Outre-Mer. 1986 &#8211; Mise en place la loi de d\u00e9fiscalisation dite \u00ab loi Pons \u00bb, permettant a des contribuables de leur revenu le montant des investissements r\u00e9alis\u00e9s en outre-mer. 2001 &#8211; L a loi est modifi\u00e9e et remplac\u00e9e par la \u00ab loi Paul \u00bb permettant \u00e0 un plus grand nombre de contribuables d\u2019utiliser ce dispositif avec un m\u00e9canisme de r\u00e9duction d\u2019imp\u00f4ts. 2003 &#8211; La loi a \u00e9t\u00e9 r\u00e9vis\u00e9e dans le cadre de la loi de programme pour l\u2019Outre-Mer appel\u00e9e \u00ab loi Girardin \u00bb visant \u00e0 soutenir durablement le d\u00e9veloppement \u00e9conomique du secteur ultramarin<\/p>\n<p class=\"uk-text-justify uk-nbfc uk-margin \"><span class=\"uk-badge uk-margin-small-right\"><a class=\"image_link uk-text-large uk-margin-small-left uk-margin-small-right\" title=\"OBJECTIF Affecter son imp\u00f4t au financement d\u2019investissements productifs Outre-Mer en \u00e9change d\u2019un gain fiscal.\" href=\"https:\/\/images.slideplayer.fr\/89\/14234500\/slides\/slide_10.jpg\" target=\"_blank\" rel=\"noopener noreferrer\">10<\/a><\/span>&nbsp;OBJECTIF &#8211; Affecter son imp\u00f4t au financement d\u2019investissements productifs Outre-Mer en \u00e9change d\u2019un gain fiscal. &#8211; 30% Pour les exploitants ultramarins qui b\u00e9n\u00e9ficient d\u2019une diminution du prix de revient de leurs investissements d\u2019environ 30%. Pour les contribuables qui b\u00e9n\u00e9ficient d\u2019une r\u00e9duction d\u2019imp\u00f4ts en ann\u00e9e N+1 repr\u00e9sentant environ 120% de l\u2019apport financier r\u00e9alis\u00e9 \u00e0 fonds perdus. 120%<\/p>\n<p class=\"uk-text-justify uk-nbfc uk-margin \"><span class=\"uk-badge uk-margin-small-right\"><a class=\"image_link uk-text-large uk-margin-small-left uk-margin-small-right\" title=\"Accessible \u00e0 partir de 3 000\u20ac D\u2019imp\u00f4ts\" href=\"https:\/\/images.slideplayer.fr\/89\/14234500\/slides\/slide_11.jpg\" target=\"_blank\" rel=\"noopener noreferrer\">11<\/a><\/span>&nbsp;Accessible \u00e0 partir de 3 000\u20ac D\u2019imp\u00f4ts<\/p>\n<p class=\"uk-text-justify uk-nbfc uk-margin \"><span class=\"uk-badge uk-margin-small-right\"><a class=\"image_link uk-text-large uk-margin-small-left uk-margin-small-right\" title=\"7,5% population agricole 4500 exploitations agricoles 20% d\u2019exploitations agricoles suppl\u00e9mentaires en 10 ans X2 objectif de doublement de la surface utile agricole dans les 5 ans\" href=\"https:\/\/images.slideplayer.fr\/89\/14234500\/slides\/slide_12.jpg\" target=\"_blank\" rel=\"noopener noreferrer\">12<\/a><\/span>&nbsp;7,5% population agricole &#8211; 4500 exploitations agricoles &#8211; 20% d\u2019exploitations agricoles suppl\u00e9mentaires en 10 ans-&nbsp; X2 objectif de doublement de la surface utile agricole dans les 5 ans<\/p>\n<p class=\"uk-text-justify uk-nbfc uk-margin \"><span class=\"uk-badge uk-margin-small-right\"><a class=\"image_link uk-text-large uk-margin-small-left uk-margin-small-right\" title=\"Les Hmong, un exemple d\u2019int\u00e9gration r\u00e9ussie Une population install\u00e9e en Guyane \u00e0 la fin des ann\u00e9es 70 Un objectif : aider \u00e0 repeupler la Guyane et d\u00e9velopper l\u2019agriculture Aujourd\u2019hui, la population est de habitants, avec un doublement attendu dans les 25 ans Les Hmong, repr\u00e9sentent environ 2000 habitants et sont devenus les premiers producteurs de fruits et l\u00e9gumes de la Guyane\" href=\"https:\/\/images.slideplayer.fr\/89\/14234500\/slides\/slide_13.jpg\" target=\"_blank\" rel=\"noopener noreferrer\">13<\/a><\/span>&nbsp;Les Hmong, un exemple d\u2019int\u00e9gration r\u00e9ussie &#8211; Une population install\u00e9e en Guyane \u00e0 la fin des ann\u00e9es 70 &#8211; Un objectif : aider \u00e0 repeupler la Guyane et d\u00e9velopper l\u2019agriculture Aujourd\u2019hui, la population est de 255.000 habitants, avec un doublement attendu dans les 25 ans &#8211; Les Hmong, repr\u00e9sentent environ 2000 habitants et sont devenus les premiers producteurs de fruits et l\u00e9gumes de la Guyane<\/p>\n<p class=\"uk-text-justify uk-nbfc uk-margin \"><span class=\"uk-badge uk-margin-small-right\"><a class=\"image_link uk-text-large uk-margin-small-left uk-margin-small-right\" title=\"Le Girardin Agricole finance exclusivement des am\u00e9liorations fonci\u00e8res indispensables au d\u00e9veloppement de l\u2019agriculture guyanaise La cr\u00e9ation de dessertes agricoles La cr\u00e9ation de canaux La cr\u00e9ation de p\u00e2tures\" href=\"https:\/\/images.slideplayer.fr\/89\/14234500\/slides\/slide_14.jpg\" target=\"_blank\" rel=\"noopener noreferrer\">14<\/a><\/span>&nbsp;Le Girardin Agricole finance exclusivement des am\u00e9liorations fonci\u00e8res indispensables au d\u00e9veloppement de l\u2019agriculture guyanaise La cr\u00e9ation de dessertes agricoles La cr\u00e9ation de canaux La cr\u00e9ation de p\u00e2tures<\/p>\n<p class=\"uk-text-justify uk-nbfc uk-margin \"><span class=\"uk-badge uk-margin-small-right\"><a class=\"image_link uk-text-large uk-margin-small-left uk-margin-small-right\" title=\"AGRICOLE INDUSTRIEL GIRARDIN Le Girardin Agricole propose aujourd\u2019hui un encadrement des risques d\u2019exploitation et une s\u00e9curit\u00e9 juridique, des avantages concurrentiels uniques sur le march\u00e9 compar\u00e9s au Girardin Industriel\" href=\"https:\/\/images.slideplayer.fr\/89\/14234500\/slides\/slide_15.jpg\" target=\"_blank\" rel=\"noopener noreferrer\">15<\/a><\/span>&nbsp;AGRICOLE INDUSTRIEL GIRARDIN Le Girardin Agricole propose aujourd\u2019hui un encadrement des risques d\u2019exploitation et une s\u00e9curit\u00e9 juridique, des avantages concurrentiels uniques sur le march\u00e9 compar\u00e9s au Girardin Industriel<\/p>\n<p class=\"uk-text-justify uk-nbfc uk-margin \"><span class=\"uk-badge uk-margin-small-right\"><a class=\"image_link uk-text-large uk-margin-small-left uk-margin-small-right\" title=\"1.Structuration en SAS limitant la responsabilit\u00e9 des associ\u00e9s \u00e0 leur apport et leur \u00e9vitant les contraintes du r\u00e9gime des associ\u00e9s des SNC Girardin Industriel 2.Co-financement r\u00e9alis\u00e9 par l\u2019exploitant qui engage sa responsabilit\u00e9 sur la bonne fin de l\u2019op\u00e9ration dans un rapport gagnant \/ gagnant avec les investisseurs 3.Garanties r\u00e9glementaires et juridiques assorties de validations juridiques et fiscales uniques sur le march\u00e9, sans co\u00fbts suppl\u00e9mentaires\" href=\"https:\/\/images.slideplayer.fr\/89\/14234500\/slides\/slide_16.jpg\" target=\"_blank\" rel=\"noopener noreferrer\">16<\/a><\/span>&nbsp;1.Structuration en SAS limitant la responsabilit\u00e9 des associ\u00e9s \u00e0 leur apport et leur \u00e9vitant les contraintes du r\u00e9gime des associ\u00e9s des SNC Girardin Industriel 2.Co-financement r\u00e9alis\u00e9 par l\u2019exploitant qui engage sa responsabilit\u00e9 sur la bonne fin de l\u2019op\u00e9ration dans un rapport gagnant \/ gagnant avec les investisseurs 3.Garanties r\u00e9glementaires et juridiques assorties de validations juridiques et fiscales uniques sur le march\u00e9, sans co\u00fbts suppl\u00e9mentaires<\/p>\n<p class=\"uk-text-justify uk-nbfc uk-margin \"><span class=\"uk-badge uk-margin-small-right\"><a class=\"image_link uk-text-large uk-margin-small-left uk-margin-small-right\" title=\"4.Investissements p\u00e9rennes et utiles \u00e0 l\u2019agriculture ultramarine 5.Risque d\u2019exploitation ma\u00eetris\u00e9 qui permet d\u2019anticiper toute difficult\u00e9 de relocation \u00e9ventuelle 6.Implication forte de la direction op\u00e9rationnelle de la mise en place jusqu\u2019\u00e0 la sortie des investisseurs\" href=\"https:\/\/images.slideplayer.fr\/89\/14234500\/slides\/slide_17.jpg\" target=\"_blank\" rel=\"noopener noreferrer\">17<\/a><\/span>&nbsp;4.Investissements p\u00e9rennes et utiles \u00e0 l\u2019agriculture ultramarine 5.Risque d\u2019exploitation ma\u00eetris\u00e9 qui permet d\u2019anticiper toute difficult\u00e9 de relocation \u00e9ventuelle 6.Implication forte de la direction op\u00e9rationnelle de la mise en place jusqu\u2019\u00e0 la sortie des investisseurs<\/p>\n<p class=\"uk-text-justify uk-nbfc uk-margin \"><span class=\"uk-badge uk-margin-small-right\"><a class=\"image_link uk-text-large uk-margin-small-left uk-margin-small-right\" title=\"130M\u20ac de travaux d\u2019infrastructures financ\u00e9s Depuis % Financement d\u2019am\u00e9liorations fonci\u00e8res temporaires Investissements valid\u00e9s par le minist\u00e8re des finances en 2011, 2012 et par rescrit fiscal en ao\u00fbt 2016 et f\u00e9vrier 2017.\" href=\"https:\/\/images.slideplayer.fr\/89\/14234500\/slides\/slide_18.jpg\" target=\"_blank\" rel=\"noopener noreferrer\">18<\/a><\/span>&nbsp;130M\u20ac de travaux d\u2019infrastructures financ\u00e9s Depuis 2011 100% Financement d\u2019am\u00e9liorations fonci\u00e8res temporaires Investissements valid\u00e9s par le minist\u00e8re des finances en 2011, 2012 et par rescrit fiscal en ao\u00fbt 2016 et f\u00e9vrier 2017.<\/p>\n<\/div>\n","protected":false},"excerpt":{"rendered":"<p>Beaucoup de nouveaut\u00e9s ont \u00e9t\u00e9 d\u00e9voil\u00e9es sur le mois de Septembre notamment avec le lancement de nos plateformes en marque blanche. Nous avons souhait\u00e9 cr\u00e9er des moments d&rsquo;\u00e9changes avec nos investisseurs et nos porteurs de projets via une s\u00e9rie d\u2019\u00e9v\u00e9nements en petit comit\u00e9 directement dans nos locaux &#8211; Rue la bo\u00e9tie 75008 Paris. Cette premi\u00e8re [&hellip;]<\/p>\n","protected":false},"author":1,"featured_media":1483,"comment_status":"open","ping_status":"open","sticky":false,"template":"","format":"standard","meta":{"footnotes":""},"categories":[3],"tags":[],"class_list":["post-1482","post","type-post","status-publish","format-standard","has-post-thumbnail","hentry","category-dispositif-girardin"],"yoast_head":"<!-- This site is optimized with the Yoast SEO plugin v27.3 - https:\/\/yoast.com\/product\/yoast-seo-wordpress\/ -->\n<title>[Rencontre Entre-pr\u00eateurs #1] A la d\u00e9couverte du Girardin Agricole<\/title>\n<meta name=\"description\" content=\"&quot;Entre-pr\u00eateurs&quot; - Les porteurs de projets rencontrent lees investisseurs. Th\u00e9me pour cette premi\u00e8re \u00e9dition le dispositif Girardin Agricole.\" \/>\n<meta name=\"robots\" content=\"index, follow, max-snippet:-1, max-image-preview:large, max-video-preview:-1\" \/>\n<link rel=\"canonical\" href=\"https:\/\/www.lesentrepreteurs.com\/blog\/rencontre-entre-preteurs-1-a-la-decouverte-du-girardin-agricole\/\" \/>\n<meta property=\"og:locale\" content=\"fr_FR\" \/>\n<meta property=\"og:type\" content=\"article\" \/>\n<meta property=\"og:title\" content=\"[Rencontre Entre-pr\u00eateurs #1] A la d\u00e9couverte du Girardin Agricole\" \/>\n<meta property=\"og:description\" content=\"&quot;Entre-pr\u00eateurs&quot; - Les porteurs de projets rencontrent lees investisseurs. Th\u00e9me pour cette premi\u00e8re \u00e9dition le dispositif Girardin Agricole.\" \/>\n<meta property=\"og:url\" content=\"https:\/\/www.lesentrepreteurs.com\/blog\/rencontre-entre-preteurs-1-a-la-decouverte-du-girardin-agricole\/\" \/>\n<meta property=\"og:site_name\" content=\"Le blog de la plateforme de financement\" \/>\n<meta property=\"article:publisher\" content=\"https:\/\/www.facebook.com\/lesentrepreteurs?locale=fr_FR\" \/>\n<meta property=\"article:published_time\" content=\"2018-10-17T10:47:51+00:00\" \/>\n<meta property=\"og:image\" content=\"https:\/\/www.lesentrepreteurs.com\/blog\/wp-content\/uploads\/2018\/10\/photo_girardin.jpg\" \/>\n\t<meta property=\"og:image:width\" content=\"800\" \/>\n\t<meta property=\"og:image:height\" content=\"477\" \/>\n\t<meta property=\"og:image:type\" content=\"image\/jpeg\" \/>\n<meta name=\"author\" content=\"Marc-Antoine\" \/>\n<meta name=\"twitter:card\" content=\"summary_large_image\" \/>\n<meta name=\"twitter:creator\" content=\"@entrepreteurs\" \/>\n<meta name=\"twitter:site\" content=\"@entrepreteurs\" \/>\n<meta name=\"twitter:label1\" content=\"\u00c9crit par\" \/>\n\t<meta name=\"twitter:data1\" content=\"Marc-Antoine\" \/>\n\t<meta name=\"twitter:label2\" content=\"Dur\u00e9e de lecture estim\u00e9e\" \/>\n\t<meta name=\"twitter:data2\" content=\"4 minutes\" \/>\n<script type=\"application\/ld+json\" class=\"yoast-schema-graph\">{\"@context\":\"https:\\\/\\\/schema.org\",\"@graph\":[{\"@type\":\"Article\",\"@id\":\"https:\\\/\\\/www.lesentrepreteurs.com\\\/blog\\\/rencontre-entre-preteurs-1-a-la-decouverte-du-girardin-agricole\\\/#article\",\"isPartOf\":{\"@id\":\"https:\\\/\\\/www.lesentrepreteurs.com\\\/blog\\\/rencontre-entre-preteurs-1-a-la-decouverte-du-girardin-agricole\\\/\"},\"author\":{\"name\":\"Marc-Antoine\",\"@id\":\"https:\\\/\\\/www.lesentrepreteurs.com\\\/blog\\\/#\\\/schema\\\/person\\\/1169e54541625b8d3de4b8cc8b65ad44\"},\"headline\":\"[Rencontre Entre-pr\u00eateurs #1] A la d\u00e9couverte du Girardin Agricole\",\"datePublished\":\"2018-10-17T10:47:51+00:00\",\"mainEntityOfPage\":{\"@id\":\"https:\\\/\\\/www.lesentrepreteurs.com\\\/blog\\\/rencontre-entre-preteurs-1-a-la-decouverte-du-girardin-agricole\\\/\"},\"wordCount\":765,\"commentCount\":0,\"publisher\":{\"@id\":\"https:\\\/\\\/www.lesentrepreteurs.com\\\/blog\\\/#organization\"},\"image\":{\"@id\":\"https:\\\/\\\/www.lesentrepreteurs.com\\\/blog\\\/rencontre-entre-preteurs-1-a-la-decouverte-du-girardin-agricole\\\/#primaryimage\"},\"thumbnailUrl\":\"https:\\\/\\\/www.lesentrepreteurs.com\\\/blog\\\/wp-content\\\/uploads\\\/2018\\\/10\\\/photo_girardin.jpg\",\"articleSection\":[\"Dispositif Girardin\"],\"inLanguage\":\"fr-FR\"},{\"@type\":\"WebPage\",\"@id\":\"https:\\\/\\\/www.lesentrepreteurs.com\\\/blog\\\/rencontre-entre-preteurs-1-a-la-decouverte-du-girardin-agricole\\\/\",\"url\":\"https:\\\/\\\/www.lesentrepreteurs.com\\\/blog\\\/rencontre-entre-preteurs-1-a-la-decouverte-du-girardin-agricole\\\/\",\"name\":\"[Rencontre Entre-pr\u00eateurs #1] A la d\u00e9couverte du Girardin Agricole\",\"isPartOf\":{\"@id\":\"https:\\\/\\\/www.lesentrepreteurs.com\\\/blog\\\/#website\"},\"primaryImageOfPage\":{\"@id\":\"https:\\\/\\\/www.lesentrepreteurs.com\\\/blog\\\/rencontre-entre-preteurs-1-a-la-decouverte-du-girardin-agricole\\\/#primaryimage\"},\"image\":{\"@id\":\"https:\\\/\\\/www.lesentrepreteurs.com\\\/blog\\\/rencontre-entre-preteurs-1-a-la-decouverte-du-girardin-agricole\\\/#primaryimage\"},\"thumbnailUrl\":\"https:\\\/\\\/www.lesentrepreteurs.com\\\/blog\\\/wp-content\\\/uploads\\\/2018\\\/10\\\/photo_girardin.jpg\",\"datePublished\":\"2018-10-17T10:47:51+00:00\",\"description\":\"\\\"Entre-pr\u00eateurs\\\" - Les porteurs de projets rencontrent lees investisseurs. Th\u00e9me pour cette premi\u00e8re \u00e9dition le dispositif Girardin Agricole.\",\"breadcrumb\":{\"@id\":\"https:\\\/\\\/www.lesentrepreteurs.com\\\/blog\\\/rencontre-entre-preteurs-1-a-la-decouverte-du-girardin-agricole\\\/#breadcrumb\"},\"inLanguage\":\"fr-FR\",\"potentialAction\":[{\"@type\":\"ReadAction\",\"target\":[\"https:\\\/\\\/www.lesentrepreteurs.com\\\/blog\\\/rencontre-entre-preteurs-1-a-la-decouverte-du-girardin-agricole\\\/\"]}]},{\"@type\":\"ImageObject\",\"inLanguage\":\"fr-FR\",\"@id\":\"https:\\\/\\\/www.lesentrepreteurs.com\\\/blog\\\/rencontre-entre-preteurs-1-a-la-decouverte-du-girardin-agricole\\\/#primaryimage\",\"url\":\"https:\\\/\\\/www.lesentrepreteurs.com\\\/blog\\\/wp-content\\\/uploads\\\/2018\\\/10\\\/photo_girardin.jpg\",\"contentUrl\":\"https:\\\/\\\/www.lesentrepreteurs.com\\\/blog\\\/wp-content\\\/uploads\\\/2018\\\/10\\\/photo_girardin.jpg\",\"width\":800,\"height\":477},{\"@type\":\"BreadcrumbList\",\"@id\":\"https:\\\/\\\/www.lesentrepreteurs.com\\\/blog\\\/rencontre-entre-preteurs-1-a-la-decouverte-du-girardin-agricole\\\/#breadcrumb\",\"itemListElement\":[{\"@type\":\"ListItem\",\"position\":1,\"name\":\"Accueil\",\"item\":\"https:\\\/\\\/www.lesentrepreteurs.com\\\/blog\\\/\"},{\"@type\":\"ListItem\",\"position\":2,\"name\":\"[Rencontre Entre-pr\u00eateurs #1] A la d\u00e9couverte du Girardin Agricole\"}]},{\"@type\":\"WebSite\",\"@id\":\"https:\\\/\\\/www.lesentrepreteurs.com\\\/blog\\\/#website\",\"url\":\"https:\\\/\\\/www.lesentrepreteurs.com\\\/blog\\\/\",\"name\":\"Entre-nous, le blog des Entrepr\u00eateurs\",\"description\":\"Entre nous - Le blog des Entrepr\u00eateurs\",\"publisher\":{\"@id\":\"https:\\\/\\\/www.lesentrepreteurs.com\\\/blog\\\/#organization\"},\"potentialAction\":[{\"@type\":\"SearchAction\",\"target\":{\"@type\":\"EntryPoint\",\"urlTemplate\":\"https:\\\/\\\/www.lesentrepreteurs.com\\\/blog\\\/?s={search_term_string}\"},\"query-input\":{\"@type\":\"PropertyValueSpecification\",\"valueRequired\":true,\"valueName\":\"search_term_string\"}}],\"inLanguage\":\"fr-FR\"},{\"@type\":\"Organization\",\"@id\":\"https:\\\/\\\/www.lesentrepreteurs.com\\\/blog\\\/#organization\",\"name\":\"Le blog de la plateforme de financement\",\"url\":\"https:\\\/\\\/www.lesentrepreteurs.com\\\/blog\\\/\",\"logo\":{\"@type\":\"ImageObject\",\"inLanguage\":\"fr-FR\",\"@id\":\"https:\\\/\\\/www.lesentrepreteurs.com\\\/blog\\\/#\\\/schema\\\/logo\\\/image\\\/\",\"url\":\"https:\\\/\\\/www.lesentrepreteurs.com\\\/blog\\\/wp-content\\\/uploads\\\/2025\\\/10\\\/cropped-Logo_blog_ok.png\",\"contentUrl\":\"https:\\\/\\\/www.lesentrepreteurs.com\\\/blog\\\/wp-content\\\/uploads\\\/2025\\\/10\\\/cropped-Logo_blog_ok.png\",\"width\":300,\"height\":78,\"caption\":\"Le blog de la plateforme de financement\"},\"image\":{\"@id\":\"https:\\\/\\\/www.lesentrepreteurs.com\\\/blog\\\/#\\\/schema\\\/logo\\\/image\\\/\"},\"sameAs\":[\"https:\\\/\\\/www.facebook.com\\\/lesentrepreteurs?locale=fr_FR\",\"https:\\\/\\\/x.com\\\/entrepreteurs\",\"https:\\\/\\\/www.linkedin.com\\\/company\\\/9209775\\\/admin\\\/feed\\\/posts\\\/\"]},{\"@type\":\"Person\",\"@id\":\"https:\\\/\\\/www.lesentrepreteurs.com\\\/blog\\\/#\\\/schema\\\/person\\\/1169e54541625b8d3de4b8cc8b65ad44\",\"name\":\"Marc-Antoine\",\"sameAs\":[\"https:\\\/\\\/www.lesentrepreteurs.com\\\/blog\"],\"url\":\"https:\\\/\\\/www.lesentrepreteurs.com\\\/blog\\\/author\\\/mvanheems\\\/\"}]}<\/script>\n<!-- \/ Yoast SEO plugin. -->","yoast_head_json":{"title":"[Rencontre Entre-pr\u00eateurs #1] A la d\u00e9couverte du Girardin Agricole","description":"\"Entre-pr\u00eateurs\" - Les porteurs de projets rencontrent lees investisseurs. Th\u00e9me pour cette premi\u00e8re \u00e9dition le dispositif Girardin Agricole.","robots":{"index":"index","follow":"follow","max-snippet":"max-snippet:-1","max-image-preview":"max-image-preview:large","max-video-preview":"max-video-preview:-1"},"canonical":"https:\/\/www.lesentrepreteurs.com\/blog\/rencontre-entre-preteurs-1-a-la-decouverte-du-girardin-agricole\/","og_locale":"fr_FR","og_type":"article","og_title":"[Rencontre Entre-pr\u00eateurs #1] A la d\u00e9couverte du Girardin Agricole","og_description":"\"Entre-pr\u00eateurs\" - Les porteurs de projets rencontrent lees investisseurs. Th\u00e9me pour cette premi\u00e8re \u00e9dition le dispositif Girardin Agricole.","og_url":"https:\/\/www.lesentrepreteurs.com\/blog\/rencontre-entre-preteurs-1-a-la-decouverte-du-girardin-agricole\/","og_site_name":"Le blog de la plateforme de financement","article_publisher":"https:\/\/www.facebook.com\/lesentrepreteurs?locale=fr_FR","article_published_time":"2018-10-17T10:47:51+00:00","og_image":[{"width":800,"height":477,"url":"https:\/\/www.lesentrepreteurs.com\/blog\/wp-content\/uploads\/2018\/10\/photo_girardin.jpg","type":"image\/jpeg"}],"author":"Marc-Antoine","twitter_card":"summary_large_image","twitter_creator":"@entrepreteurs","twitter_site":"@entrepreteurs","twitter_misc":{"\u00c9crit par":"Marc-Antoine","Dur\u00e9e de lecture estim\u00e9e":"4 minutes"},"schema":{"@context":"https:\/\/schema.org","@graph":[{"@type":"Article","@id":"https:\/\/www.lesentrepreteurs.com\/blog\/rencontre-entre-preteurs-1-a-la-decouverte-du-girardin-agricole\/#article","isPartOf":{"@id":"https:\/\/www.lesentrepreteurs.com\/blog\/rencontre-entre-preteurs-1-a-la-decouverte-du-girardin-agricole\/"},"author":{"name":"Marc-Antoine","@id":"https:\/\/www.lesentrepreteurs.com\/blog\/#\/schema\/person\/1169e54541625b8d3de4b8cc8b65ad44"},"headline":"[Rencontre Entre-pr\u00eateurs #1] A la d\u00e9couverte du Girardin Agricole","datePublished":"2018-10-17T10:47:51+00:00","mainEntityOfPage":{"@id":"https:\/\/www.lesentrepreteurs.com\/blog\/rencontre-entre-preteurs-1-a-la-decouverte-du-girardin-agricole\/"},"wordCount":765,"commentCount":0,"publisher":{"@id":"https:\/\/www.lesentrepreteurs.com\/blog\/#organization"},"image":{"@id":"https:\/\/www.lesentrepreteurs.com\/blog\/rencontre-entre-preteurs-1-a-la-decouverte-du-girardin-agricole\/#primaryimage"},"thumbnailUrl":"https:\/\/www.lesentrepreteurs.com\/blog\/wp-content\/uploads\/2018\/10\/photo_girardin.jpg","articleSection":["Dispositif Girardin"],"inLanguage":"fr-FR"},{"@type":"WebPage","@id":"https:\/\/www.lesentrepreteurs.com\/blog\/rencontre-entre-preteurs-1-a-la-decouverte-du-girardin-agricole\/","url":"https:\/\/www.lesentrepreteurs.com\/blog\/rencontre-entre-preteurs-1-a-la-decouverte-du-girardin-agricole\/","name":"[Rencontre Entre-pr\u00eateurs #1] A la d\u00e9couverte du Girardin Agricole","isPartOf":{"@id":"https:\/\/www.lesentrepreteurs.com\/blog\/#website"},"primaryImageOfPage":{"@id":"https:\/\/www.lesentrepreteurs.com\/blog\/rencontre-entre-preteurs-1-a-la-decouverte-du-girardin-agricole\/#primaryimage"},"image":{"@id":"https:\/\/www.lesentrepreteurs.com\/blog\/rencontre-entre-preteurs-1-a-la-decouverte-du-girardin-agricole\/#primaryimage"},"thumbnailUrl":"https:\/\/www.lesentrepreteurs.com\/blog\/wp-content\/uploads\/2018\/10\/photo_girardin.jpg","datePublished":"2018-10-17T10:47:51+00:00","description":"\"Entre-pr\u00eateurs\" - Les porteurs de projets rencontrent lees investisseurs. Th\u00e9me pour cette premi\u00e8re \u00e9dition le dispositif Girardin Agricole.","breadcrumb":{"@id":"https:\/\/www.lesentrepreteurs.com\/blog\/rencontre-entre-preteurs-1-a-la-decouverte-du-girardin-agricole\/#breadcrumb"},"inLanguage":"fr-FR","potentialAction":[{"@type":"ReadAction","target":["https:\/\/www.lesentrepreteurs.com\/blog\/rencontre-entre-preteurs-1-a-la-decouverte-du-girardin-agricole\/"]}]},{"@type":"ImageObject","inLanguage":"fr-FR","@id":"https:\/\/www.lesentrepreteurs.com\/blog\/rencontre-entre-preteurs-1-a-la-decouverte-du-girardin-agricole\/#primaryimage","url":"https:\/\/www.lesentrepreteurs.com\/blog\/wp-content\/uploads\/2018\/10\/photo_girardin.jpg","contentUrl":"https:\/\/www.lesentrepreteurs.com\/blog\/wp-content\/uploads\/2018\/10\/photo_girardin.jpg","width":800,"height":477},{"@type":"BreadcrumbList","@id":"https:\/\/www.lesentrepreteurs.com\/blog\/rencontre-entre-preteurs-1-a-la-decouverte-du-girardin-agricole\/#breadcrumb","itemListElement":[{"@type":"ListItem","position":1,"name":"Accueil","item":"https:\/\/www.lesentrepreteurs.com\/blog\/"},{"@type":"ListItem","position":2,"name":"[Rencontre Entre-pr\u00eateurs #1] A la d\u00e9couverte du Girardin Agricole"}]},{"@type":"WebSite","@id":"https:\/\/www.lesentrepreteurs.com\/blog\/#website","url":"https:\/\/www.lesentrepreteurs.com\/blog\/","name":"Entre-nous, le blog des Entrepr\u00eateurs","description":"Entre nous - Le blog des Entrepr\u00eateurs","publisher":{"@id":"https:\/\/www.lesentrepreteurs.com\/blog\/#organization"},"potentialAction":[{"@type":"SearchAction","target":{"@type":"EntryPoint","urlTemplate":"https:\/\/www.lesentrepreteurs.com\/blog\/?s={search_term_string}"},"query-input":{"@type":"PropertyValueSpecification","valueRequired":true,"valueName":"search_term_string"}}],"inLanguage":"fr-FR"},{"@type":"Organization","@id":"https:\/\/www.lesentrepreteurs.com\/blog\/#organization","name":"Le blog de la plateforme de financement","url":"https:\/\/www.lesentrepreteurs.com\/blog\/","logo":{"@type":"ImageObject","inLanguage":"fr-FR","@id":"https:\/\/www.lesentrepreteurs.com\/blog\/#\/schema\/logo\/image\/","url":"https:\/\/www.lesentrepreteurs.com\/blog\/wp-content\/uploads\/2025\/10\/cropped-Logo_blog_ok.png","contentUrl":"https:\/\/www.lesentrepreteurs.com\/blog\/wp-content\/uploads\/2025\/10\/cropped-Logo_blog_ok.png","width":300,"height":78,"caption":"Le blog de la plateforme de financement"},"image":{"@id":"https:\/\/www.lesentrepreteurs.com\/blog\/#\/schema\/logo\/image\/"},"sameAs":["https:\/\/www.facebook.com\/lesentrepreteurs?locale=fr_FR","https:\/\/x.com\/entrepreteurs","https:\/\/www.linkedin.com\/company\/9209775\/admin\/feed\/posts\/"]},{"@type":"Person","@id":"https:\/\/www.lesentrepreteurs.com\/blog\/#\/schema\/person\/1169e54541625b8d3de4b8cc8b65ad44","name":"Marc-Antoine","sameAs":["https:\/\/www.lesentrepreteurs.com\/blog"],"url":"https:\/\/www.lesentrepreteurs.com\/blog\/author\/mvanheems\/"}]}},"_links":{"self":[{"href":"https:\/\/www.lesentrepreteurs.com\/blog\/wp-json\/wp\/v2\/posts\/1482","targetHints":{"allow":["GET"]}}],"collection":[{"href":"https:\/\/www.lesentrepreteurs.com\/blog\/wp-json\/wp\/v2\/posts"}],"about":[{"href":"https:\/\/www.lesentrepreteurs.com\/blog\/wp-json\/wp\/v2\/types\/post"}],"author":[{"embeddable":true,"href":"https:\/\/www.lesentrepreteurs.com\/blog\/wp-json\/wp\/v2\/users\/1"}],"replies":[{"embeddable":true,"href":"https:\/\/www.lesentrepreteurs.com\/blog\/wp-json\/wp\/v2\/comments?post=1482"}],"version-history":[{"count":0,"href":"https:\/\/www.lesentrepreteurs.com\/blog\/wp-json\/wp\/v2\/posts\/1482\/revisions"}],"wp:featuredmedia":[{"embeddable":true,"href":"https:\/\/www.lesentrepreteurs.com\/blog\/wp-json\/wp\/v2\/media\/1483"}],"wp:attachment":[{"href":"https:\/\/www.lesentrepreteurs.com\/blog\/wp-json\/wp\/v2\/media?parent=1482"}],"wp:term":[{"taxonomy":"category","embeddable":true,"href":"https:\/\/www.lesentrepreteurs.com\/blog\/wp-json\/wp\/v2\/categories?post=1482"},{"taxonomy":"post_tag","embeddable":true,"href":"https:\/\/www.lesentrepreteurs.com\/blog\/wp-json\/wp\/v2\/tags?post=1482"}],"curies":[{"name":"wp","href":"https:\/\/api.w.org\/{rel}","templated":true}]}}