{"id":1582,"date":"2019-03-28T11:01:13","date_gmt":"2019-03-28T10:01:13","guid":{"rendered":"http:\/\/blog.lesentrepreteurs.com\/?p=1582"},"modified":"2019-03-28T11:01:13","modified_gmt":"2019-03-28T10:01:13","slug":"mise-a-jour-2-43-modifications-reglementaires","status":"publish","type":"post","link":"https:\/\/www.lesentrepreteurs.com\/blog\/mise-a-jour-2-43-modifications-reglementaires\/","title":{"rendered":"MAJ 2.43 &#8211; Modifications r\u00e9glementaires"},"content":{"rendered":"\n<p>Afin de se conformer aux \u00e9volutions de la r\u00e9glementation, nous devons dor\u00e9navant v\u00e9rifier l&rsquo;identit\u00e9 de tous les investisseurs inscrits sur nos plateformes de financement d\u00e8s le 1er euro investi.<\/p>\n\n\n\n<p><strong>Cette \u00e9volution sera effective \u00e0 partir du 01 Avril 2019 et concernera \u00e0 la fois les personnes physiques et les personnes morales.<\/strong><\/p>\n\n\n\n<h2 class=\"wp-block-heading\">Comment valider votre identit\u00e9 ? <br><\/h2>\n\n\n\n<p>Il est \u00e9vident que cette mise \u00e0 jour impacte uniquement les investisseurs qui n&rsquo;ont pas encore valid\u00e9 leur identit\u00e9 (KYC). Vous serez contact\u00e9 directement par notre support si vous avez d\u00e9j\u00e0 investi et que votre identit\u00e9 n&rsquo;a pas encore \u00e9t\u00e9 v\u00e9rifi\u00e9e.<\/p>\n\n\n\n<p>Pour t\u00e9l\u00e9charger vos documents, connectez vous sur votre <strong>Tableau de bord &gt; Mon profil &gt; Mes justificatifs<\/strong>. <\/p>\n\n\n\n<p>Dans la plupart des cas nous allons vous demander les \u00e9l\u00e9ments suivants : <\/p>\n\n\n\n<ul class=\"wp-block-list\">\n<li>Une carte d&rsquo;identit\u00e9 (CNI) recto-verso ou passeport en cours de validit\u00e9,<\/li>\n\n\n\n<li>Un RIB qui vous permettra de retirer les fonds de votre compte de monnaie \u00e9lectronique vers votre compte bancaire,<\/li>\n\n\n\n<li>Un justificatif de domicile (dernier avis d&rsquo;imposition, taxe d&rsquo;habitation) ou une facture de moins de 3 mois (eau, t\u00e9l\u00e9phone, internet). <em>Attention : Les attestations de titulaire de contrat ne sont pas accept\u00e9es. <\/em><\/li>\n<\/ul>\n\n\n\n<h2 class=\"wp-block-heading\">Pourquoi devons-nous valider votre identit\u00e9 ?<\/h2>\n\n\n\n<p>Nous utilisons le processus <strong>Know Your Customer (KYC) <\/strong> afin de s&rsquo;assurer de la conformit\u00e9 des informations communiqu\u00e9es par les investisseurs conform\u00e9ment \u00e0 la r\u00e9glementation en vigueur. Cela a \u00e9galement pour but de pr\u00e9venir l&rsquo;usurpation d&rsquo;identit\u00e9, la fraude fiscale, le blanchiment d&rsquo;argent et le financement du terrorisme.<\/p>\n\n\n\n<p>Nous travaillons dans ce cadre avec notre prestataire de monnaie \u00e9lectronique S-Money qui valide l&rsquo;ensemble des pi\u00e8ces justificatives envoy\u00e9es par nos investisseurs.<\/p>\n\n\n\n<h2 class=\"wp-block-heading\">Que se passe t-il si vous n&rsquo;avez pas valid\u00e9 votre identit\u00e9 ?<\/h2>\n\n\n\n<p>Deux cas de figure :<\/p>\n\n\n\n<p><strong>Vous n&rsquo;avez jamais investi<\/strong><br>Dans ce cas, vous ne pourrez ni alimenter votre compte de monnaie \u00e9lectronique ni investir dans les projets en cours de collecte. Les collectes se terminant rapidement, nous vous conseillons vivement de valider votre identit\u00e9 directement d\u00e8s l&rsquo;inscription. <\/p>\n\n\n\n<p><strong>Vous avez investi et votre identit\u00e9 n&rsquo;est pas valid\u00e9e<\/strong><br>Vous avez 2 mois pour fournir les pi\u00e8ces justificatives. Au del\u00e0 de cette p\u00e9riode, votre compte sera gel\u00e9, ce qui aura pour cons\u00e9quence le blocage des alimentations de compte, des retraits de compte, des investissements et du versement des remboursements provenant des projets financ\u00e9s. Evidemment, l&rsquo;ensemble de ces fonctionnalit\u00e9s sera r\u00e9activ\u00e9e d\u00e8s que votre identit\u00e9 sera valid\u00e9e.<\/p>\n\n\n\n<p>Si vous avez des questions sur cette nouvelle mise \u00e0 jour r\u00e9glementaire, n&rsquo;h\u00e9sitez pas \u00e0 nous contacter sur le chat en ligne ou directement sur contact@lesentrepreteurs.com<\/p>\n\n\n\n<p><\/p>\n","protected":false},"excerpt":{"rendered":"<p>Afin de se conformer aux \u00e9volutions de la r\u00e9glementation, nous devons dor\u00e9navant v\u00e9rifier l&rsquo;identit\u00e9 de tous les investisseurs inscrits sur nos plateformes de financement d\u00e8s le 1er euro investi. Cette \u00e9volution sera effective \u00e0 partir du 01 Avril 2019 et concernera \u00e0 la fois les personnes physiques et les personnes morales. Comment valider votre identit\u00e9 [&hellip;]<\/p>\n","protected":false},"author":1,"featured_media":1584,"comment_status":"open","ping_status":"open","sticky":false,"template":"","format":"standard","meta":{"footnotes":""},"categories":[7],"tags":[],"class_list":["post-1582","post","type-post","status-publish","format-standard","has-post-thumbnail","hentry","category-renseignements"],"yoast_head":"<!-- This site is optimized with the Yoast SEO plugin v27.3 - https:\/\/yoast.com\/product\/yoast-seo-wordpress\/ -->\n<title>MAJ 2.43 - Modifications r\u00e9glementaires - Les Entrepr\u00eateurs<\/title>\n<meta name=\"description\" content=\"Afin de se conformer \u00e0 la nouvelle r\u00e9glementation, nous devons v\u00e9rifier l&#039;identit\u00e9 de tous les investisseurs d\u00e8s le 1er euro investi.\" \/>\n<meta name=\"robots\" content=\"index, follow, max-snippet:-1, max-image-preview:large, max-video-preview:-1\" \/>\n<link rel=\"canonical\" href=\"https:\/\/www.lesentrepreteurs.com\/blog\/mise-a-jour-2-43-modifications-reglementaires\/\" \/>\n<meta property=\"og:locale\" content=\"fr_FR\" \/>\n<meta property=\"og:type\" content=\"article\" \/>\n<meta property=\"og:title\" content=\"MAJ 2.43 - Modifications r\u00e9glementaires - Les Entrepr\u00eateurs\" \/>\n<meta property=\"og:description\" content=\"Afin de se conformer \u00e0 la nouvelle r\u00e9glementation, nous devons v\u00e9rifier l&#039;identit\u00e9 de tous les investisseurs d\u00e8s le 1er euro investi.\" \/>\n<meta property=\"og:url\" content=\"https:\/\/www.lesentrepreteurs.com\/blog\/mise-a-jour-2-43-modifications-reglementaires\/\" \/>\n<meta property=\"og:site_name\" content=\"Le blog de la plateforme de financement\" \/>\n<meta property=\"article:publisher\" content=\"https:\/\/www.facebook.com\/lesentrepreteurs?locale=fr_FR\" \/>\n<meta property=\"article:published_time\" content=\"2019-03-28T10:01:13+00:00\" \/>\n<meta property=\"og:image\" content=\"https:\/\/www.lesentrepreteurs.com\/blog\/wp-content\/uploads\/2019\/03\/vision-strategique-b.jpg\" \/>\n\t<meta property=\"og:image:width\" content=\"780\" \/>\n\t<meta property=\"og:image:height\" content=\"468\" \/>\n\t<meta property=\"og:image:type\" content=\"image\/jpeg\" \/>\n<meta name=\"author\" content=\"Marc-Antoine\" \/>\n<meta name=\"twitter:card\" content=\"summary_large_image\" \/>\n<meta name=\"twitter:creator\" content=\"@entrepreteurs\" \/>\n<meta name=\"twitter:site\" content=\"@entrepreteurs\" \/>\n<meta name=\"twitter:label1\" content=\"\u00c9crit par\" \/>\n\t<meta name=\"twitter:data1\" content=\"Marc-Antoine\" \/>\n\t<meta name=\"twitter:label2\" content=\"Dur\u00e9e de lecture estim\u00e9e\" \/>\n\t<meta name=\"twitter:data2\" content=\"3 minutes\" \/>\n<script type=\"application\/ld+json\" class=\"yoast-schema-graph\">{\"@context\":\"https:\\\/\\\/schema.org\",\"@graph\":[{\"@type\":\"Article\",\"@id\":\"https:\\\/\\\/www.lesentrepreteurs.com\\\/blog\\\/mise-a-jour-2-43-modifications-reglementaires\\\/#article\",\"isPartOf\":{\"@id\":\"https:\\\/\\\/www.lesentrepreteurs.com\\\/blog\\\/mise-a-jour-2-43-modifications-reglementaires\\\/\"},\"author\":{\"name\":\"Marc-Antoine\",\"@id\":\"https:\\\/\\\/www.lesentrepreteurs.com\\\/blog\\\/#\\\/schema\\\/person\\\/1169e54541625b8d3de4b8cc8b65ad44\"},\"headline\":\"MAJ 2.43 &#8211; Modifications r\u00e9glementaires\",\"datePublished\":\"2019-03-28T10:01:13+00:00\",\"mainEntityOfPage\":{\"@id\":\"https:\\\/\\\/www.lesentrepreteurs.com\\\/blog\\\/mise-a-jour-2-43-modifications-reglementaires\\\/\"},\"wordCount\":437,\"commentCount\":0,\"publisher\":{\"@id\":\"https:\\\/\\\/www.lesentrepreteurs.com\\\/blog\\\/#organization\"},\"image\":{\"@id\":\"https:\\\/\\\/www.lesentrepreteurs.com\\\/blog\\\/mise-a-jour-2-43-modifications-reglementaires\\\/#primaryimage\"},\"thumbnailUrl\":\"https:\\\/\\\/www.lesentrepreteurs.com\\\/blog\\\/wp-content\\\/uploads\\\/2019\\\/03\\\/vision-strategique-b.jpg\",\"articleSection\":[\"Guides\"],\"inLanguage\":\"fr-FR\"},{\"@type\":\"WebPage\",\"@id\":\"https:\\\/\\\/www.lesentrepreteurs.com\\\/blog\\\/mise-a-jour-2-43-modifications-reglementaires\\\/\",\"url\":\"https:\\\/\\\/www.lesentrepreteurs.com\\\/blog\\\/mise-a-jour-2-43-modifications-reglementaires\\\/\",\"name\":\"MAJ 2.43 - Modifications r\u00e9glementaires - Les Entrepr\u00eateurs\",\"isPartOf\":{\"@id\":\"https:\\\/\\\/www.lesentrepreteurs.com\\\/blog\\\/#website\"},\"primaryImageOfPage\":{\"@id\":\"https:\\\/\\\/www.lesentrepreteurs.com\\\/blog\\\/mise-a-jour-2-43-modifications-reglementaires\\\/#primaryimage\"},\"image\":{\"@id\":\"https:\\\/\\\/www.lesentrepreteurs.com\\\/blog\\\/mise-a-jour-2-43-modifications-reglementaires\\\/#primaryimage\"},\"thumbnailUrl\":\"https:\\\/\\\/www.lesentrepreteurs.com\\\/blog\\\/wp-content\\\/uploads\\\/2019\\\/03\\\/vision-strategique-b.jpg\",\"datePublished\":\"2019-03-28T10:01:13+00:00\",\"description\":\"Afin de se conformer \u00e0 la nouvelle r\u00e9glementation, nous devons v\u00e9rifier l'identit\u00e9 de tous les investisseurs d\u00e8s le 1er euro investi.\",\"breadcrumb\":{\"@id\":\"https:\\\/\\\/www.lesentrepreteurs.com\\\/blog\\\/mise-a-jour-2-43-modifications-reglementaires\\\/#breadcrumb\"},\"inLanguage\":\"fr-FR\",\"potentialAction\":[{\"@type\":\"ReadAction\",\"target\":[\"https:\\\/\\\/www.lesentrepreteurs.com\\\/blog\\\/mise-a-jour-2-43-modifications-reglementaires\\\/\"]}]},{\"@type\":\"ImageObject\",\"inLanguage\":\"fr-FR\",\"@id\":\"https:\\\/\\\/www.lesentrepreteurs.com\\\/blog\\\/mise-a-jour-2-43-modifications-reglementaires\\\/#primaryimage\",\"url\":\"https:\\\/\\\/www.lesentrepreteurs.com\\\/blog\\\/wp-content\\\/uploads\\\/2019\\\/03\\\/vision-strategique-b.jpg\",\"contentUrl\":\"https:\\\/\\\/www.lesentrepreteurs.com\\\/blog\\\/wp-content\\\/uploads\\\/2019\\\/03\\\/vision-strategique-b.jpg\",\"width\":780,\"height\":468},{\"@type\":\"BreadcrumbList\",\"@id\":\"https:\\\/\\\/www.lesentrepreteurs.com\\\/blog\\\/mise-a-jour-2-43-modifications-reglementaires\\\/#breadcrumb\",\"itemListElement\":[{\"@type\":\"ListItem\",\"position\":1,\"name\":\"Accueil\",\"item\":\"https:\\\/\\\/www.lesentrepreteurs.com\\\/blog\\\/\"},{\"@type\":\"ListItem\",\"position\":2,\"name\":\"MAJ 2.43 &#8211; Modifications r\u00e9glementaires\"}]},{\"@type\":\"WebSite\",\"@id\":\"https:\\\/\\\/www.lesentrepreteurs.com\\\/blog\\\/#website\",\"url\":\"https:\\\/\\\/www.lesentrepreteurs.com\\\/blog\\\/\",\"name\":\"Entre-nous, le blog des Entrepr\u00eateurs\",\"description\":\"Entre nous - Le blog des Entrepr\u00eateurs\",\"publisher\":{\"@id\":\"https:\\\/\\\/www.lesentrepreteurs.com\\\/blog\\\/#organization\"},\"potentialAction\":[{\"@type\":\"SearchAction\",\"target\":{\"@type\":\"EntryPoint\",\"urlTemplate\":\"https:\\\/\\\/www.lesentrepreteurs.com\\\/blog\\\/?s={search_term_string}\"},\"query-input\":{\"@type\":\"PropertyValueSpecification\",\"valueRequired\":true,\"valueName\":\"search_term_string\"}}],\"inLanguage\":\"fr-FR\"},{\"@type\":\"Organization\",\"@id\":\"https:\\\/\\\/www.lesentrepreteurs.com\\\/blog\\\/#organization\",\"name\":\"Le blog de la plateforme de financement\",\"url\":\"https:\\\/\\\/www.lesentrepreteurs.com\\\/blog\\\/\",\"logo\":{\"@type\":\"ImageObject\",\"inLanguage\":\"fr-FR\",\"@id\":\"https:\\\/\\\/www.lesentrepreteurs.com\\\/blog\\\/#\\\/schema\\\/logo\\\/image\\\/\",\"url\":\"https:\\\/\\\/www.lesentrepreteurs.com\\\/blog\\\/wp-content\\\/uploads\\\/2025\\\/10\\\/cropped-Logo_blog_ok.png\",\"contentUrl\":\"https:\\\/\\\/www.lesentrepreteurs.com\\\/blog\\\/wp-content\\\/uploads\\\/2025\\\/10\\\/cropped-Logo_blog_ok.png\",\"width\":300,\"height\":78,\"caption\":\"Le blog de la plateforme de financement\"},\"image\":{\"@id\":\"https:\\\/\\\/www.lesentrepreteurs.com\\\/blog\\\/#\\\/schema\\\/logo\\\/image\\\/\"},\"sameAs\":[\"https:\\\/\\\/www.facebook.com\\\/lesentrepreteurs?locale=fr_FR\",\"https:\\\/\\\/x.com\\\/entrepreteurs\",\"https:\\\/\\\/www.linkedin.com\\\/company\\\/9209775\\\/admin\\\/feed\\\/posts\\\/\"]},{\"@type\":\"Person\",\"@id\":\"https:\\\/\\\/www.lesentrepreteurs.com\\\/blog\\\/#\\\/schema\\\/person\\\/1169e54541625b8d3de4b8cc8b65ad44\",\"name\":\"Marc-Antoine\",\"sameAs\":[\"https:\\\/\\\/www.lesentrepreteurs.com\\\/blog\"],\"url\":\"https:\\\/\\\/www.lesentrepreteurs.com\\\/blog\\\/author\\\/mvanheems\\\/\"}]}<\/script>\n<!-- \/ Yoast SEO plugin. -->","yoast_head_json":{"title":"MAJ 2.43 - Modifications r\u00e9glementaires - Les Entrepr\u00eateurs","description":"Afin de se conformer \u00e0 la nouvelle r\u00e9glementation, nous devons v\u00e9rifier l'identit\u00e9 de tous les investisseurs d\u00e8s le 1er euro investi.","robots":{"index":"index","follow":"follow","max-snippet":"max-snippet:-1","max-image-preview":"max-image-preview:large","max-video-preview":"max-video-preview:-1"},"canonical":"https:\/\/www.lesentrepreteurs.com\/blog\/mise-a-jour-2-43-modifications-reglementaires\/","og_locale":"fr_FR","og_type":"article","og_title":"MAJ 2.43 - Modifications r\u00e9glementaires - Les Entrepr\u00eateurs","og_description":"Afin de se conformer \u00e0 la nouvelle r\u00e9glementation, nous devons v\u00e9rifier l'identit\u00e9 de tous les investisseurs d\u00e8s le 1er euro investi.","og_url":"https:\/\/www.lesentrepreteurs.com\/blog\/mise-a-jour-2-43-modifications-reglementaires\/","og_site_name":"Le blog de la plateforme de financement","article_publisher":"https:\/\/www.facebook.com\/lesentrepreteurs?locale=fr_FR","article_published_time":"2019-03-28T10:01:13+00:00","og_image":[{"width":780,"height":468,"url":"https:\/\/www.lesentrepreteurs.com\/blog\/wp-content\/uploads\/2019\/03\/vision-strategique-b.jpg","type":"image\/jpeg"}],"author":"Marc-Antoine","twitter_card":"summary_large_image","twitter_creator":"@entrepreteurs","twitter_site":"@entrepreteurs","twitter_misc":{"\u00c9crit par":"Marc-Antoine","Dur\u00e9e de lecture estim\u00e9e":"3 minutes"},"schema":{"@context":"https:\/\/schema.org","@graph":[{"@type":"Article","@id":"https:\/\/www.lesentrepreteurs.com\/blog\/mise-a-jour-2-43-modifications-reglementaires\/#article","isPartOf":{"@id":"https:\/\/www.lesentrepreteurs.com\/blog\/mise-a-jour-2-43-modifications-reglementaires\/"},"author":{"name":"Marc-Antoine","@id":"https:\/\/www.lesentrepreteurs.com\/blog\/#\/schema\/person\/1169e54541625b8d3de4b8cc8b65ad44"},"headline":"MAJ 2.43 &#8211; Modifications r\u00e9glementaires","datePublished":"2019-03-28T10:01:13+00:00","mainEntityOfPage":{"@id":"https:\/\/www.lesentrepreteurs.com\/blog\/mise-a-jour-2-43-modifications-reglementaires\/"},"wordCount":437,"commentCount":0,"publisher":{"@id":"https:\/\/www.lesentrepreteurs.com\/blog\/#organization"},"image":{"@id":"https:\/\/www.lesentrepreteurs.com\/blog\/mise-a-jour-2-43-modifications-reglementaires\/#primaryimage"},"thumbnailUrl":"https:\/\/www.lesentrepreteurs.com\/blog\/wp-content\/uploads\/2019\/03\/vision-strategique-b.jpg","articleSection":["Guides"],"inLanguage":"fr-FR"},{"@type":"WebPage","@id":"https:\/\/www.lesentrepreteurs.com\/blog\/mise-a-jour-2-43-modifications-reglementaires\/","url":"https:\/\/www.lesentrepreteurs.com\/blog\/mise-a-jour-2-43-modifications-reglementaires\/","name":"MAJ 2.43 - Modifications r\u00e9glementaires - Les Entrepr\u00eateurs","isPartOf":{"@id":"https:\/\/www.lesentrepreteurs.com\/blog\/#website"},"primaryImageOfPage":{"@id":"https:\/\/www.lesentrepreteurs.com\/blog\/mise-a-jour-2-43-modifications-reglementaires\/#primaryimage"},"image":{"@id":"https:\/\/www.lesentrepreteurs.com\/blog\/mise-a-jour-2-43-modifications-reglementaires\/#primaryimage"},"thumbnailUrl":"https:\/\/www.lesentrepreteurs.com\/blog\/wp-content\/uploads\/2019\/03\/vision-strategique-b.jpg","datePublished":"2019-03-28T10:01:13+00:00","description":"Afin de se conformer \u00e0 la nouvelle r\u00e9glementation, nous devons v\u00e9rifier l'identit\u00e9 de tous les investisseurs d\u00e8s le 1er euro investi.","breadcrumb":{"@id":"https:\/\/www.lesentrepreteurs.com\/blog\/mise-a-jour-2-43-modifications-reglementaires\/#breadcrumb"},"inLanguage":"fr-FR","potentialAction":[{"@type":"ReadAction","target":["https:\/\/www.lesentrepreteurs.com\/blog\/mise-a-jour-2-43-modifications-reglementaires\/"]}]},{"@type":"ImageObject","inLanguage":"fr-FR","@id":"https:\/\/www.lesentrepreteurs.com\/blog\/mise-a-jour-2-43-modifications-reglementaires\/#primaryimage","url":"https:\/\/www.lesentrepreteurs.com\/blog\/wp-content\/uploads\/2019\/03\/vision-strategique-b.jpg","contentUrl":"https:\/\/www.lesentrepreteurs.com\/blog\/wp-content\/uploads\/2019\/03\/vision-strategique-b.jpg","width":780,"height":468},{"@type":"BreadcrumbList","@id":"https:\/\/www.lesentrepreteurs.com\/blog\/mise-a-jour-2-43-modifications-reglementaires\/#breadcrumb","itemListElement":[{"@type":"ListItem","position":1,"name":"Accueil","item":"https:\/\/www.lesentrepreteurs.com\/blog\/"},{"@type":"ListItem","position":2,"name":"MAJ 2.43 &#8211; Modifications r\u00e9glementaires"}]},{"@type":"WebSite","@id":"https:\/\/www.lesentrepreteurs.com\/blog\/#website","url":"https:\/\/www.lesentrepreteurs.com\/blog\/","name":"Entre-nous, le blog des Entrepr\u00eateurs","description":"Entre nous - Le blog des Entrepr\u00eateurs","publisher":{"@id":"https:\/\/www.lesentrepreteurs.com\/blog\/#organization"},"potentialAction":[{"@type":"SearchAction","target":{"@type":"EntryPoint","urlTemplate":"https:\/\/www.lesentrepreteurs.com\/blog\/?s={search_term_string}"},"query-input":{"@type":"PropertyValueSpecification","valueRequired":true,"valueName":"search_term_string"}}],"inLanguage":"fr-FR"},{"@type":"Organization","@id":"https:\/\/www.lesentrepreteurs.com\/blog\/#organization","name":"Le blog de la plateforme de financement","url":"https:\/\/www.lesentrepreteurs.com\/blog\/","logo":{"@type":"ImageObject","inLanguage":"fr-FR","@id":"https:\/\/www.lesentrepreteurs.com\/blog\/#\/schema\/logo\/image\/","url":"https:\/\/www.lesentrepreteurs.com\/blog\/wp-content\/uploads\/2025\/10\/cropped-Logo_blog_ok.png","contentUrl":"https:\/\/www.lesentrepreteurs.com\/blog\/wp-content\/uploads\/2025\/10\/cropped-Logo_blog_ok.png","width":300,"height":78,"caption":"Le blog de la plateforme de financement"},"image":{"@id":"https:\/\/www.lesentrepreteurs.com\/blog\/#\/schema\/logo\/image\/"},"sameAs":["https:\/\/www.facebook.com\/lesentrepreteurs?locale=fr_FR","https:\/\/x.com\/entrepreteurs","https:\/\/www.linkedin.com\/company\/9209775\/admin\/feed\/posts\/"]},{"@type":"Person","@id":"https:\/\/www.lesentrepreteurs.com\/blog\/#\/schema\/person\/1169e54541625b8d3de4b8cc8b65ad44","name":"Marc-Antoine","sameAs":["https:\/\/www.lesentrepreteurs.com\/blog"],"url":"https:\/\/www.lesentrepreteurs.com\/blog\/author\/mvanheems\/"}]}},"_links":{"self":[{"href":"https:\/\/www.lesentrepreteurs.com\/blog\/wp-json\/wp\/v2\/posts\/1582","targetHints":{"allow":["GET"]}}],"collection":[{"href":"https:\/\/www.lesentrepreteurs.com\/blog\/wp-json\/wp\/v2\/posts"}],"about":[{"href":"https:\/\/www.lesentrepreteurs.com\/blog\/wp-json\/wp\/v2\/types\/post"}],"author":[{"embeddable":true,"href":"https:\/\/www.lesentrepreteurs.com\/blog\/wp-json\/wp\/v2\/users\/1"}],"replies":[{"embeddable":true,"href":"https:\/\/www.lesentrepreteurs.com\/blog\/wp-json\/wp\/v2\/comments?post=1582"}],"version-history":[{"count":0,"href":"https:\/\/www.lesentrepreteurs.com\/blog\/wp-json\/wp\/v2\/posts\/1582\/revisions"}],"wp:featuredmedia":[{"embeddable":true,"href":"https:\/\/www.lesentrepreteurs.com\/blog\/wp-json\/wp\/v2\/media\/1584"}],"wp:attachment":[{"href":"https:\/\/www.lesentrepreteurs.com\/blog\/wp-json\/wp\/v2\/media?parent=1582"}],"wp:term":[{"taxonomy":"category","embeddable":true,"href":"https:\/\/www.lesentrepreteurs.com\/blog\/wp-json\/wp\/v2\/categories?post=1582"},{"taxonomy":"post_tag","embeddable":true,"href":"https:\/\/www.lesentrepreteurs.com\/blog\/wp-json\/wp\/v2\/tags?post=1582"}],"curies":[{"name":"wp","href":"https:\/\/api.w.org\/{rel}","templated":true}]}}