{"id":2704,"date":"2021-04-23T15:37:34","date_gmt":"2021-04-23T13:37:34","guid":{"rendered":"https:\/\/blog.lesentrepreteurs.com\/?p=2704"},"modified":"2021-04-23T15:37:34","modified_gmt":"2021-04-23T13:37:34","slug":"une-nouvelle-plateforme-dediee-aux-entreprises-de-la-reunion","status":"publish","type":"post","link":"https:\/\/www.lesentrepreteurs.com\/blog\/une-nouvelle-plateforme-dediee-aux-entreprises-de-la-reunion\/","title":{"rendered":"Une nouvelle plateforme d\u00e9di\u00e9e aux entreprises de La R\u00e9union"},"content":{"rendered":"\n<p>Les Entrepr\u00eateurs sont heureux de vous annoncer le lancement d&rsquo;<a href=\"https:\/\/www.albius-financement.fr\/\">Albius financement<\/a>, plateforme de financement participatif territorial, d\u00e9di\u00e9e aux entreprises de La R\u00e9union.<\/p>\n\n\n\n<p>C&rsquo;est la premi\u00e8re plateforme 100% r\u00e9unionnaise initi\u00e9e par un partenaire local et op\u00e9r\u00e9e par <a href=\"https:\/\/www.lesentrepreteurs.com\">Les Entrepr\u00eateurs<\/a>.<\/p>\n\n\n\n<p>\u00c0 l\u2019origine du d\u00e9veloppement d\u2019albius-financement.fr, <a href=\"https:\/\/www.linkedin.com\/in\/vincent-aubras-6966b924\/\">Vincent Aubras<\/a>, dirigeant de CDV ing\u00e9nierie financi\u00e8re. Depuis 2018, le cabinet sp\u00e9cialiste accompagne les entreprises r\u00e9unionnaises dans leur recherche de financement, en les orientant vers les solutions les mieux adapt\u00e9es \u00e0 leur(s) projet(s).<\/p>\n\n\n<div class=\"wp-block-image\">\n<figure class=\"aligncenter size-large\"><img loading=\"lazy\" decoding=\"async\" width=\"500\" height=\"285\" src=\"https:\/\/blog.lesentrepreteurs.com\/wp-content\/uploads\/2021\/04\/albius_reunion.png\" alt=\"\" class=\"wp-image-2849\" srcset=\"https:\/\/www.lesentrepreteurs.com\/blog\/wp-content\/uploads\/2021\/04\/albius_reunion.png 500w, https:\/\/www.lesentrepreteurs.com\/blog\/wp-content\/uploads\/2021\/04\/albius_reunion-300x171.png 300w\" sizes=\"auto, (max-width: 500px) 100vw, 500px\" \/><figcaption class=\"wp-element-caption\"><a href=\"https:\/\/www.albius-financement.fr\">www.albius-financement.fr<\/a><\/figcaption><\/figure>\n<\/div>\n\n\n<h2 class=\"wp-block-heading\">Pour quels besoins de financement ?<\/h2>\n\n\n\n<p>En sa qualit\u00e9 de conseiller financier, Vincent Aubras mobilise r\u00e9guli\u00e8rement des solutions innovantes, en permettant notamment le financement en obligations aux entreprises de taille modeste. <\/p>\n\n\n\n<blockquote class=\"wp-block-quote is-layout-flow wp-block-quote-is-layout-flow\">\n<p>Reste que cette ouverture au financement obligataire demeure chose complexe pour les TPE\/PME de La R\u00e9union<\/p>\n<cite>Vincent Aubras<\/cite><\/blockquote>\n\n\n\n<p>La plateforme permet donc aux entrepreneurs de la r\u00e9gion de compl\u00e9ter leurs besoins de financement. Elle favorise ainsi le co-financement et encourage la synergie de l&rsquo;ensemble des financeurs afin de maximiser les opportunit\u00e9s des entreprises r\u00e9unionnaises.<\/p>\n\n\n\n<p>A ce jour, trois domaines d&rsquo;interventions sont propos\u00e9s :<\/p>\n\n\n\n<ul class=\"wp-block-list\">\n<li>financement d&rsquo;entreprises<\/li>\n\n\n\n<li>financement des besoins de tr\u00e9sorerie<\/li>\n\n\n\n<li>financements immobiliers<\/li>\n<\/ul>\n\n\n\n<p>Les crit\u00e8res d&rsquo;\u00e9ligibilit\u00e9 sont assez classiques, mais la plateforme n&rsquo;exclue pas de faire du \u00ab\u00a0sur-mesure\u00a0\u00bb pour certains dossiers ou si des garanties peuvent \u00eatre mises en \u0153uvre : <\/p>\n\n\n\n<ul class=\"wp-block-list\">\n<li>entreprise fran\u00e7aise<\/li>\n\n\n\n<li>3 ans d&rsquo;anciennet\u00e9, au moins 2 bilans<\/li>\n\n\n\n<li>CA &gt; 250 k\u20ac<\/li>\n<\/ul>\n\n\n\n<h2 class=\"wp-block-heading\">La r\u00e9ussite des premiers projets r\u00e9unionnais<\/h2>\n\n\n\n<p>Op\u00e9rationnelle depuis d\u00e9cembre 2020, albius-financement.fr pourrait rapidement \u00eatre d\u00e9ploy\u00e9e en direction des pays de la Zone Oc\u00e9an Indien en fonction de la maturit\u00e9 des march\u00e9s. \u00ab&nbsp;En France, en 2020, toutes plateformes confondues, le crowdfunding a permis de collecter plus de 1 milliard d\u2019euros pour les entreprises. \u00c0 la R\u00e9union, ce mode de financement est \u00e0 son tour en train de s\u2019ancrer dans le paysage financier.\u00a0\u00bb<\/p>\n\n\n\n<p>A ce jour, 5 projets ont d\u00e9j\u00e0 \u00e9t\u00e9 propos\u00e9s par la plateforme, qui ont tous \u00e9t\u00e9 financ\u00e9s en quelques jours par des  investisseurs r\u00e9unionnais et par la communaut\u00e9 des Entrepr\u00eateurs. <\/p>\n\n\n\n<figure class=\"wp-block-image size-large\"><img loading=\"lazy\" decoding=\"async\" width=\"1024\" height=\"514\" src=\"https:\/\/blog.lesentrepreteurs.com\/wp-content\/uploads\/2021\/04\/albius_financement-1024x514.jpg\" alt=\"\" class=\"wp-image-2850\" srcset=\"https:\/\/www.lesentrepreteurs.com\/blog\/wp-content\/uploads\/2021\/04\/albius_financement-1024x514.jpg 1024w, https:\/\/www.lesentrepreteurs.com\/blog\/wp-content\/uploads\/2021\/04\/albius_financement-300x151.jpg 300w, https:\/\/www.lesentrepreteurs.com\/blog\/wp-content\/uploads\/2021\/04\/albius_financement-768x386.jpg 768w, https:\/\/www.lesentrepreteurs.com\/blog\/wp-content\/uploads\/2021\/04\/albius_financement-1536x771.jpg 1536w, https:\/\/www.lesentrepreteurs.com\/blog\/wp-content\/uploads\/2021\/04\/albius_financement.jpg 1920w\" sizes=\"auto, (max-width: 1024px) 100vw, 1024px\" \/><\/figure>\n\n\n\n<p>De nombreux projets sont en cours d&rsquo;analyse et seront tr\u00e8s bient\u00f4t disponibles sur la plateforme.<\/p>\n\n\n\n<p>Si vous \u00eates une entreprise bas\u00e9e \u00e0 La R\u00e9union, vous pouvez d\u00e9poser votre dossier <a href=\"https:\/\/www.albius-financement.fr\/register\/\">en cliquant ici<\/a><\/p>\n\n\n\n<hr class=\"wp-block-separator has-css-opacity\"\/>\n\n\n\n<p>AVIS \u00e0 nos investisseurs: v<em>ous pouvez vous connecter \u00e0 la plateforme avec votre compte Entrepr\u00eateurs<\/em><\/p>\n","protected":false},"excerpt":{"rendered":"<p>Les Entrepr\u00eateurs sont heureux de vous annoncer le lancement d&rsquo;Albius financement, plateforme de financement participatif territorial, d\u00e9di\u00e9e aux entreprises de La R\u00e9union. C&rsquo;est la premi\u00e8re plateforme 100% r\u00e9unionnaise initi\u00e9e par un partenaire local et op\u00e9r\u00e9e par Les Entrepr\u00eateurs. \u00c0 l\u2019origine du d\u00e9veloppement d\u2019albius-financement.fr, Vincent Aubras, dirigeant de CDV ing\u00e9nierie financi\u00e8re. Depuis 2018, le cabinet sp\u00e9cialiste [&hellip;]<\/p>\n","protected":false},"author":1,"featured_media":2851,"comment_status":"open","ping_status":"open","sticky":false,"template":"","format":"standard","meta":{"footnotes":""},"categories":[3],"tags":[13,17],"class_list":["post-2704","post","type-post","status-publish","format-standard","has-post-thumbnail","hentry","category-dispositif-girardin","tag-girardin-2","tag-investissement"],"yoast_head":"<!-- This site is optimized with the Yoast SEO plugin v27.3 - https:\/\/yoast.com\/product\/yoast-seo-wordpress\/ -->\n<title>Une nouvelle plateforme d\u00e9di\u00e9e aux entreprises de La R\u00e9union<\/title>\n<meta name=\"description\" content=\"Lancement d&#039;Albius financement, une nouvelle plateforme de financement participatif d\u00e9di\u00e9e aux entreprises de la r\u00e9union.\" \/>\n<meta name=\"robots\" content=\"index, follow, max-snippet:-1, max-image-preview:large, max-video-preview:-1\" \/>\n<link rel=\"canonical\" href=\"https:\/\/www.lesentrepreteurs.com\/blog\/une-nouvelle-plateforme-dediee-aux-entreprises-de-la-reunion\/\" \/>\n<meta property=\"og:locale\" content=\"fr_FR\" \/>\n<meta property=\"og:type\" content=\"article\" \/>\n<meta property=\"og:title\" content=\"Une nouvelle plateforme d\u00e9di\u00e9e aux entreprises de La R\u00e9union\" \/>\n<meta property=\"og:description\" content=\"Lancement d&#039;Albius financement, une nouvelle plateforme de financement participatif d\u00e9di\u00e9e aux entreprises de la r\u00e9union.\" \/>\n<meta property=\"og:url\" content=\"https:\/\/www.lesentrepreteurs.com\/blog\/une-nouvelle-plateforme-dediee-aux-entreprises-de-la-reunion\/\" \/>\n<meta property=\"og:site_name\" content=\"Le blog de la plateforme de financement\" \/>\n<meta property=\"article:publisher\" content=\"https:\/\/www.facebook.com\/lesentrepreteurs?locale=fr_FR\" \/>\n<meta property=\"article:published_time\" content=\"2021-04-23T13:37:34+00:00\" \/>\n<meta property=\"og:image\" content=\"https:\/\/www.lesentrepreteurs.com\/blog\/wp-content\/uploads\/2021\/04\/albius_home.jpg\" \/>\n\t<meta property=\"og:image:width\" content=\"635\" \/>\n\t<meta property=\"og:image:height\" content=\"357\" \/>\n\t<meta property=\"og:image:type\" content=\"image\/jpeg\" \/>\n<meta name=\"author\" content=\"Marc-Antoine\" \/>\n<meta name=\"twitter:card\" content=\"summary_large_image\" \/>\n<meta name=\"twitter:creator\" content=\"@entrepreteurs\" \/>\n<meta name=\"twitter:site\" content=\"@entrepreteurs\" \/>\n<meta name=\"twitter:label1\" content=\"\u00c9crit par\" \/>\n\t<meta name=\"twitter:data1\" content=\"Marc-Antoine\" \/>\n\t<meta name=\"twitter:label2\" content=\"Dur\u00e9e de lecture estim\u00e9e\" \/>\n\t<meta name=\"twitter:data2\" content=\"3 minutes\" \/>\n<script type=\"application\/ld+json\" class=\"yoast-schema-graph\">{\"@context\":\"https:\\\/\\\/schema.org\",\"@graph\":[{\"@type\":\"Article\",\"@id\":\"https:\\\/\\\/www.lesentrepreteurs.com\\\/blog\\\/une-nouvelle-plateforme-dediee-aux-entreprises-de-la-reunion\\\/#article\",\"isPartOf\":{\"@id\":\"https:\\\/\\\/www.lesentrepreteurs.com\\\/blog\\\/une-nouvelle-plateforme-dediee-aux-entreprises-de-la-reunion\\\/\"},\"author\":{\"name\":\"Marc-Antoine\",\"@id\":\"https:\\\/\\\/www.lesentrepreteurs.com\\\/blog\\\/#\\\/schema\\\/person\\\/1169e54541625b8d3de4b8cc8b65ad44\"},\"headline\":\"Une nouvelle plateforme d\u00e9di\u00e9e aux entreprises de La R\u00e9union\",\"datePublished\":\"2021-04-23T13:37:34+00:00\",\"mainEntityOfPage\":{\"@id\":\"https:\\\/\\\/www.lesentrepreteurs.com\\\/blog\\\/une-nouvelle-plateforme-dediee-aux-entreprises-de-la-reunion\\\/\"},\"wordCount\":422,\"commentCount\":0,\"publisher\":{\"@id\":\"https:\\\/\\\/www.lesentrepreteurs.com\\\/blog\\\/#organization\"},\"image\":{\"@id\":\"https:\\\/\\\/www.lesentrepreteurs.com\\\/blog\\\/une-nouvelle-plateforme-dediee-aux-entreprises-de-la-reunion\\\/#primaryimage\"},\"thumbnailUrl\":\"https:\\\/\\\/www.lesentrepreteurs.com\\\/blog\\\/wp-content\\\/uploads\\\/2021\\\/04\\\/albius_home.jpg\",\"keywords\":[\"girardin\",\"investissement\"],\"articleSection\":[\"Dispositif Girardin\"],\"inLanguage\":\"fr-FR\"},{\"@type\":\"WebPage\",\"@id\":\"https:\\\/\\\/www.lesentrepreteurs.com\\\/blog\\\/une-nouvelle-plateforme-dediee-aux-entreprises-de-la-reunion\\\/\",\"url\":\"https:\\\/\\\/www.lesentrepreteurs.com\\\/blog\\\/une-nouvelle-plateforme-dediee-aux-entreprises-de-la-reunion\\\/\",\"name\":\"Une nouvelle plateforme d\u00e9di\u00e9e aux entreprises de La R\u00e9union\",\"isPartOf\":{\"@id\":\"https:\\\/\\\/www.lesentrepreteurs.com\\\/blog\\\/#website\"},\"primaryImageOfPage\":{\"@id\":\"https:\\\/\\\/www.lesentrepreteurs.com\\\/blog\\\/une-nouvelle-plateforme-dediee-aux-entreprises-de-la-reunion\\\/#primaryimage\"},\"image\":{\"@id\":\"https:\\\/\\\/www.lesentrepreteurs.com\\\/blog\\\/une-nouvelle-plateforme-dediee-aux-entreprises-de-la-reunion\\\/#primaryimage\"},\"thumbnailUrl\":\"https:\\\/\\\/www.lesentrepreteurs.com\\\/blog\\\/wp-content\\\/uploads\\\/2021\\\/04\\\/albius_home.jpg\",\"datePublished\":\"2021-04-23T13:37:34+00:00\",\"description\":\"Lancement d'Albius financement, une nouvelle plateforme de financement participatif d\u00e9di\u00e9e aux entreprises de la r\u00e9union.\",\"breadcrumb\":{\"@id\":\"https:\\\/\\\/www.lesentrepreteurs.com\\\/blog\\\/une-nouvelle-plateforme-dediee-aux-entreprises-de-la-reunion\\\/#breadcrumb\"},\"inLanguage\":\"fr-FR\",\"potentialAction\":[{\"@type\":\"ReadAction\",\"target\":[\"https:\\\/\\\/www.lesentrepreteurs.com\\\/blog\\\/une-nouvelle-plateforme-dediee-aux-entreprises-de-la-reunion\\\/\"]}]},{\"@type\":\"ImageObject\",\"inLanguage\":\"fr-FR\",\"@id\":\"https:\\\/\\\/www.lesentrepreteurs.com\\\/blog\\\/une-nouvelle-plateforme-dediee-aux-entreprises-de-la-reunion\\\/#primaryimage\",\"url\":\"https:\\\/\\\/www.lesentrepreteurs.com\\\/blog\\\/wp-content\\\/uploads\\\/2021\\\/04\\\/albius_home.jpg\",\"contentUrl\":\"https:\\\/\\\/www.lesentrepreteurs.com\\\/blog\\\/wp-content\\\/uploads\\\/2021\\\/04\\\/albius_home.jpg\",\"width\":635,\"height\":357,\"caption\":\"plateforme albius financement\"},{\"@type\":\"BreadcrumbList\",\"@id\":\"https:\\\/\\\/www.lesentrepreteurs.com\\\/blog\\\/une-nouvelle-plateforme-dediee-aux-entreprises-de-la-reunion\\\/#breadcrumb\",\"itemListElement\":[{\"@type\":\"ListItem\",\"position\":1,\"name\":\"Accueil\",\"item\":\"https:\\\/\\\/www.lesentrepreteurs.com\\\/blog\\\/\"},{\"@type\":\"ListItem\",\"position\":2,\"name\":\"Une nouvelle plateforme d\u00e9di\u00e9e aux entreprises de La R\u00e9union\"}]},{\"@type\":\"WebSite\",\"@id\":\"https:\\\/\\\/www.lesentrepreteurs.com\\\/blog\\\/#website\",\"url\":\"https:\\\/\\\/www.lesentrepreteurs.com\\\/blog\\\/\",\"name\":\"Entre-nous, le blog des Entrepr\u00eateurs\",\"description\":\"Entre nous - Le blog des Entrepr\u00eateurs\",\"publisher\":{\"@id\":\"https:\\\/\\\/www.lesentrepreteurs.com\\\/blog\\\/#organization\"},\"potentialAction\":[{\"@type\":\"SearchAction\",\"target\":{\"@type\":\"EntryPoint\",\"urlTemplate\":\"https:\\\/\\\/www.lesentrepreteurs.com\\\/blog\\\/?s={search_term_string}\"},\"query-input\":{\"@type\":\"PropertyValueSpecification\",\"valueRequired\":true,\"valueName\":\"search_term_string\"}}],\"inLanguage\":\"fr-FR\"},{\"@type\":\"Organization\",\"@id\":\"https:\\\/\\\/www.lesentrepreteurs.com\\\/blog\\\/#organization\",\"name\":\"Le blog de la plateforme de financement\",\"url\":\"https:\\\/\\\/www.lesentrepreteurs.com\\\/blog\\\/\",\"logo\":{\"@type\":\"ImageObject\",\"inLanguage\":\"fr-FR\",\"@id\":\"https:\\\/\\\/www.lesentrepreteurs.com\\\/blog\\\/#\\\/schema\\\/logo\\\/image\\\/\",\"url\":\"https:\\\/\\\/www.lesentrepreteurs.com\\\/blog\\\/wp-content\\\/uploads\\\/2025\\\/10\\\/cropped-Logo_blog_ok.png\",\"contentUrl\":\"https:\\\/\\\/www.lesentrepreteurs.com\\\/blog\\\/wp-content\\\/uploads\\\/2025\\\/10\\\/cropped-Logo_blog_ok.png\",\"width\":300,\"height\":78,\"caption\":\"Le blog de la plateforme de financement\"},\"image\":{\"@id\":\"https:\\\/\\\/www.lesentrepreteurs.com\\\/blog\\\/#\\\/schema\\\/logo\\\/image\\\/\"},\"sameAs\":[\"https:\\\/\\\/www.facebook.com\\\/lesentrepreteurs?locale=fr_FR\",\"https:\\\/\\\/x.com\\\/entrepreteurs\",\"https:\\\/\\\/www.linkedin.com\\\/company\\\/9209775\\\/admin\\\/feed\\\/posts\\\/\"]},{\"@type\":\"Person\",\"@id\":\"https:\\\/\\\/www.lesentrepreteurs.com\\\/blog\\\/#\\\/schema\\\/person\\\/1169e54541625b8d3de4b8cc8b65ad44\",\"name\":\"Marc-Antoine\",\"sameAs\":[\"https:\\\/\\\/www.lesentrepreteurs.com\\\/blog\"],\"url\":\"https:\\\/\\\/www.lesentrepreteurs.com\\\/blog\\\/author\\\/mvanheems\\\/\"}]}<\/script>\n<!-- \/ Yoast SEO plugin. -->","yoast_head_json":{"title":"Une nouvelle plateforme d\u00e9di\u00e9e aux entreprises de La R\u00e9union","description":"Lancement d'Albius financement, une nouvelle plateforme de financement participatif d\u00e9di\u00e9e aux entreprises de la r\u00e9union.","robots":{"index":"index","follow":"follow","max-snippet":"max-snippet:-1","max-image-preview":"max-image-preview:large","max-video-preview":"max-video-preview:-1"},"canonical":"https:\/\/www.lesentrepreteurs.com\/blog\/une-nouvelle-plateforme-dediee-aux-entreprises-de-la-reunion\/","og_locale":"fr_FR","og_type":"article","og_title":"Une nouvelle plateforme d\u00e9di\u00e9e aux entreprises de La R\u00e9union","og_description":"Lancement d'Albius financement, une nouvelle plateforme de financement participatif d\u00e9di\u00e9e aux entreprises de la r\u00e9union.","og_url":"https:\/\/www.lesentrepreteurs.com\/blog\/une-nouvelle-plateforme-dediee-aux-entreprises-de-la-reunion\/","og_site_name":"Le blog de la plateforme de financement","article_publisher":"https:\/\/www.facebook.com\/lesentrepreteurs?locale=fr_FR","article_published_time":"2021-04-23T13:37:34+00:00","og_image":[{"width":635,"height":357,"url":"https:\/\/www.lesentrepreteurs.com\/blog\/wp-content\/uploads\/2021\/04\/albius_home.jpg","type":"image\/jpeg"}],"author":"Marc-Antoine","twitter_card":"summary_large_image","twitter_creator":"@entrepreteurs","twitter_site":"@entrepreteurs","twitter_misc":{"\u00c9crit par":"Marc-Antoine","Dur\u00e9e de lecture estim\u00e9e":"3 minutes"},"schema":{"@context":"https:\/\/schema.org","@graph":[{"@type":"Article","@id":"https:\/\/www.lesentrepreteurs.com\/blog\/une-nouvelle-plateforme-dediee-aux-entreprises-de-la-reunion\/#article","isPartOf":{"@id":"https:\/\/www.lesentrepreteurs.com\/blog\/une-nouvelle-plateforme-dediee-aux-entreprises-de-la-reunion\/"},"author":{"name":"Marc-Antoine","@id":"https:\/\/www.lesentrepreteurs.com\/blog\/#\/schema\/person\/1169e54541625b8d3de4b8cc8b65ad44"},"headline":"Une nouvelle plateforme d\u00e9di\u00e9e aux entreprises de La R\u00e9union","datePublished":"2021-04-23T13:37:34+00:00","mainEntityOfPage":{"@id":"https:\/\/www.lesentrepreteurs.com\/blog\/une-nouvelle-plateforme-dediee-aux-entreprises-de-la-reunion\/"},"wordCount":422,"commentCount":0,"publisher":{"@id":"https:\/\/www.lesentrepreteurs.com\/blog\/#organization"},"image":{"@id":"https:\/\/www.lesentrepreteurs.com\/blog\/une-nouvelle-plateforme-dediee-aux-entreprises-de-la-reunion\/#primaryimage"},"thumbnailUrl":"https:\/\/www.lesentrepreteurs.com\/blog\/wp-content\/uploads\/2021\/04\/albius_home.jpg","keywords":["girardin","investissement"],"articleSection":["Dispositif Girardin"],"inLanguage":"fr-FR"},{"@type":"WebPage","@id":"https:\/\/www.lesentrepreteurs.com\/blog\/une-nouvelle-plateforme-dediee-aux-entreprises-de-la-reunion\/","url":"https:\/\/www.lesentrepreteurs.com\/blog\/une-nouvelle-plateforme-dediee-aux-entreprises-de-la-reunion\/","name":"Une nouvelle plateforme d\u00e9di\u00e9e aux entreprises de La R\u00e9union","isPartOf":{"@id":"https:\/\/www.lesentrepreteurs.com\/blog\/#website"},"primaryImageOfPage":{"@id":"https:\/\/www.lesentrepreteurs.com\/blog\/une-nouvelle-plateforme-dediee-aux-entreprises-de-la-reunion\/#primaryimage"},"image":{"@id":"https:\/\/www.lesentrepreteurs.com\/blog\/une-nouvelle-plateforme-dediee-aux-entreprises-de-la-reunion\/#primaryimage"},"thumbnailUrl":"https:\/\/www.lesentrepreteurs.com\/blog\/wp-content\/uploads\/2021\/04\/albius_home.jpg","datePublished":"2021-04-23T13:37:34+00:00","description":"Lancement d'Albius financement, une nouvelle plateforme de financement participatif d\u00e9di\u00e9e aux entreprises de la r\u00e9union.","breadcrumb":{"@id":"https:\/\/www.lesentrepreteurs.com\/blog\/une-nouvelle-plateforme-dediee-aux-entreprises-de-la-reunion\/#breadcrumb"},"inLanguage":"fr-FR","potentialAction":[{"@type":"ReadAction","target":["https:\/\/www.lesentrepreteurs.com\/blog\/une-nouvelle-plateforme-dediee-aux-entreprises-de-la-reunion\/"]}]},{"@type":"ImageObject","inLanguage":"fr-FR","@id":"https:\/\/www.lesentrepreteurs.com\/blog\/une-nouvelle-plateforme-dediee-aux-entreprises-de-la-reunion\/#primaryimage","url":"https:\/\/www.lesentrepreteurs.com\/blog\/wp-content\/uploads\/2021\/04\/albius_home.jpg","contentUrl":"https:\/\/www.lesentrepreteurs.com\/blog\/wp-content\/uploads\/2021\/04\/albius_home.jpg","width":635,"height":357,"caption":"plateforme albius financement"},{"@type":"BreadcrumbList","@id":"https:\/\/www.lesentrepreteurs.com\/blog\/une-nouvelle-plateforme-dediee-aux-entreprises-de-la-reunion\/#breadcrumb","itemListElement":[{"@type":"ListItem","position":1,"name":"Accueil","item":"https:\/\/www.lesentrepreteurs.com\/blog\/"},{"@type":"ListItem","position":2,"name":"Une nouvelle plateforme d\u00e9di\u00e9e aux entreprises de La R\u00e9union"}]},{"@type":"WebSite","@id":"https:\/\/www.lesentrepreteurs.com\/blog\/#website","url":"https:\/\/www.lesentrepreteurs.com\/blog\/","name":"Entre-nous, le blog des Entrepr\u00eateurs","description":"Entre nous - Le blog des Entrepr\u00eateurs","publisher":{"@id":"https:\/\/www.lesentrepreteurs.com\/blog\/#organization"},"potentialAction":[{"@type":"SearchAction","target":{"@type":"EntryPoint","urlTemplate":"https:\/\/www.lesentrepreteurs.com\/blog\/?s={search_term_string}"},"query-input":{"@type":"PropertyValueSpecification","valueRequired":true,"valueName":"search_term_string"}}],"inLanguage":"fr-FR"},{"@type":"Organization","@id":"https:\/\/www.lesentrepreteurs.com\/blog\/#organization","name":"Le blog de la plateforme de financement","url":"https:\/\/www.lesentrepreteurs.com\/blog\/","logo":{"@type":"ImageObject","inLanguage":"fr-FR","@id":"https:\/\/www.lesentrepreteurs.com\/blog\/#\/schema\/logo\/image\/","url":"https:\/\/www.lesentrepreteurs.com\/blog\/wp-content\/uploads\/2025\/10\/cropped-Logo_blog_ok.png","contentUrl":"https:\/\/www.lesentrepreteurs.com\/blog\/wp-content\/uploads\/2025\/10\/cropped-Logo_blog_ok.png","width":300,"height":78,"caption":"Le blog de la plateforme de financement"},"image":{"@id":"https:\/\/www.lesentrepreteurs.com\/blog\/#\/schema\/logo\/image\/"},"sameAs":["https:\/\/www.facebook.com\/lesentrepreteurs?locale=fr_FR","https:\/\/x.com\/entrepreteurs","https:\/\/www.linkedin.com\/company\/9209775\/admin\/feed\/posts\/"]},{"@type":"Person","@id":"https:\/\/www.lesentrepreteurs.com\/blog\/#\/schema\/person\/1169e54541625b8d3de4b8cc8b65ad44","name":"Marc-Antoine","sameAs":["https:\/\/www.lesentrepreteurs.com\/blog"],"url":"https:\/\/www.lesentrepreteurs.com\/blog\/author\/mvanheems\/"}]}},"_links":{"self":[{"href":"https:\/\/www.lesentrepreteurs.com\/blog\/wp-json\/wp\/v2\/posts\/2704","targetHints":{"allow":["GET"]}}],"collection":[{"href":"https:\/\/www.lesentrepreteurs.com\/blog\/wp-json\/wp\/v2\/posts"}],"about":[{"href":"https:\/\/www.lesentrepreteurs.com\/blog\/wp-json\/wp\/v2\/types\/post"}],"author":[{"embeddable":true,"href":"https:\/\/www.lesentrepreteurs.com\/blog\/wp-json\/wp\/v2\/users\/1"}],"replies":[{"embeddable":true,"href":"https:\/\/www.lesentrepreteurs.com\/blog\/wp-json\/wp\/v2\/comments?post=2704"}],"version-history":[{"count":0,"href":"https:\/\/www.lesentrepreteurs.com\/blog\/wp-json\/wp\/v2\/posts\/2704\/revisions"}],"wp:featuredmedia":[{"embeddable":true,"href":"https:\/\/www.lesentrepreteurs.com\/blog\/wp-json\/wp\/v2\/media\/2851"}],"wp:attachment":[{"href":"https:\/\/www.lesentrepreteurs.com\/blog\/wp-json\/wp\/v2\/media?parent=2704"}],"wp:term":[{"taxonomy":"category","embeddable":true,"href":"https:\/\/www.lesentrepreteurs.com\/blog\/wp-json\/wp\/v2\/categories?post=2704"},{"taxonomy":"post_tag","embeddable":true,"href":"https:\/\/www.lesentrepreteurs.com\/blog\/wp-json\/wp\/v2\/tags?post=2704"}],"curies":[{"name":"wp","href":"https:\/\/api.w.org\/{rel}","templated":true}]}}