{"id":2714,"date":"2021-04-20T11:09:06","date_gmt":"2021-04-20T09:09:06","guid":{"rendered":"https:\/\/blog.lesentrepreteurs.com\/?p=2714"},"modified":"2021-04-20T11:09:06","modified_gmt":"2021-04-20T09:09:06","slug":"les-entrepreteurs-sexpriment-sur-le-financement-du-commerce-organise","status":"publish","type":"post","link":"https:\/\/www.lesentrepreteurs.com\/blog\/les-entrepreteurs-sexpriment-sur-le-financement-du-commerce-organise\/","title":{"rendered":"Le financement du commerce organis\u00e9"},"content":{"rendered":"\n<p>Contexte pand\u00e9mique oblige, le financement du commerce organis\u00e9 * traverse une p\u00e9riode singuli\u00e8re. Les banques continuent -\u00e9videmment !- \u00e0 financer la cr\u00e9ation et le d\u00e9veloppement sous enseigne. Mais certains crit\u00e8res ont \u00e9volu\u00e9, compte tenu du contexte : r\u00e9vision \u00e0 la hausse du % d&rsquo;apport, retraitement de l&rsquo;impact Covid dans les comptes 2020, int\u00e9gration de sc\u00e9narios avec\/sans confinement, avec\/sans fermeture administrative dans les pr\u00e9visionnels, &#8230; <\/p>\n\n\n\n<p>Evolutions qui justifient -s&rsquo;il en \u00e9tait encore besoin ?!- le recours aux sp\u00e9cialistes que sont les courtiers en financement professionnel (<a href=\"https:\/\/blog.lesentrepreteurs.com\/2020\/10\/12\/nos-partenaires-credipro-et-access-credits-pro-se-rejoignent\/\" target=\"_blank\" rel=\"noreferrer noopener\">CrediPro \/ Access Cr\u00e9dits Pro<\/a>, <a href=\"https:\/\/www.belend-participatif.fr\/\" target=\"_blank\" rel=\"noreferrer noopener\">Pr\u00eat Pro \/ Belend<\/a>, <a href=\"https:\/\/www.monservicepro.fr\/\" target=\"_blank\" rel=\"noreferrer noopener\">MonServicePRO<\/a>, <a href=\"https:\/\/www.creditrelax.com\/\" target=\"_blank\" rel=\"noreferrer noopener\">CREDITRELAX<\/a>, &#8230;) pour se donner toutes les chances de finaliser le plan de financement dans les meilleurs d\u00e9lais.<\/p>\n\n\n\n<p>Au-del\u00e0 du financement r\u00e9cent de la <a href=\"https:\/\/www.entre.pro\/projets-a-financer\/reprise-dune-agence-century-21-au-pradet\">reprise d&rsquo;une agence Century 21<\/a>, ce printemps aura \u00e9t\u00e9 pour nous l&rsquo;occasion de partager notre analyse du financement des enseignes du commerce organis\u00e9 dans les media sp\u00e9cialis\u00e9s.<\/p>\n\n\n\n<h2 class=\"wp-block-heading\">Solidarit\u00e9 au sein des enseignes<\/h2>\n\n\n\n<p>Dans le <a href=\"https:\/\/www.lefigaro.fr\/entrepreneur\/dossier\/franchise-nos-conseils-pour-demarrer\" target=\"_blank\" rel=\"noreferrer noopener\">Sp\u00e9cial Franchise n\u00b05 du Figaro Entrepreneurs<\/a>, nous avons eu l&rsquo;occasion d&rsquo;insister sur la dimension solidaire de notre <a href=\"https:\/\/www.lesentrepreteurs.com\/plateforme-financement-a-votre-marque\" target=\"_blank\" rel=\"noreferrer noopener\">solution de financement \/ animation entre membres d&rsquo;un m\u00eame r\u00e9seau<\/a>. En effet, la crise peut aussi r\u00e9v\u00e9ler le meilleur et l&rsquo;entraide se g\u00e9n\u00e9ralise au sein de certains r\u00e9seaux ; les \u00ab\u00a0plus anciens\u00a0\u00bb soutenant financi\u00e8rement ceux qui se lancent ou ceux qui traversent des difficult\u00e9s conjoncturelles.<\/p>\n\n\n\n<div class=\"wp-block-file\"><a id=\"wp-block-file--media-0031db58-7e5d-406a-9fff-07b9641d67e7\" href=\"https:\/\/blog.lesentrepreteurs.com\/wp-content\/uploads\/2021\/04\/2021-03-Franchise-magazine-citation-EPbis.pdf\">Consultez l&rsquo;article du Figaro Entrepreneurs en PDF<\/a><a href=\"https:\/\/blog.lesentrepreteurs.com\/wp-content\/uploads\/2021\/04\/2021-03-Franchise-magazine-citation-EPbis.pdf\" class=\"wp-block-file__button wp-element-button\" download aria-describedby=\"wp-block-file--media-0031db58-7e5d-406a-9fff-07b9641d67e7\">T\u00e9l\u00e9charger<\/a><\/div>\n\n\n\n<blockquote class=\"wp-block-quote is-layout-flow wp-block-quote-is-layout-flow\">\n<p><em>C&rsquo;est comme une famille, il est logique de s&rsquo;entraider<\/em><\/p>\n<cite>Jean-Pierre Barnier, Directeur Franchise chez Speedy<\/cite><\/blockquote>\n\n\n\n<h2 class=\"wp-block-heading\">Nouvelles perspectives pour les reprises en commerce organis\u00e9 <\/h2>\n\n\n\n<p>Dans le n\u00b0 30 de <a href=\"https:\/\/franchise-concepts.ecoreseau.fr\/\" target=\"_blank\" rel=\"noreferrer noopener\">Franchise &amp; Concepts<\/a>, nous sommes revenus sur la gestion d\u00e9licate de la reprise d&rsquo;un franchis\u00e9, qu&rsquo;il soit par exemple en fin de contrat non renouvel\u00e9 ou qu&rsquo;il quitte l&rsquo;enseigne pr\u00e9matur\u00e9ment. L&rsquo;enseigne se positionne alors pour ne pas laisser partir un emplacement de choix. Mais avec quelles solutions : le portage, couteux en fonds propres, la <a href=\"https:\/\/business.lesechos.fr\/entrepreneurs\/franchise\/efra-00034133-la-justice-se-prononce-sur-la-franchise-participative-54196.php\">franchise participative, qui a pu s&rsquo;av\u00e9rer \u00ab\u00a0pi\u00e9geuse\u00a0\u00bb<\/a>, &#8230;? Non, une solution 100% en dette, \u00e0 des conditions \u00ab\u00a0maison\u00a0\u00bb en termes de taux \/ dur\u00e9e \/ amortissement ouvre de nouvelles perspectives ! L&rsquo;enseigne mobilise ainsi son \u00e9cosyst\u00e8me (membres du r\u00e9seau, salari\u00e9s, fournisseurs, t\u00eate de r\u00e9seau elle-m\u00eame, &#8230;) pour financer la reprise en cr\u00e9ant de nouveaux liens entre membres.<\/p>\n\n\n\n<div class=\"wp-block-file\"><a id=\"wp-block-file--media-5b2f7f50-cb05-496f-a0af-783ad29ea60e\" href=\"https:\/\/blog.lesentrepreteurs.com\/wp-content\/uploads\/2021\/04\/article_franchise_concepts.pdf\">Consulter l&rsquo;article de Franchise &amp; Concepts en PDF<\/a><a href=\"https:\/\/blog.lesentrepreteurs.com\/wp-content\/uploads\/2021\/04\/article_franchise_concepts.pdf\" class=\"wp-block-file__button wp-element-button\" download aria-describedby=\"wp-block-file--media-5b2f7f50-cb05-496f-a0af-783ad29ea60e\">T\u00e9l\u00e9charger<\/a><\/div>\n\n\n\n<blockquote class=\"wp-block-quote is-layout-flow wp-block-quote-is-layout-flow\">\n<p><em>Dernier avantage du syst\u00e8me : le financement participatif [entre membres du r\u00e9seau] sera utilis\u00e9 pour financer plus de choses qu&rsquo;une banque ne peut l&rsquo;envisager<\/em><\/p>\n<cite> Jean-Marie Benoist, Journaliste \u00e0 Franchise &amp; Concepts<\/cite><\/blockquote>\n\n\n\n<h2 class=\"wp-block-heading\">Financement innovant du commerce organis\u00e9<\/h2>\n\n\n\n<p>Enfin, nous avons eu l&rsquo;occasion de nous entretenir avec <a href=\"https:\/\/www.linkedin.com\/in\/yves-sassi\/\" target=\"_blank\" rel=\"noreferrer noopener\">Yves Sassi<\/a>, fondateur du <a href=\"https:\/\/clubdelafranchise.blog\/\" target=\"_blank\" rel=\"noreferrer noopener\">Club de la Franchise<\/a>, qui avait s\u00e9lectionn\u00e9 notre solution parmi celles \u00ab\u00a0<a href=\"https:\/\/clubdelafranchise.blog\/les-startups-selectionnees-pour-vous-aider-a-passer-la-crise\/#entrepreteurs\" target=\"_blank\" rel=\"noreferrer noopener\">qui aident les enseignes \u00e0 passer la crise<\/a>\u00a0\u00bb . <\/p>\n\n\n\n<p>Lors d&rsquo;une interview sur le mode \u00ab\u00a0conversation priv\u00e9e\u00a0\u00bb, dont il a le secret, nous avons pu \u00e9changer sur l&rsquo;innovation que repr\u00e9sente -encore!- le participatif dans le financement du d\u00e9veloppement des enseignes du commerce organis\u00e9.<\/p>\n\n\n\n<p><\/p>\n\n\n\n<figure class=\"wp-block-embed is-type-video is-provider-youtube wp-block-embed-youtube wp-embed-aspect-16-9 wp-has-aspect-ratio\"><div class=\"wp-block-embed__wrapper\">\n<iframe loading=\"lazy\" title=\"Gae\u0308tan Garnier   Les Entrepr\u00eateurs\" width=\"640\" height=\"360\" src=\"https:\/\/www.youtube.com\/embed\/Da453LiIaKI?feature=oembed\" frameborder=\"0\" allow=\"accelerometer; autoplay; clipboard-write; encrypted-media; gyroscope; picture-in-picture; web-share\" referrerpolicy=\"strict-origin-when-cross-origin\" allowfullscreen><\/iframe>\n<\/div><\/figure>\n\n\n\n<hr class=\"wp-block-separator has-css-opacity\"\/>\n\n\n\n<p><em>* notamment la franchise, repr\u00e9sent\u00e9e par la <a href=\"https:\/\/www.franchise-fff.com\/\">FFF<\/a>, et le commerce associ\u00e9, repr\u00e9sent\u00e9 par la <a href=\"https:\/\/www.commerce-associe.fr\/\">FCA<\/a><\/em><\/p>\n","protected":false},"excerpt":{"rendered":"<p>Contexte pand\u00e9mique oblige, le financement du commerce organis\u00e9 * traverse une p\u00e9riode singuli\u00e8re. Les banques continuent -\u00e9videmment !- \u00e0 financer la cr\u00e9ation et le d\u00e9veloppement sous enseigne. Mais certains crit\u00e8res ont \u00e9volu\u00e9, compte tenu du contexte : r\u00e9vision \u00e0 la hausse du % d&rsquo;apport, retraitement de l&rsquo;impact Covid dans les comptes 2020, int\u00e9gration de sc\u00e9narios [&hellip;]<\/p>\n","protected":false},"author":1,"featured_media":2839,"comment_status":"open","ping_status":"open","sticky":false,"template":"","format":"standard","meta":{"footnotes":""},"categories":[2],"tags":[12,17],"class_list":["post-2714","post","type-post","status-publish","format-standard","has-post-thumbnail","hentry","category-actualites","tag-fintech","tag-investissement"],"yoast_head":"<!-- This site is optimized with the Yoast SEO plugin v27.3 - https:\/\/yoast.com\/product\/yoast-seo-wordpress\/ -->\n<title>Le financement du commerce organis\u00e9<\/title>\n<meta name=\"description\" content=\"Les Entrepr\u00eateurs partagent leurs id\u00e9es sur le financement du commerce organis\u00e9 durant cette p\u00e9riode singuli\u00e8re.\" \/>\n<meta name=\"robots\" content=\"index, follow, max-snippet:-1, max-image-preview:large, max-video-preview:-1\" \/>\n<link rel=\"canonical\" href=\"https:\/\/www.lesentrepreteurs.com\/blog\/les-entrepreteurs-sexpriment-sur-le-financement-du-commerce-organise\/\" \/>\n<meta property=\"og:locale\" content=\"fr_FR\" \/>\n<meta property=\"og:type\" content=\"article\" \/>\n<meta property=\"og:title\" content=\"Le financement du commerce organis\u00e9\" \/>\n<meta property=\"og:description\" content=\"Les Entrepr\u00eateurs partagent leurs id\u00e9es sur le financement du commerce organis\u00e9 durant cette p\u00e9riode singuli\u00e8re.\" \/>\n<meta property=\"og:url\" content=\"https:\/\/www.lesentrepreteurs.com\/blog\/les-entrepreteurs-sexpriment-sur-le-financement-du-commerce-organise\/\" \/>\n<meta property=\"og:site_name\" content=\"Le blog de la plateforme de financement\" \/>\n<meta property=\"article:publisher\" content=\"https:\/\/www.facebook.com\/lesentrepreteurs?locale=fr_FR\" \/>\n<meta property=\"article:published_time\" content=\"2021-04-20T09:09:06+00:00\" \/>\n<meta property=\"og:image\" content=\"https:\/\/www.lesentrepreteurs.com\/blog\/wp-content\/uploads\/2021\/04\/figaro_franchise-1.png\" \/>\n\t<meta property=\"og:image:width\" content=\"635\" \/>\n\t<meta property=\"og:image:height\" content=\"250\" \/>\n\t<meta property=\"og:image:type\" content=\"image\/png\" \/>\n<meta name=\"author\" content=\"Marc-Antoine\" \/>\n<meta name=\"twitter:card\" content=\"summary_large_image\" \/>\n<meta name=\"twitter:creator\" content=\"@entrepreteurs\" \/>\n<meta name=\"twitter:site\" content=\"@entrepreteurs\" \/>\n<meta name=\"twitter:label1\" content=\"\u00c9crit par\" \/>\n\t<meta name=\"twitter:data1\" content=\"Marc-Antoine\" \/>\n\t<meta name=\"twitter:label2\" content=\"Dur\u00e9e de lecture estim\u00e9e\" \/>\n\t<meta name=\"twitter:data2\" content=\"3 minutes\" \/>\n<script type=\"application\/ld+json\" class=\"yoast-schema-graph\">{\"@context\":\"https:\\\/\\\/schema.org\",\"@graph\":[{\"@type\":\"Article\",\"@id\":\"https:\\\/\\\/www.lesentrepreteurs.com\\\/blog\\\/les-entrepreteurs-sexpriment-sur-le-financement-du-commerce-organise\\\/#article\",\"isPartOf\":{\"@id\":\"https:\\\/\\\/www.lesentrepreteurs.com\\\/blog\\\/les-entrepreteurs-sexpriment-sur-le-financement-du-commerce-organise\\\/\"},\"author\":{\"name\":\"Marc-Antoine\",\"@id\":\"https:\\\/\\\/www.lesentrepreteurs.com\\\/blog\\\/#\\\/schema\\\/person\\\/1169e54541625b8d3de4b8cc8b65ad44\"},\"headline\":\"Le financement du commerce organis\u00e9\",\"datePublished\":\"2021-04-20T09:09:06+00:00\",\"mainEntityOfPage\":{\"@id\":\"https:\\\/\\\/www.lesentrepreteurs.com\\\/blog\\\/les-entrepreteurs-sexpriment-sur-le-financement-du-commerce-organise\\\/\"},\"wordCount\":537,\"commentCount\":0,\"publisher\":{\"@id\":\"https:\\\/\\\/www.lesentrepreteurs.com\\\/blog\\\/#organization\"},\"image\":{\"@id\":\"https:\\\/\\\/www.lesentrepreteurs.com\\\/blog\\\/les-entrepreteurs-sexpriment-sur-le-financement-du-commerce-organise\\\/#primaryimage\"},\"thumbnailUrl\":\"https:\\\/\\\/www.lesentrepreteurs.com\\\/blog\\\/wp-content\\\/uploads\\\/2021\\\/04\\\/figaro_franchise-1.png\",\"keywords\":[\"fintech\",\"investissement\"],\"articleSection\":[\"Actualit\u00e9s\"],\"inLanguage\":\"fr-FR\"},{\"@type\":\"WebPage\",\"@id\":\"https:\\\/\\\/www.lesentrepreteurs.com\\\/blog\\\/les-entrepreteurs-sexpriment-sur-le-financement-du-commerce-organise\\\/\",\"url\":\"https:\\\/\\\/www.lesentrepreteurs.com\\\/blog\\\/les-entrepreteurs-sexpriment-sur-le-financement-du-commerce-organise\\\/\",\"name\":\"Le financement du commerce organis\u00e9\",\"isPartOf\":{\"@id\":\"https:\\\/\\\/www.lesentrepreteurs.com\\\/blog\\\/#website\"},\"primaryImageOfPage\":{\"@id\":\"https:\\\/\\\/www.lesentrepreteurs.com\\\/blog\\\/les-entrepreteurs-sexpriment-sur-le-financement-du-commerce-organise\\\/#primaryimage\"},\"image\":{\"@id\":\"https:\\\/\\\/www.lesentrepreteurs.com\\\/blog\\\/les-entrepreteurs-sexpriment-sur-le-financement-du-commerce-organise\\\/#primaryimage\"},\"thumbnailUrl\":\"https:\\\/\\\/www.lesentrepreteurs.com\\\/blog\\\/wp-content\\\/uploads\\\/2021\\\/04\\\/figaro_franchise-1.png\",\"datePublished\":\"2021-04-20T09:09:06+00:00\",\"description\":\"Les Entrepr\u00eateurs partagent leurs id\u00e9es sur le financement du commerce organis\u00e9 durant cette p\u00e9riode singuli\u00e8re.\",\"breadcrumb\":{\"@id\":\"https:\\\/\\\/www.lesentrepreteurs.com\\\/blog\\\/les-entrepreteurs-sexpriment-sur-le-financement-du-commerce-organise\\\/#breadcrumb\"},\"inLanguage\":\"fr-FR\",\"potentialAction\":[{\"@type\":\"ReadAction\",\"target\":[\"https:\\\/\\\/www.lesentrepreteurs.com\\\/blog\\\/les-entrepreteurs-sexpriment-sur-le-financement-du-commerce-organise\\\/\"]}]},{\"@type\":\"ImageObject\",\"inLanguage\":\"fr-FR\",\"@id\":\"https:\\\/\\\/www.lesentrepreteurs.com\\\/blog\\\/les-entrepreteurs-sexpriment-sur-le-financement-du-commerce-organise\\\/#primaryimage\",\"url\":\"https:\\\/\\\/www.lesentrepreteurs.com\\\/blog\\\/wp-content\\\/uploads\\\/2021\\\/04\\\/figaro_franchise-1.png\",\"contentUrl\":\"https:\\\/\\\/www.lesentrepreteurs.com\\\/blog\\\/wp-content\\\/uploads\\\/2021\\\/04\\\/figaro_franchise-1.png\",\"width\":635,\"height\":250,\"caption\":\"figaro franchise\"},{\"@type\":\"BreadcrumbList\",\"@id\":\"https:\\\/\\\/www.lesentrepreteurs.com\\\/blog\\\/les-entrepreteurs-sexpriment-sur-le-financement-du-commerce-organise\\\/#breadcrumb\",\"itemListElement\":[{\"@type\":\"ListItem\",\"position\":1,\"name\":\"Accueil\",\"item\":\"https:\\\/\\\/www.lesentrepreteurs.com\\\/blog\\\/\"},{\"@type\":\"ListItem\",\"position\":2,\"name\":\"Le financement du commerce organis\u00e9\"}]},{\"@type\":\"WebSite\",\"@id\":\"https:\\\/\\\/www.lesentrepreteurs.com\\\/blog\\\/#website\",\"url\":\"https:\\\/\\\/www.lesentrepreteurs.com\\\/blog\\\/\",\"name\":\"Entre-nous, le blog des Entrepr\u00eateurs\",\"description\":\"Entre nous - Le blog des Entrepr\u00eateurs\",\"publisher\":{\"@id\":\"https:\\\/\\\/www.lesentrepreteurs.com\\\/blog\\\/#organization\"},\"potentialAction\":[{\"@type\":\"SearchAction\",\"target\":{\"@type\":\"EntryPoint\",\"urlTemplate\":\"https:\\\/\\\/www.lesentrepreteurs.com\\\/blog\\\/?s={search_term_string}\"},\"query-input\":{\"@type\":\"PropertyValueSpecification\",\"valueRequired\":true,\"valueName\":\"search_term_string\"}}],\"inLanguage\":\"fr-FR\"},{\"@type\":\"Organization\",\"@id\":\"https:\\\/\\\/www.lesentrepreteurs.com\\\/blog\\\/#organization\",\"name\":\"Le blog de la plateforme de financement\",\"url\":\"https:\\\/\\\/www.lesentrepreteurs.com\\\/blog\\\/\",\"logo\":{\"@type\":\"ImageObject\",\"inLanguage\":\"fr-FR\",\"@id\":\"https:\\\/\\\/www.lesentrepreteurs.com\\\/blog\\\/#\\\/schema\\\/logo\\\/image\\\/\",\"url\":\"https:\\\/\\\/www.lesentrepreteurs.com\\\/blog\\\/wp-content\\\/uploads\\\/2025\\\/10\\\/cropped-Logo_blog_ok.png\",\"contentUrl\":\"https:\\\/\\\/www.lesentrepreteurs.com\\\/blog\\\/wp-content\\\/uploads\\\/2025\\\/10\\\/cropped-Logo_blog_ok.png\",\"width\":300,\"height\":78,\"caption\":\"Le blog de la plateforme de financement\"},\"image\":{\"@id\":\"https:\\\/\\\/www.lesentrepreteurs.com\\\/blog\\\/#\\\/schema\\\/logo\\\/image\\\/\"},\"sameAs\":[\"https:\\\/\\\/www.facebook.com\\\/lesentrepreteurs?locale=fr_FR\",\"https:\\\/\\\/x.com\\\/entrepreteurs\",\"https:\\\/\\\/www.linkedin.com\\\/company\\\/9209775\\\/admin\\\/feed\\\/posts\\\/\"]},{\"@type\":\"Person\",\"@id\":\"https:\\\/\\\/www.lesentrepreteurs.com\\\/blog\\\/#\\\/schema\\\/person\\\/1169e54541625b8d3de4b8cc8b65ad44\",\"name\":\"Marc-Antoine\",\"sameAs\":[\"https:\\\/\\\/www.lesentrepreteurs.com\\\/blog\"],\"url\":\"https:\\\/\\\/www.lesentrepreteurs.com\\\/blog\\\/author\\\/mvanheems\\\/\"}]}<\/script>\n<!-- \/ Yoast SEO plugin. -->","yoast_head_json":{"title":"Le financement du commerce organis\u00e9","description":"Les Entrepr\u00eateurs partagent leurs id\u00e9es sur le financement du commerce organis\u00e9 durant cette p\u00e9riode singuli\u00e8re.","robots":{"index":"index","follow":"follow","max-snippet":"max-snippet:-1","max-image-preview":"max-image-preview:large","max-video-preview":"max-video-preview:-1"},"canonical":"https:\/\/www.lesentrepreteurs.com\/blog\/les-entrepreteurs-sexpriment-sur-le-financement-du-commerce-organise\/","og_locale":"fr_FR","og_type":"article","og_title":"Le financement du commerce organis\u00e9","og_description":"Les Entrepr\u00eateurs partagent leurs id\u00e9es sur le financement du commerce organis\u00e9 durant cette p\u00e9riode singuli\u00e8re.","og_url":"https:\/\/www.lesentrepreteurs.com\/blog\/les-entrepreteurs-sexpriment-sur-le-financement-du-commerce-organise\/","og_site_name":"Le blog de la plateforme de financement","article_publisher":"https:\/\/www.facebook.com\/lesentrepreteurs?locale=fr_FR","article_published_time":"2021-04-20T09:09:06+00:00","og_image":[{"width":635,"height":250,"url":"https:\/\/www.lesentrepreteurs.com\/blog\/wp-content\/uploads\/2021\/04\/figaro_franchise-1.png","type":"image\/png"}],"author":"Marc-Antoine","twitter_card":"summary_large_image","twitter_creator":"@entrepreteurs","twitter_site":"@entrepreteurs","twitter_misc":{"\u00c9crit par":"Marc-Antoine","Dur\u00e9e de lecture estim\u00e9e":"3 minutes"},"schema":{"@context":"https:\/\/schema.org","@graph":[{"@type":"Article","@id":"https:\/\/www.lesentrepreteurs.com\/blog\/les-entrepreteurs-sexpriment-sur-le-financement-du-commerce-organise\/#article","isPartOf":{"@id":"https:\/\/www.lesentrepreteurs.com\/blog\/les-entrepreteurs-sexpriment-sur-le-financement-du-commerce-organise\/"},"author":{"name":"Marc-Antoine","@id":"https:\/\/www.lesentrepreteurs.com\/blog\/#\/schema\/person\/1169e54541625b8d3de4b8cc8b65ad44"},"headline":"Le financement du commerce organis\u00e9","datePublished":"2021-04-20T09:09:06+00:00","mainEntityOfPage":{"@id":"https:\/\/www.lesentrepreteurs.com\/blog\/les-entrepreteurs-sexpriment-sur-le-financement-du-commerce-organise\/"},"wordCount":537,"commentCount":0,"publisher":{"@id":"https:\/\/www.lesentrepreteurs.com\/blog\/#organization"},"image":{"@id":"https:\/\/www.lesentrepreteurs.com\/blog\/les-entrepreteurs-sexpriment-sur-le-financement-du-commerce-organise\/#primaryimage"},"thumbnailUrl":"https:\/\/www.lesentrepreteurs.com\/blog\/wp-content\/uploads\/2021\/04\/figaro_franchise-1.png","keywords":["fintech","investissement"],"articleSection":["Actualit\u00e9s"],"inLanguage":"fr-FR"},{"@type":"WebPage","@id":"https:\/\/www.lesentrepreteurs.com\/blog\/les-entrepreteurs-sexpriment-sur-le-financement-du-commerce-organise\/","url":"https:\/\/www.lesentrepreteurs.com\/blog\/les-entrepreteurs-sexpriment-sur-le-financement-du-commerce-organise\/","name":"Le financement du commerce organis\u00e9","isPartOf":{"@id":"https:\/\/www.lesentrepreteurs.com\/blog\/#website"},"primaryImageOfPage":{"@id":"https:\/\/www.lesentrepreteurs.com\/blog\/les-entrepreteurs-sexpriment-sur-le-financement-du-commerce-organise\/#primaryimage"},"image":{"@id":"https:\/\/www.lesentrepreteurs.com\/blog\/les-entrepreteurs-sexpriment-sur-le-financement-du-commerce-organise\/#primaryimage"},"thumbnailUrl":"https:\/\/www.lesentrepreteurs.com\/blog\/wp-content\/uploads\/2021\/04\/figaro_franchise-1.png","datePublished":"2021-04-20T09:09:06+00:00","description":"Les Entrepr\u00eateurs partagent leurs id\u00e9es sur le financement du commerce organis\u00e9 durant cette p\u00e9riode singuli\u00e8re.","breadcrumb":{"@id":"https:\/\/www.lesentrepreteurs.com\/blog\/les-entrepreteurs-sexpriment-sur-le-financement-du-commerce-organise\/#breadcrumb"},"inLanguage":"fr-FR","potentialAction":[{"@type":"ReadAction","target":["https:\/\/www.lesentrepreteurs.com\/blog\/les-entrepreteurs-sexpriment-sur-le-financement-du-commerce-organise\/"]}]},{"@type":"ImageObject","inLanguage":"fr-FR","@id":"https:\/\/www.lesentrepreteurs.com\/blog\/les-entrepreteurs-sexpriment-sur-le-financement-du-commerce-organise\/#primaryimage","url":"https:\/\/www.lesentrepreteurs.com\/blog\/wp-content\/uploads\/2021\/04\/figaro_franchise-1.png","contentUrl":"https:\/\/www.lesentrepreteurs.com\/blog\/wp-content\/uploads\/2021\/04\/figaro_franchise-1.png","width":635,"height":250,"caption":"figaro franchise"},{"@type":"BreadcrumbList","@id":"https:\/\/www.lesentrepreteurs.com\/blog\/les-entrepreteurs-sexpriment-sur-le-financement-du-commerce-organise\/#breadcrumb","itemListElement":[{"@type":"ListItem","position":1,"name":"Accueil","item":"https:\/\/www.lesentrepreteurs.com\/blog\/"},{"@type":"ListItem","position":2,"name":"Le financement du commerce organis\u00e9"}]},{"@type":"WebSite","@id":"https:\/\/www.lesentrepreteurs.com\/blog\/#website","url":"https:\/\/www.lesentrepreteurs.com\/blog\/","name":"Entre-nous, le blog des Entrepr\u00eateurs","description":"Entre nous - Le blog des Entrepr\u00eateurs","publisher":{"@id":"https:\/\/www.lesentrepreteurs.com\/blog\/#organization"},"potentialAction":[{"@type":"SearchAction","target":{"@type":"EntryPoint","urlTemplate":"https:\/\/www.lesentrepreteurs.com\/blog\/?s={search_term_string}"},"query-input":{"@type":"PropertyValueSpecification","valueRequired":true,"valueName":"search_term_string"}}],"inLanguage":"fr-FR"},{"@type":"Organization","@id":"https:\/\/www.lesentrepreteurs.com\/blog\/#organization","name":"Le blog de la plateforme de financement","url":"https:\/\/www.lesentrepreteurs.com\/blog\/","logo":{"@type":"ImageObject","inLanguage":"fr-FR","@id":"https:\/\/www.lesentrepreteurs.com\/blog\/#\/schema\/logo\/image\/","url":"https:\/\/www.lesentrepreteurs.com\/blog\/wp-content\/uploads\/2025\/10\/cropped-Logo_blog_ok.png","contentUrl":"https:\/\/www.lesentrepreteurs.com\/blog\/wp-content\/uploads\/2025\/10\/cropped-Logo_blog_ok.png","width":300,"height":78,"caption":"Le blog de la plateforme de financement"},"image":{"@id":"https:\/\/www.lesentrepreteurs.com\/blog\/#\/schema\/logo\/image\/"},"sameAs":["https:\/\/www.facebook.com\/lesentrepreteurs?locale=fr_FR","https:\/\/x.com\/entrepreteurs","https:\/\/www.linkedin.com\/company\/9209775\/admin\/feed\/posts\/"]},{"@type":"Person","@id":"https:\/\/www.lesentrepreteurs.com\/blog\/#\/schema\/person\/1169e54541625b8d3de4b8cc8b65ad44","name":"Marc-Antoine","sameAs":["https:\/\/www.lesentrepreteurs.com\/blog"],"url":"https:\/\/www.lesentrepreteurs.com\/blog\/author\/mvanheems\/"}]}},"_links":{"self":[{"href":"https:\/\/www.lesentrepreteurs.com\/blog\/wp-json\/wp\/v2\/posts\/2714","targetHints":{"allow":["GET"]}}],"collection":[{"href":"https:\/\/www.lesentrepreteurs.com\/blog\/wp-json\/wp\/v2\/posts"}],"about":[{"href":"https:\/\/www.lesentrepreteurs.com\/blog\/wp-json\/wp\/v2\/types\/post"}],"author":[{"embeddable":true,"href":"https:\/\/www.lesentrepreteurs.com\/blog\/wp-json\/wp\/v2\/users\/1"}],"replies":[{"embeddable":true,"href":"https:\/\/www.lesentrepreteurs.com\/blog\/wp-json\/wp\/v2\/comments?post=2714"}],"version-history":[{"count":0,"href":"https:\/\/www.lesentrepreteurs.com\/blog\/wp-json\/wp\/v2\/posts\/2714\/revisions"}],"wp:featuredmedia":[{"embeddable":true,"href":"https:\/\/www.lesentrepreteurs.com\/blog\/wp-json\/wp\/v2\/media\/2839"}],"wp:attachment":[{"href":"https:\/\/www.lesentrepreteurs.com\/blog\/wp-json\/wp\/v2\/media?parent=2714"}],"wp:term":[{"taxonomy":"category","embeddable":true,"href":"https:\/\/www.lesentrepreteurs.com\/blog\/wp-json\/wp\/v2\/categories?post=2714"},{"taxonomy":"post_tag","embeddable":true,"href":"https:\/\/www.lesentrepreteurs.com\/blog\/wp-json\/wp\/v2\/tags?post=2714"}],"curies":[{"name":"wp","href":"https:\/\/api.w.org\/{rel}","templated":true}]}}