{"id":327,"date":"2016-09-09T14:37:57","date_gmt":"2016-09-09T12:37:57","guid":{"rendered":"http:\/\/blog.lesentrepreteurs.com\/?p=327"},"modified":"2024-05-23T18:00:12","modified_gmt":"2024-05-23T16:00:12","slug":"rencontres-pour-lemploi-viticole-pole-emploi-evenement","status":"publish","type":"post","link":"https:\/\/www.lesentrepreteurs.com\/blog\/rencontres-pour-lemploi-viticole-pole-emploi-evenement\/","title":{"rendered":"Rencontres pour l&#8217;emploi viticole : \u00c9v\u00e8nement P\u00f4le Emploi"},"content":{"rendered":"<p>P\u00f4le emploi et ses partenaires organisent, le mardi 8 novembre 2016 de 9h45 \u00e0 12h30, les rencontres pour l&#8217;emploi viticole \u00e0 Cognac.<\/p>\n<p>Dans cette optique, le p\u00f4le emploi a\u00a0r\u00e9cemment r\u00e9dig\u00e9 un article de presse sur le crowdlending, mettant en lumi\u00e8re le projet de la Distillerie de Bercloux financ\u00e9 sur notre plateforme. Retrouvez ci-dessous l&rsquo;article en question:<\/p>\n<p><strong>Financer un projet\u00a0gr\u00e2ce au crowdlending<\/strong><\/p>\n<p><em>Le <a href=\"_wp_link_placeholder\" data-wplink-edit=\"true\">crowdlending<\/a>, forme de financement paticipatif permettant de souscrire un pr\u00eat\u00a0aupr\u00e8s de particuliers, s\u00e9duit de plus en plus et notamment des producteurs de\u00a0spiritueux \u00e0 la recherche de financement.<\/em><\/p>\n<p>Si le crowdfunding propose \u00e0 des particuliers d\u2019investir dans\u00a0des projets en \u00e9change de cadeaux de toutes sortes, le\u00a0crowdlending pr\u00e9f\u00e8re l\u2019appel aux pr\u00eats plut\u00f4t qu\u2019aux dons,<br \/>\npermettant \u00e0 terme de r\u00e9cup\u00e9rer son investissement avec\u00a0des int\u00e9r\u00eats en prime. Sur le march\u00e9 du crowdfunding en\u00a0France, le crowdlending a d\u00e9j\u00e0 collect\u00e9 sur le 1er semestre<br \/>\n2016, 41,1 millions d\u2019euros pour 404 projets financ\u00e9s.<br \/>\nLes Entr\u00eapreteurs, premi\u00e8re agence de financement participatif\u00a0de proximit\u00e9, proposent aux entreprises un financement\u00a0adapt\u00e9 \u00e0 leur besoin et des solutions e-marketing\u00a0pour favoriser leur transformation digitale.<br \/>\nJean-Philippe GONTIER, Pr\u00e9sident des Entrepr\u00eateurs souligne: \u00ab Une campagne de crowdlending n\u2018est pas seulement\u00a0une solution de financement. Elle permet de mettre en\u00a0lumi\u00e8re une entreprise et les raisons de ce d\u00e9veloppement\u00a0aupr\u00e8s de la communaut\u00e9 des \u00ab pr\u00eateurs \u00bb. En soutenant\u00a0un projet, l\u2019adh\u00e9sion \u00e0 l\u2019entreprise des investisseurs est plus\u00a0marqu\u00e9e et la transformation en clients potentiels se fait\u00a0naturellement. C\u2019est \u00e9galement un bon outil promotionnel\u00a0permettant d\u2019\u00e9largir la zone de diffusion de son produit en\u00a0communiquant sur une plateforme nationale \u00bb.<br \/>\nLa Distillerie de Bercloux a pr\u00e9f\u00e9r\u00e9 ce choix plut\u00f4t que\u00a0d\u2019avoir recours \u00e0 l\u2019emprunt bancaire. Situ\u00e9e en Charente-\u00a0Maritime, la soci\u00e9t\u00e9 produit actuellement des bi\u00e8res bio, des<br \/>\nalcools de plantes (absinthe, liqueur de thym-citronn\u00e9 bio,\u00a0gin\u2026), des alcools de fruits. Et depuis janvier 2016, un\u00a0Whisky single malt, tourb\u00e9 et fum\u00e9.<\/p>\n<p>Avec les Entrepr\u00eateurs, la Distillerie de Bercloux esp\u00e8re\u00a0financer 50 tonnes de malt d\u2019orge et 100 f\u00fbts neufs de\u00a0225 litres, permettant de produire l\u2019\u00e9quivalent de 45 000<br \/>\nbouteilles de Whisky. D\u00e9but septembre, la campagne de financement\u00a0avait permis de collecter plus de 50 000 euros.<br \/>\nLa Distillerie esp\u00e8re pouvoir commercialiser environ 1 000\u00a0bouteilles d\u2019ici \u00e0 la fin de l\u2019ann\u00e9e 2017. \u00ab Si le crowdlending\u00a0marche, nous pensons pouvoir en produire environ 30 000<br \/>\nd\u00e8s 2018 \u00bb conclut Philippe LACLIE, G\u00e9rant de la Distillerie\u00a0de Bercloux.<\/p>\n<p>Ci-joint le lien pdf de l&rsquo;article:\u00a0<a href=\"https:\/\/blog.lesentrepreteurs.com\/wp-content\/uploads\/2016\/09\/bat_crowdlending2.pdf\">Evenement pole emploi<\/a><\/p>\n","protected":false},"excerpt":{"rendered":"<p>P\u00f4le emploi et ses partenaires organisent, le mardi 8 novembre 2016 de 9h45 \u00e0 12h30, les rencontres pour l&#8217;emploi viticole \u00e0 Cognac. Dans cette optique, le p\u00f4le emploi a\u00a0r\u00e9cemment r\u00e9dig\u00e9 un article de presse sur le crowdlending, mettant en lumi\u00e8re le projet de la Distillerie de Bercloux financ\u00e9 sur notre plateforme. Retrouvez ci-dessous l&rsquo;article en [&hellip;]<\/p>\n","protected":false},"author":2,"featured_media":337,"comment_status":"open","ping_status":"open","sticky":false,"template":"","format":"standard","meta":{"footnotes":""},"categories":[2],"tags":[],"class_list":["post-327","post","type-post","status-publish","format-standard","has-post-thumbnail","hentry","category-actualites"],"yoast_head":"<!-- This site is optimized with the Yoast SEO plugin v27.3 - https:\/\/yoast.com\/product\/yoast-seo-wordpress\/ -->\n<title>Rencontres pour l&#039;emploi viticole : \u00c9v\u00e9nement P\u00f4le Emploi<\/title>\n<meta name=\"description\" content=\"P\u00f4le emploi et ses partenaires organisent, le mardi 8 novembre 2016 de 9h45 \u00e0 12h30, les rencontres pour l&#039;emploi viticole \u00e0 Cognac.\" \/>\n<meta name=\"robots\" content=\"index, follow, max-snippet:-1, max-image-preview:large, max-video-preview:-1\" \/>\n<link rel=\"canonical\" href=\"https:\/\/www.lesentrepreteurs.com\/blog\/rencontres-pour-lemploi-viticole-pole-emploi-evenement\/\" \/>\n<meta property=\"og:locale\" content=\"fr_FR\" \/>\n<meta property=\"og:type\" content=\"article\" \/>\n<meta property=\"og:title\" content=\"Rencontres pour l&#039;emploi viticole : \u00c9v\u00e9nement P\u00f4le Emploi\" \/>\n<meta property=\"og:description\" content=\"P\u00f4le emploi et ses partenaires organisent, le mardi 8 novembre 2016 de 9h45 \u00e0 12h30, les rencontres pour l&#039;emploi viticole \u00e0 Cognac.\" \/>\n<meta property=\"og:url\" content=\"https:\/\/www.lesentrepreteurs.com\/blog\/rencontres-pour-lemploi-viticole-pole-emploi-evenement\/\" \/>\n<meta property=\"og:site_name\" content=\"Le blog de la plateforme de financement\" \/>\n<meta property=\"article:publisher\" content=\"https:\/\/www.facebook.com\/lesentrepreteurs?locale=fr_FR\" \/>\n<meta property=\"article:published_time\" content=\"2016-09-09T12:37:57+00:00\" \/>\n<meta property=\"article:modified_time\" content=\"2024-05-23T16:00:12+00:00\" \/>\n<meta property=\"og:image\" content=\"https:\/\/www.lesentrepreteurs.com\/blog\/wp-content\/uploads\/2016\/09\/image-article.png\" \/>\n\t<meta property=\"og:image:width\" content=\"792\" \/>\n\t<meta property=\"og:image:height\" content=\"325\" \/>\n\t<meta property=\"og:image:type\" content=\"image\/png\" \/>\n<meta name=\"author\" content=\"Souheun\" \/>\n<meta name=\"twitter:card\" content=\"summary_large_image\" \/>\n<meta name=\"twitter:creator\" content=\"@entrepreteurs\" \/>\n<meta name=\"twitter:site\" content=\"@entrepreteurs\" \/>\n<meta name=\"twitter:label1\" content=\"\u00c9crit par\" \/>\n\t<meta name=\"twitter:data1\" content=\"Souheun\" \/>\n\t<meta name=\"twitter:label2\" content=\"Dur\u00e9e de lecture estim\u00e9e\" \/>\n\t<meta name=\"twitter:data2\" content=\"3 minutes\" \/>\n<script type=\"application\/ld+json\" class=\"yoast-schema-graph\">{\"@context\":\"https:\\\/\\\/schema.org\",\"@graph\":[{\"@type\":\"Article\",\"@id\":\"https:\\\/\\\/www.lesentrepreteurs.com\\\/blog\\\/rencontres-pour-lemploi-viticole-pole-emploi-evenement\\\/#article\",\"isPartOf\":{\"@id\":\"https:\\\/\\\/www.lesentrepreteurs.com\\\/blog\\\/rencontres-pour-lemploi-viticole-pole-emploi-evenement\\\/\"},\"author\":{\"name\":\"Souheun\",\"@id\":\"https:\\\/\\\/www.lesentrepreteurs.com\\\/blog\\\/#\\\/schema\\\/person\\\/5bbb07c49cb3ffddcf609d6412d0b16d\"},\"headline\":\"Rencontres pour l&#8217;emploi viticole : \u00c9v\u00e8nement P\u00f4le Emploi\",\"datePublished\":\"2016-09-09T12:37:57+00:00\",\"dateModified\":\"2024-05-23T16:00:12+00:00\",\"mainEntityOfPage\":{\"@id\":\"https:\\\/\\\/www.lesentrepreteurs.com\\\/blog\\\/rencontres-pour-lemploi-viticole-pole-emploi-evenement\\\/\"},\"wordCount\":446,\"commentCount\":0,\"publisher\":{\"@id\":\"https:\\\/\\\/www.lesentrepreteurs.com\\\/blog\\\/#organization\"},\"image\":{\"@id\":\"https:\\\/\\\/www.lesentrepreteurs.com\\\/blog\\\/rencontres-pour-lemploi-viticole-pole-emploi-evenement\\\/#primaryimage\"},\"thumbnailUrl\":\"https:\\\/\\\/www.lesentrepreteurs.com\\\/blog\\\/wp-content\\\/uploads\\\/2016\\\/09\\\/image-article.png\",\"articleSection\":[\"Actualit\u00e9s\"],\"inLanguage\":\"fr-FR\"},{\"@type\":\"WebPage\",\"@id\":\"https:\\\/\\\/www.lesentrepreteurs.com\\\/blog\\\/rencontres-pour-lemploi-viticole-pole-emploi-evenement\\\/\",\"url\":\"https:\\\/\\\/www.lesentrepreteurs.com\\\/blog\\\/rencontres-pour-lemploi-viticole-pole-emploi-evenement\\\/\",\"name\":\"Rencontres pour l'emploi viticole : \u00c9v\u00e9nement P\u00f4le Emploi\",\"isPartOf\":{\"@id\":\"https:\\\/\\\/www.lesentrepreteurs.com\\\/blog\\\/#website\"},\"primaryImageOfPage\":{\"@id\":\"https:\\\/\\\/www.lesentrepreteurs.com\\\/blog\\\/rencontres-pour-lemploi-viticole-pole-emploi-evenement\\\/#primaryimage\"},\"image\":{\"@id\":\"https:\\\/\\\/www.lesentrepreteurs.com\\\/blog\\\/rencontres-pour-lemploi-viticole-pole-emploi-evenement\\\/#primaryimage\"},\"thumbnailUrl\":\"https:\\\/\\\/www.lesentrepreteurs.com\\\/blog\\\/wp-content\\\/uploads\\\/2016\\\/09\\\/image-article.png\",\"datePublished\":\"2016-09-09T12:37:57+00:00\",\"dateModified\":\"2024-05-23T16:00:12+00:00\",\"description\":\"P\u00f4le emploi et ses partenaires organisent, le mardi 8 novembre 2016 de 9h45 \u00e0 12h30, les rencontres pour l'emploi viticole \u00e0 Cognac.\",\"breadcrumb\":{\"@id\":\"https:\\\/\\\/www.lesentrepreteurs.com\\\/blog\\\/rencontres-pour-lemploi-viticole-pole-emploi-evenement\\\/#breadcrumb\"},\"inLanguage\":\"fr-FR\",\"potentialAction\":[{\"@type\":\"ReadAction\",\"target\":[\"https:\\\/\\\/www.lesentrepreteurs.com\\\/blog\\\/rencontres-pour-lemploi-viticole-pole-emploi-evenement\\\/\"]}]},{\"@type\":\"ImageObject\",\"inLanguage\":\"fr-FR\",\"@id\":\"https:\\\/\\\/www.lesentrepreteurs.com\\\/blog\\\/rencontres-pour-lemploi-viticole-pole-emploi-evenement\\\/#primaryimage\",\"url\":\"https:\\\/\\\/www.lesentrepreteurs.com\\\/blog\\\/wp-content\\\/uploads\\\/2016\\\/09\\\/image-article.png\",\"contentUrl\":\"https:\\\/\\\/www.lesentrepreteurs.com\\\/blog\\\/wp-content\\\/uploads\\\/2016\\\/09\\\/image-article.png\",\"width\":792,\"height\":325},{\"@type\":\"BreadcrumbList\",\"@id\":\"https:\\\/\\\/www.lesentrepreteurs.com\\\/blog\\\/rencontres-pour-lemploi-viticole-pole-emploi-evenement\\\/#breadcrumb\",\"itemListElement\":[{\"@type\":\"ListItem\",\"position\":1,\"name\":\"Accueil\",\"item\":\"https:\\\/\\\/www.lesentrepreteurs.com\\\/blog\\\/\"},{\"@type\":\"ListItem\",\"position\":2,\"name\":\"Rencontres pour l&#8217;emploi viticole : \u00c9v\u00e8nement P\u00f4le Emploi\"}]},{\"@type\":\"WebSite\",\"@id\":\"https:\\\/\\\/www.lesentrepreteurs.com\\\/blog\\\/#website\",\"url\":\"https:\\\/\\\/www.lesentrepreteurs.com\\\/blog\\\/\",\"name\":\"Entre-nous, le blog des Entrepr\u00eateurs\",\"description\":\"Entre nous - Le blog des Entrepr\u00eateurs\",\"publisher\":{\"@id\":\"https:\\\/\\\/www.lesentrepreteurs.com\\\/blog\\\/#organization\"},\"potentialAction\":[{\"@type\":\"SearchAction\",\"target\":{\"@type\":\"EntryPoint\",\"urlTemplate\":\"https:\\\/\\\/www.lesentrepreteurs.com\\\/blog\\\/?s={search_term_string}\"},\"query-input\":{\"@type\":\"PropertyValueSpecification\",\"valueRequired\":true,\"valueName\":\"search_term_string\"}}],\"inLanguage\":\"fr-FR\"},{\"@type\":\"Organization\",\"@id\":\"https:\\\/\\\/www.lesentrepreteurs.com\\\/blog\\\/#organization\",\"name\":\"Le blog de la plateforme de financement\",\"url\":\"https:\\\/\\\/www.lesentrepreteurs.com\\\/blog\\\/\",\"logo\":{\"@type\":\"ImageObject\",\"inLanguage\":\"fr-FR\",\"@id\":\"https:\\\/\\\/www.lesentrepreteurs.com\\\/blog\\\/#\\\/schema\\\/logo\\\/image\\\/\",\"url\":\"https:\\\/\\\/www.lesentrepreteurs.com\\\/blog\\\/wp-content\\\/uploads\\\/2025\\\/10\\\/cropped-Logo_blog_ok.png\",\"contentUrl\":\"https:\\\/\\\/www.lesentrepreteurs.com\\\/blog\\\/wp-content\\\/uploads\\\/2025\\\/10\\\/cropped-Logo_blog_ok.png\",\"width\":300,\"height\":78,\"caption\":\"Le blog de la plateforme de financement\"},\"image\":{\"@id\":\"https:\\\/\\\/www.lesentrepreteurs.com\\\/blog\\\/#\\\/schema\\\/logo\\\/image\\\/\"},\"sameAs\":[\"https:\\\/\\\/www.facebook.com\\\/lesentrepreteurs?locale=fr_FR\",\"https:\\\/\\\/x.com\\\/entrepreteurs\",\"https:\\\/\\\/www.linkedin.com\\\/company\\\/9209775\\\/admin\\\/feed\\\/posts\\\/\"]},{\"@type\":\"Person\",\"@id\":\"https:\\\/\\\/www.lesentrepreteurs.com\\\/blog\\\/#\\\/schema\\\/person\\\/5bbb07c49cb3ffddcf609d6412d0b16d\",\"name\":\"Souheun\",\"url\":\"https:\\\/\\\/www.lesentrepreteurs.com\\\/blog\\\/author\\\/sl10\\\/\"}]}<\/script>\n<!-- \/ Yoast SEO plugin. -->","yoast_head_json":{"title":"Rencontres pour l'emploi viticole : \u00c9v\u00e9nement P\u00f4le Emploi","description":"P\u00f4le emploi et ses partenaires organisent, le mardi 8 novembre 2016 de 9h45 \u00e0 12h30, les rencontres pour l'emploi viticole \u00e0 Cognac.","robots":{"index":"index","follow":"follow","max-snippet":"max-snippet:-1","max-image-preview":"max-image-preview:large","max-video-preview":"max-video-preview:-1"},"canonical":"https:\/\/www.lesentrepreteurs.com\/blog\/rencontres-pour-lemploi-viticole-pole-emploi-evenement\/","og_locale":"fr_FR","og_type":"article","og_title":"Rencontres pour l'emploi viticole : \u00c9v\u00e9nement P\u00f4le Emploi","og_description":"P\u00f4le emploi et ses partenaires organisent, le mardi 8 novembre 2016 de 9h45 \u00e0 12h30, les rencontres pour l'emploi viticole \u00e0 Cognac.","og_url":"https:\/\/www.lesentrepreteurs.com\/blog\/rencontres-pour-lemploi-viticole-pole-emploi-evenement\/","og_site_name":"Le blog de la plateforme de financement","article_publisher":"https:\/\/www.facebook.com\/lesentrepreteurs?locale=fr_FR","article_published_time":"2016-09-09T12:37:57+00:00","article_modified_time":"2024-05-23T16:00:12+00:00","og_image":[{"width":792,"height":325,"url":"https:\/\/www.lesentrepreteurs.com\/blog\/wp-content\/uploads\/2016\/09\/image-article.png","type":"image\/png"}],"author":"Souheun","twitter_card":"summary_large_image","twitter_creator":"@entrepreteurs","twitter_site":"@entrepreteurs","twitter_misc":{"\u00c9crit par":"Souheun","Dur\u00e9e de lecture estim\u00e9e":"3 minutes"},"schema":{"@context":"https:\/\/schema.org","@graph":[{"@type":"Article","@id":"https:\/\/www.lesentrepreteurs.com\/blog\/rencontres-pour-lemploi-viticole-pole-emploi-evenement\/#article","isPartOf":{"@id":"https:\/\/www.lesentrepreteurs.com\/blog\/rencontres-pour-lemploi-viticole-pole-emploi-evenement\/"},"author":{"name":"Souheun","@id":"https:\/\/www.lesentrepreteurs.com\/blog\/#\/schema\/person\/5bbb07c49cb3ffddcf609d6412d0b16d"},"headline":"Rencontres pour l&#8217;emploi viticole : \u00c9v\u00e8nement P\u00f4le Emploi","datePublished":"2016-09-09T12:37:57+00:00","dateModified":"2024-05-23T16:00:12+00:00","mainEntityOfPage":{"@id":"https:\/\/www.lesentrepreteurs.com\/blog\/rencontres-pour-lemploi-viticole-pole-emploi-evenement\/"},"wordCount":446,"commentCount":0,"publisher":{"@id":"https:\/\/www.lesentrepreteurs.com\/blog\/#organization"},"image":{"@id":"https:\/\/www.lesentrepreteurs.com\/blog\/rencontres-pour-lemploi-viticole-pole-emploi-evenement\/#primaryimage"},"thumbnailUrl":"https:\/\/www.lesentrepreteurs.com\/blog\/wp-content\/uploads\/2016\/09\/image-article.png","articleSection":["Actualit\u00e9s"],"inLanguage":"fr-FR"},{"@type":"WebPage","@id":"https:\/\/www.lesentrepreteurs.com\/blog\/rencontres-pour-lemploi-viticole-pole-emploi-evenement\/","url":"https:\/\/www.lesentrepreteurs.com\/blog\/rencontres-pour-lemploi-viticole-pole-emploi-evenement\/","name":"Rencontres pour l'emploi viticole : \u00c9v\u00e9nement P\u00f4le Emploi","isPartOf":{"@id":"https:\/\/www.lesentrepreteurs.com\/blog\/#website"},"primaryImageOfPage":{"@id":"https:\/\/www.lesentrepreteurs.com\/blog\/rencontres-pour-lemploi-viticole-pole-emploi-evenement\/#primaryimage"},"image":{"@id":"https:\/\/www.lesentrepreteurs.com\/blog\/rencontres-pour-lemploi-viticole-pole-emploi-evenement\/#primaryimage"},"thumbnailUrl":"https:\/\/www.lesentrepreteurs.com\/blog\/wp-content\/uploads\/2016\/09\/image-article.png","datePublished":"2016-09-09T12:37:57+00:00","dateModified":"2024-05-23T16:00:12+00:00","description":"P\u00f4le emploi et ses partenaires organisent, le mardi 8 novembre 2016 de 9h45 \u00e0 12h30, les rencontres pour l'emploi viticole \u00e0 Cognac.","breadcrumb":{"@id":"https:\/\/www.lesentrepreteurs.com\/blog\/rencontres-pour-lemploi-viticole-pole-emploi-evenement\/#breadcrumb"},"inLanguage":"fr-FR","potentialAction":[{"@type":"ReadAction","target":["https:\/\/www.lesentrepreteurs.com\/blog\/rencontres-pour-lemploi-viticole-pole-emploi-evenement\/"]}]},{"@type":"ImageObject","inLanguage":"fr-FR","@id":"https:\/\/www.lesentrepreteurs.com\/blog\/rencontres-pour-lemploi-viticole-pole-emploi-evenement\/#primaryimage","url":"https:\/\/www.lesentrepreteurs.com\/blog\/wp-content\/uploads\/2016\/09\/image-article.png","contentUrl":"https:\/\/www.lesentrepreteurs.com\/blog\/wp-content\/uploads\/2016\/09\/image-article.png","width":792,"height":325},{"@type":"BreadcrumbList","@id":"https:\/\/www.lesentrepreteurs.com\/blog\/rencontres-pour-lemploi-viticole-pole-emploi-evenement\/#breadcrumb","itemListElement":[{"@type":"ListItem","position":1,"name":"Accueil","item":"https:\/\/www.lesentrepreteurs.com\/blog\/"},{"@type":"ListItem","position":2,"name":"Rencontres pour l&#8217;emploi viticole : \u00c9v\u00e8nement P\u00f4le Emploi"}]},{"@type":"WebSite","@id":"https:\/\/www.lesentrepreteurs.com\/blog\/#website","url":"https:\/\/www.lesentrepreteurs.com\/blog\/","name":"Entre-nous, le blog des Entrepr\u00eateurs","description":"Entre nous - Le blog des Entrepr\u00eateurs","publisher":{"@id":"https:\/\/www.lesentrepreteurs.com\/blog\/#organization"},"potentialAction":[{"@type":"SearchAction","target":{"@type":"EntryPoint","urlTemplate":"https:\/\/www.lesentrepreteurs.com\/blog\/?s={search_term_string}"},"query-input":{"@type":"PropertyValueSpecification","valueRequired":true,"valueName":"search_term_string"}}],"inLanguage":"fr-FR"},{"@type":"Organization","@id":"https:\/\/www.lesentrepreteurs.com\/blog\/#organization","name":"Le blog de la plateforme de financement","url":"https:\/\/www.lesentrepreteurs.com\/blog\/","logo":{"@type":"ImageObject","inLanguage":"fr-FR","@id":"https:\/\/www.lesentrepreteurs.com\/blog\/#\/schema\/logo\/image\/","url":"https:\/\/www.lesentrepreteurs.com\/blog\/wp-content\/uploads\/2025\/10\/cropped-Logo_blog_ok.png","contentUrl":"https:\/\/www.lesentrepreteurs.com\/blog\/wp-content\/uploads\/2025\/10\/cropped-Logo_blog_ok.png","width":300,"height":78,"caption":"Le blog de la plateforme de financement"},"image":{"@id":"https:\/\/www.lesentrepreteurs.com\/blog\/#\/schema\/logo\/image\/"},"sameAs":["https:\/\/www.facebook.com\/lesentrepreteurs?locale=fr_FR","https:\/\/x.com\/entrepreteurs","https:\/\/www.linkedin.com\/company\/9209775\/admin\/feed\/posts\/"]},{"@type":"Person","@id":"https:\/\/www.lesentrepreteurs.com\/blog\/#\/schema\/person\/5bbb07c49cb3ffddcf609d6412d0b16d","name":"Souheun","url":"https:\/\/www.lesentrepreteurs.com\/blog\/author\/sl10\/"}]}},"_links":{"self":[{"href":"https:\/\/www.lesentrepreteurs.com\/blog\/wp-json\/wp\/v2\/posts\/327","targetHints":{"allow":["GET"]}}],"collection":[{"href":"https:\/\/www.lesentrepreteurs.com\/blog\/wp-json\/wp\/v2\/posts"}],"about":[{"href":"https:\/\/www.lesentrepreteurs.com\/blog\/wp-json\/wp\/v2\/types\/post"}],"author":[{"embeddable":true,"href":"https:\/\/www.lesentrepreteurs.com\/blog\/wp-json\/wp\/v2\/users\/2"}],"replies":[{"embeddable":true,"href":"https:\/\/www.lesentrepreteurs.com\/blog\/wp-json\/wp\/v2\/comments?post=327"}],"version-history":[{"count":2,"href":"https:\/\/www.lesentrepreteurs.com\/blog\/wp-json\/wp\/v2\/posts\/327\/revisions"}],"predecessor-version":[{"id":4607,"href":"https:\/\/www.lesentrepreteurs.com\/blog\/wp-json\/wp\/v2\/posts\/327\/revisions\/4607"}],"wp:featuredmedia":[{"embeddable":true,"href":"https:\/\/www.lesentrepreteurs.com\/blog\/wp-json\/wp\/v2\/media\/337"}],"wp:attachment":[{"href":"https:\/\/www.lesentrepreteurs.com\/blog\/wp-json\/wp\/v2\/media?parent=327"}],"wp:term":[{"taxonomy":"category","embeddable":true,"href":"https:\/\/www.lesentrepreteurs.com\/blog\/wp-json\/wp\/v2\/categories?post=327"},{"taxonomy":"post_tag","embeddable":true,"href":"https:\/\/www.lesentrepreteurs.com\/blog\/wp-json\/wp\/v2\/tags?post=327"}],"curies":[{"name":"wp","href":"https:\/\/api.w.org\/{rel}","templated":true}]}}