{"id":3929,"date":"2023-03-31T18:47:40","date_gmt":"2023-03-31T16:47:40","guid":{"rendered":"https:\/\/blog.lesentrepreteurs.com\/?p=3929"},"modified":"2026-02-27T15:26:43","modified_gmt":"2026-02-27T14:26:43","slug":"tout-comprendre-sur-le-fonctionnement-interets-intercalaires","status":"publish","type":"post","link":"https:\/\/www.lesentrepreteurs.com\/blog\/tout-comprendre-sur-le-fonctionnement-interets-intercalaires\/","title":{"rendered":"Tout comprendre sur le fonctionnement des int\u00e9r\u00eats intercalaires"},"content":{"rendered":"\n<p>Nous avons remarqu\u00e9 que beaucoup d\u2019investisseurs se posaient des questions concernant le fonctionnement des int\u00e9r\u00eats intercalaires.  <em>A quoi cela correspond ? Pourquoi percevez vous des int\u00e9r\u00eats intercalaires sur certains dossiers ? Comment sont-ils calcul\u00e9s ? Comment visualiser ses int\u00e9r\u00eats sur votre tableau de bord ?<\/em> <\/p>\n\n\n\n<p><strong>Nous allons vous apporter dans cet article tous les \u00e9l\u00e9ments de r\u00e9ponse en vous expliquant le fonctionnement de la plateforme.&nbsp;<\/strong><\/p>\n\n\n\n<h2 class=\"wp-block-heading\">Int\u00e9r\u00eats \u00ab\u00a0classiques\u00a0\u00bb et int\u00e9r\u00eats intercalaires<\/h2>\n\n\n\n<p>Pour bien comprendre la diff\u00e9rence entre des int\u00e9r\u00eats \u00ab\u00a0classiques\u00a0\u00bb et des int\u00e9r\u00eats intercalaires, le bon point de d\u00e9part est de reprendre le d\u00e9roulement d&rsquo;une collecte. Pour lancer une collecte, le porteur de projet signe un contrat de prestation avec <a href=\"https:\/\/www.lesentrepreteurs.com\/\">Les Entrepr\u00eateurs<\/a> ce qui nous permet de valider la configuration d\u2019\u00e9mission du projet notamment la temporalit\u00e9 de remboursement.<br><br>Votre capital et vos int\u00e9r\u00eats peuvent \u00eatre rembours\u00e9s tous les mois, tous les trimestres, tous les semestres, tous les ans ou encore \u00e0 la fin du projet (in fine).<\/p>\n\n\n\n<p>Les investissements que vous r\u00e9alisez via la plateforme g\u00e9n\u00e8rent des int\u00e9r\u00eats sur la p\u00e9riode d\u00e9finie contractuellement qui est mat\u00e9rialis\u00e9e par l\u2019\u00e9ch\u00e9ancier de remboursement. Ces int\u00e9r\u00eats apparaissent \u00e9galement dans les documents d\u2019investissement que vous retrouvez ensuite dans votre portefeuille de dettes.&nbsp;<\/p>\n\n\n\n<p><strong>Les int\u00e9r\u00eats intercalaires sont des int\u00e9r\u00eats qui couvrent une partie de la p\u00e9riode entre la fin de collecte et la p\u00e9riode couverte par votre \u00e9ch\u00e9ancier.<\/strong><\/p>\n\n\n\n<h2 class=\"wp-block-heading\">Comprendre le processus de fin d&rsquo;une collecte<\/h2>\n\n\n\n<p>Lorsque la collecte est termin\u00e9e, les investisseurs non avertis disposent d\u2019une p\u00e9riode de r\u00e9tractation de 4 jours. Pass\u00e9 ce d\u00e9lai, nous proc\u00e9dons \u00e0 la contresignature de l\u2019ensemble des documents d\u2019investissement.<\/p>\n\n\n\n<p>Simultan\u00e9ment, nous effectuons les v\u00e9rifications r\u00e9glementaires, telles que la validation du KYC, la signature du mandat de pr\u00e9l\u00e8vement pour les remboursements, ainsi que la signature des garanties li\u00e9es au projet. La plateforme d\u00e9bloque ensuite l\u2019argent sur le compte bancaire du porteur de projet, une fois toutes ces v\u00e9rifications r\u00e9alis\u00e9es.<br><br><strong>Un d\u00e9lai de 3 jours ouvr\u00e9s en moyenne est n\u00e9cessaire pour que le porteur de projet re\u00e7oive les fonds. <\/strong>N\u00e9anmoins il peut arriver qu\u2019il manque un \u00e9l\u00e9ment administratif ou une signature qui retarde le d\u00e9blocage des fonds.<br><\/p>\n\n\n\n<h2 class=\"wp-block-heading\">Comprendre le fonctionnement des int\u00e9r\u00eats intercalaires<\/h2>\n\n\n\n<p><strong>Le calcul des int\u00e9r\u00eats intercalaires va d\u00e9pendre d\u2019un crit\u00e8re qui ne peut \u00eatre connu \u00e0 l\u2019avance, \u00e0 savoir la date de cl\u00f4ture de la collecte<\/strong>. Si une collecte est pr\u00e9vue au d\u00e9part pour une dur\u00e9e de 30 jours, dans 90% des cas la collecte est plus courte et dure souvent quelques jours voire quelques minutes.<\/p>\n\n\n\n<p>La date de fin de collecte \u00e9tant incertaine, les int\u00e9r\u00eats intercalaires ne peuvent donc pas figurer dans l\u2019\u00e9ch\u00e9ancier initial g\u00e9n\u00e9r\u00e9 lors de votre investissement.<\/p>\n\n\n\n<p>La moyenne constat\u00e9e de mise \u00e0 disposition des fonds au porteur de projet \u00e9tant de l\u2019ordre de 3 jours ouvr\u00e9s, c\u2019est ce d\u00e9lai qui est utilis\u00e9 apr\u00e8s la cl\u00f4ture de collecte avant de consid\u00e9rer le d\u00e9but de la p\u00e9riode durant laquelle ils courent. Cette p\u00e9riode s\u2019arr\u00eate juste avant le d\u00e9but de l\u2019\u00e9ch\u00e9ancier.<br><br><em><span style=\"text-decoration: underline;\">Exemple :<\/span>&nbsp; Une collecte a lieu pour un projet avec un amortissement mensuel d\u2019une dur\u00e9e d\u2019un an, dont le remboursement se termine le 15 juin 2024.<br>&#8211; La p\u00e9riode d\u2019int\u00e9r\u00eats couverte par l\u2019\u00e9ch\u00e9ancier commence le 16 juin 2023 et se termine le 15 juin 2024.<br>&#8211; La premi\u00e8re \u00e9ch\u00e9ance aura lieu le 15 juillet 2023 et les int\u00e9r\u00eats pay\u00e9s \u00e0 cette date couvriront la p\u00e9riode du 16 juin 2023 au 15 juillet 2023.<\/em><br><br><em><strong>Cas 1 :<\/strong> la collecte se termine le 2 juin 2023 qui est un vendredi. Si l\u2019on compte 3 jours ouvr\u00e9s, le week-end \u00e9tant au milieu, la date de d\u00e9but de calcul des int\u00e9r\u00eats intercalaires sera le 7 juin, et la date de fin sera le 15 juin puisqu\u2019\u00e0 partir du 16 nous serions dans la p\u00e9riode couverte par l\u2019\u00e9ch\u00e9ancier. Du 7 au 15 juin, la journ\u00e9e du 7 \u00e9tant incluse dans le d\u00e9compte, il y a donc 9 jours d\u2019int\u00e9r\u00eats intercalaires.<\/em><\/p>\n\n\n\n<p><em><strong>Cas 2 :<\/strong> la collecte se termine le 13 juin ou plus tard. En comptant les 3 jours n\u00e9cessaires aux diff\u00e9rents traitements, on arrive au 16 juin, il n\u2019y aura donc pas d\u2019int\u00e9r\u00eats intercalaires.<\/em><\/p>\n\n\n\n<h2 class=\"wp-block-heading\">Comment calculer ses int\u00e9r\u00eats intercalaires ?<\/h2>\n\n\n\n<p>Voici le mode de calcul des int\u00e9r\u00eats intercalaires :&nbsp;<\/p>\n\n\n\n<p><strong>Montant collect\u00e9 par la plateforme x le taux d\u2019int\u00e9r\u00eat du dossier \/ 365&nbsp; x Nombre de jours d\u2019int\u00e9r\u00eats intercalaires<\/strong><\/p>\n\n\n\n<p><em><span style=\"text-decoration: underline;\">Exemple :<\/span> Vous investissez&nbsp; le 21 Mars la somme de 1000 \u20ac \u00e0 9% sur un projet \u00e0 amortissement mensuel.<br>La collecte se termine le 22 Mars,&nbsp; le d\u00e9lai de 3 jours (+week-end) am\u00e8ne au lundi 27 mars. Si l&rsquo;\u00e9ch\u00e9ancier commence le 15 Mai, la premi\u00e8re \u00e9ch\u00e9ance couvrira la p\u00e9riode du 16 avril au 15 mai, vous percevrez donc des int\u00e9r\u00eats intercalaires calcul\u00e9s du 27 Mars (inclus) au 15 avril soit 20 jours.<\/em><\/p>\n\n\n\n<p><em>Le montant de vos int\u00e9r\u00eats intercalaires sera donc de 1000 x 9% \/ 365 x 20 = 4,93 \u20ac<br><\/em><\/p>\n\n\n\n<h2 class=\"wp-block-heading\">Comment consulter les versements sur son compte<\/h2>\n\n\n\n<p>Vos int\u00e9r\u00eats intercalaires apparaissent dans votre relev\u00e9 de compte et sont cr\u00e9dit\u00e9s en m\u00eame temps que la premi\u00e8re \u00e9ch\u00e9ance d\u2019un dossier.<\/p>\n\n\n\n<figure class=\"wp-block-image size-large\"><img loading=\"lazy\" decoding=\"async\" width=\"1024\" height=\"109\" src=\"https:\/\/blog.lesentrepreteurs.com\/wp-content\/uploads\/2023\/03\/releve-1024x109.jpg\" alt=\"releve\" class=\"wp-image-3936\" srcset=\"https:\/\/www.lesentrepreteurs.com\/blog\/wp-content\/uploads\/2023\/03\/releve-1024x109.jpg 1024w, https:\/\/www.lesentrepreteurs.com\/blog\/wp-content\/uploads\/2023\/03\/releve-300x32.jpg 300w, https:\/\/www.lesentrepreteurs.com\/blog\/wp-content\/uploads\/2023\/03\/releve-768x82.jpg 768w, https:\/\/www.lesentrepreteurs.com\/blog\/wp-content\/uploads\/2023\/03\/releve.jpg 1253w\" sizes=\"auto, (max-width: 1024px) 100vw, 1024px\" \/><\/figure>\n\n\n\n<p>Vous pouvez \u00e9galement visionner toutes les transactions d\u2019un dossier \u00e0 partir de votre portefeuille de dettes en cliquant sur le lien : \u201cVoir toutes les transactions du dossier\u201d<\/p>\n\n\n\n<figure class=\"wp-block-image size-large\"><img loading=\"lazy\" decoding=\"async\" width=\"1024\" height=\"540\" src=\"https:\/\/blog.lesentrepreteurs.com\/wp-content\/uploads\/2023\/03\/portefeuille-1024x540.jpg\" alt=\"portefeuille\" class=\"wp-image-3937\" srcset=\"https:\/\/www.lesentrepreteurs.com\/blog\/wp-content\/uploads\/2023\/03\/portefeuille-1024x540.jpg 1024w, https:\/\/www.lesentrepreteurs.com\/blog\/wp-content\/uploads\/2023\/03\/portefeuille-300x158.jpg 300w, https:\/\/www.lesentrepreteurs.com\/blog\/wp-content\/uploads\/2023\/03\/portefeuille-768x405.jpg 768w, https:\/\/www.lesentrepreteurs.com\/blog\/wp-content\/uploads\/2023\/03\/portefeuille.jpg 1358w\" sizes=\"auto, (max-width: 1024px) 100vw, 1024px\" \/><\/figure>\n\n\n\n<p><\/p>\n\n\n\n<p><em>Si avez des questions sur cet article, n&rsquo;h\u00e9sitez pas \u00e0 laisser un commentaire !<\/em><\/p>\n\n\n\n<p>Consulter \u00e9galement l&rsquo;article : <a href=\"https:\/\/blog.lesentrepreteurs.com\/2023\/01\/25\/comment-reduire-ses-impots-avec-le-crowdfunding\/\">Comment r\u00e9duire ses imp\u00f4ts ?<\/a><\/p>\n","protected":false},"excerpt":{"rendered":"<p>Nous avons remarqu\u00e9 que beaucoup d\u2019investisseurs se posaient des questions concernant le fonctionnement des int\u00e9r\u00eats intercalaires. A quoi cela correspond ? Pourquoi percevez vous des int\u00e9r\u00eats intercalaires sur certains dossiers ? Comment sont-ils calcul\u00e9s ? Comment visualiser ses int\u00e9r\u00eats sur votre tableau de bord ? Nous allons vous apporter dans cet article tous les \u00e9l\u00e9ments [&hellip;]<\/p>\n","protected":false},"author":1,"featured_media":3934,"comment_status":"closed","ping_status":"closed","sticky":false,"template":"","format":"standard","meta":{"footnotes":""},"categories":[5],"tags":[12,15],"class_list":["post-3929","post","type-post","status-publish","format-standard","has-post-thumbnail","hentry","category-declaration-de-revenus","tag-fintech","tag-impots"],"yoast_head":"<!-- This site is optimized with the Yoast SEO plugin v27.3 - https:\/\/yoast.com\/product\/yoast-seo-wordpress\/ -->\n<title>Tout comprendre sur le fonctionnement des int\u00e9r\u00eats intercalaires<\/title>\n<meta name=\"description\" content=\"Article sp\u00e9cial int\u00e9r\u00eats intercalaires : quel est le fonctionnement et le mode de calcul de ses int\u00e9r\u00eats per\u00e7us par les investisseurs.\" \/>\n<meta name=\"robots\" content=\"index, follow, max-snippet:-1, max-image-preview:large, max-video-preview:-1\" \/>\n<link rel=\"canonical\" href=\"https:\/\/www.lesentrepreteurs.com\/blog\/tout-comprendre-sur-le-fonctionnement-interets-intercalaires\/\" \/>\n<meta property=\"og:locale\" content=\"fr_FR\" \/>\n<meta property=\"og:type\" content=\"article\" \/>\n<meta property=\"og:title\" content=\"Tout comprendre sur le fonctionnement des int\u00e9r\u00eats intercalaires\" \/>\n<meta property=\"og:description\" content=\"Article sp\u00e9cial int\u00e9r\u00eats intercalaires : quel est le fonctionnement et le mode de calcul de ses int\u00e9r\u00eats per\u00e7us par les investisseurs.\" \/>\n<meta property=\"og:url\" content=\"https:\/\/www.lesentrepreteurs.com\/blog\/tout-comprendre-sur-le-fonctionnement-interets-intercalaires\/\" \/>\n<meta property=\"og:site_name\" content=\"Le blog de la plateforme de financement\" \/>\n<meta property=\"article:publisher\" content=\"https:\/\/www.facebook.com\/lesentrepreteurs?locale=fr_FR\" \/>\n<meta property=\"article:published_time\" content=\"2023-03-31T16:47:40+00:00\" \/>\n<meta property=\"article:modified_time\" content=\"2026-02-27T14:26:43+00:00\" \/>\n<meta property=\"og:image\" content=\"https:\/\/www.lesentrepreteurs.com\/blog\/wp-content\/uploads\/2023\/03\/une_interet_intercalaire.jpg\" \/>\n\t<meta property=\"og:image:width\" content=\"946\" \/>\n\t<meta property=\"og:image:height\" content=\"566\" \/>\n\t<meta property=\"og:image:type\" content=\"image\/jpeg\" \/>\n<meta name=\"author\" content=\"Marc-Antoine\" \/>\n<meta name=\"twitter:card\" content=\"summary_large_image\" \/>\n<meta name=\"twitter:creator\" content=\"@entrepreteurs\" \/>\n<meta name=\"twitter:site\" content=\"@entrepreteurs\" \/>\n<meta name=\"twitter:label1\" content=\"\u00c9crit par\" \/>\n\t<meta name=\"twitter:data1\" content=\"Marc-Antoine\" \/>\n\t<meta name=\"twitter:label2\" content=\"Dur\u00e9e de lecture estim\u00e9e\" \/>\n\t<meta name=\"twitter:data2\" content=\"5 minutes\" \/>\n<script type=\"application\/ld+json\" class=\"yoast-schema-graph\">{\"@context\":\"https:\\\/\\\/schema.org\",\"@graph\":[{\"@type\":\"Article\",\"@id\":\"https:\\\/\\\/www.lesentrepreteurs.com\\\/blog\\\/tout-comprendre-sur-le-fonctionnement-interets-intercalaires\\\/#article\",\"isPartOf\":{\"@id\":\"https:\\\/\\\/www.lesentrepreteurs.com\\\/blog\\\/tout-comprendre-sur-le-fonctionnement-interets-intercalaires\\\/\"},\"author\":{\"name\":\"Marc-Antoine\",\"@id\":\"https:\\\/\\\/www.lesentrepreteurs.com\\\/blog\\\/#\\\/schema\\\/person\\\/1169e54541625b8d3de4b8cc8b65ad44\"},\"headline\":\"Tout comprendre sur le fonctionnement des int\u00e9r\u00eats intercalaires\",\"datePublished\":\"2023-03-31T16:47:40+00:00\",\"dateModified\":\"2026-02-27T14:26:43+00:00\",\"mainEntityOfPage\":{\"@id\":\"https:\\\/\\\/www.lesentrepreteurs.com\\\/blog\\\/tout-comprendre-sur-le-fonctionnement-interets-intercalaires\\\/\"},\"wordCount\":989,\"publisher\":{\"@id\":\"https:\\\/\\\/www.lesentrepreteurs.com\\\/blog\\\/#organization\"},\"image\":{\"@id\":\"https:\\\/\\\/www.lesentrepreteurs.com\\\/blog\\\/tout-comprendre-sur-le-fonctionnement-interets-intercalaires\\\/#primaryimage\"},\"thumbnailUrl\":\"https:\\\/\\\/www.lesentrepreteurs.com\\\/blog\\\/wp-content\\\/uploads\\\/2023\\\/03\\\/une_interet_intercalaire.jpg\",\"keywords\":[\"fintech\",\"imp\u00f4ts\"],\"articleSection\":[\"Fiscalit\u00e9\"],\"inLanguage\":\"fr-FR\"},{\"@type\":\"WebPage\",\"@id\":\"https:\\\/\\\/www.lesentrepreteurs.com\\\/blog\\\/tout-comprendre-sur-le-fonctionnement-interets-intercalaires\\\/\",\"url\":\"https:\\\/\\\/www.lesentrepreteurs.com\\\/blog\\\/tout-comprendre-sur-le-fonctionnement-interets-intercalaires\\\/\",\"name\":\"Tout comprendre sur le fonctionnement des int\u00e9r\u00eats intercalaires\",\"isPartOf\":{\"@id\":\"https:\\\/\\\/www.lesentrepreteurs.com\\\/blog\\\/#website\"},\"primaryImageOfPage\":{\"@id\":\"https:\\\/\\\/www.lesentrepreteurs.com\\\/blog\\\/tout-comprendre-sur-le-fonctionnement-interets-intercalaires\\\/#primaryimage\"},\"image\":{\"@id\":\"https:\\\/\\\/www.lesentrepreteurs.com\\\/blog\\\/tout-comprendre-sur-le-fonctionnement-interets-intercalaires\\\/#primaryimage\"},\"thumbnailUrl\":\"https:\\\/\\\/www.lesentrepreteurs.com\\\/blog\\\/wp-content\\\/uploads\\\/2023\\\/03\\\/une_interet_intercalaire.jpg\",\"datePublished\":\"2023-03-31T16:47:40+00:00\",\"dateModified\":\"2026-02-27T14:26:43+00:00\",\"description\":\"Article sp\u00e9cial int\u00e9r\u00eats intercalaires : quel est le fonctionnement et le mode de calcul de ses int\u00e9r\u00eats per\u00e7us par les investisseurs.\",\"breadcrumb\":{\"@id\":\"https:\\\/\\\/www.lesentrepreteurs.com\\\/blog\\\/tout-comprendre-sur-le-fonctionnement-interets-intercalaires\\\/#breadcrumb\"},\"inLanguage\":\"fr-FR\",\"potentialAction\":[{\"@type\":\"ReadAction\",\"target\":[\"https:\\\/\\\/www.lesentrepreteurs.com\\\/blog\\\/tout-comprendre-sur-le-fonctionnement-interets-intercalaires\\\/\"]}]},{\"@type\":\"ImageObject\",\"inLanguage\":\"fr-FR\",\"@id\":\"https:\\\/\\\/www.lesentrepreteurs.com\\\/blog\\\/tout-comprendre-sur-le-fonctionnement-interets-intercalaires\\\/#primaryimage\",\"url\":\"https:\\\/\\\/www.lesentrepreteurs.com\\\/blog\\\/wp-content\\\/uploads\\\/2023\\\/03\\\/une_interet_intercalaire.jpg\",\"contentUrl\":\"https:\\\/\\\/www.lesentrepreteurs.com\\\/blog\\\/wp-content\\\/uploads\\\/2023\\\/03\\\/une_interet_intercalaire.jpg\",\"width\":946,\"height\":566,\"caption\":\"une interet intercalaire\"},{\"@type\":\"BreadcrumbList\",\"@id\":\"https:\\\/\\\/www.lesentrepreteurs.com\\\/blog\\\/tout-comprendre-sur-le-fonctionnement-interets-intercalaires\\\/#breadcrumb\",\"itemListElement\":[{\"@type\":\"ListItem\",\"position\":1,\"name\":\"Accueil\",\"item\":\"https:\\\/\\\/www.lesentrepreteurs.com\\\/blog\\\/\"},{\"@type\":\"ListItem\",\"position\":2,\"name\":\"Tout comprendre sur le fonctionnement des int\u00e9r\u00eats intercalaires\"}]},{\"@type\":\"WebSite\",\"@id\":\"https:\\\/\\\/www.lesentrepreteurs.com\\\/blog\\\/#website\",\"url\":\"https:\\\/\\\/www.lesentrepreteurs.com\\\/blog\\\/\",\"name\":\"Entre-nous, le blog des Entrepr\u00eateurs\",\"description\":\"Entre nous - Le blog des Entrepr\u00eateurs\",\"publisher\":{\"@id\":\"https:\\\/\\\/www.lesentrepreteurs.com\\\/blog\\\/#organization\"},\"potentialAction\":[{\"@type\":\"SearchAction\",\"target\":{\"@type\":\"EntryPoint\",\"urlTemplate\":\"https:\\\/\\\/www.lesentrepreteurs.com\\\/blog\\\/?s={search_term_string}\"},\"query-input\":{\"@type\":\"PropertyValueSpecification\",\"valueRequired\":true,\"valueName\":\"search_term_string\"}}],\"inLanguage\":\"fr-FR\"},{\"@type\":\"Organization\",\"@id\":\"https:\\\/\\\/www.lesentrepreteurs.com\\\/blog\\\/#organization\",\"name\":\"Le blog de la plateforme de financement\",\"url\":\"https:\\\/\\\/www.lesentrepreteurs.com\\\/blog\\\/\",\"logo\":{\"@type\":\"ImageObject\",\"inLanguage\":\"fr-FR\",\"@id\":\"https:\\\/\\\/www.lesentrepreteurs.com\\\/blog\\\/#\\\/schema\\\/logo\\\/image\\\/\",\"url\":\"https:\\\/\\\/www.lesentrepreteurs.com\\\/blog\\\/wp-content\\\/uploads\\\/2025\\\/10\\\/cropped-Logo_blog_ok.png\",\"contentUrl\":\"https:\\\/\\\/www.lesentrepreteurs.com\\\/blog\\\/wp-content\\\/uploads\\\/2025\\\/10\\\/cropped-Logo_blog_ok.png\",\"width\":300,\"height\":78,\"caption\":\"Le blog de la plateforme de financement\"},\"image\":{\"@id\":\"https:\\\/\\\/www.lesentrepreteurs.com\\\/blog\\\/#\\\/schema\\\/logo\\\/image\\\/\"},\"sameAs\":[\"https:\\\/\\\/www.facebook.com\\\/lesentrepreteurs?locale=fr_FR\",\"https:\\\/\\\/x.com\\\/entrepreteurs\",\"https:\\\/\\\/www.linkedin.com\\\/company\\\/9209775\\\/admin\\\/feed\\\/posts\\\/\"]},{\"@type\":\"Person\",\"@id\":\"https:\\\/\\\/www.lesentrepreteurs.com\\\/blog\\\/#\\\/schema\\\/person\\\/1169e54541625b8d3de4b8cc8b65ad44\",\"name\":\"Marc-Antoine\",\"sameAs\":[\"https:\\\/\\\/www.lesentrepreteurs.com\\\/blog\"],\"url\":\"https:\\\/\\\/www.lesentrepreteurs.com\\\/blog\\\/author\\\/mvanheems\\\/\"}]}<\/script>\n<!-- \/ Yoast SEO plugin. -->","yoast_head_json":{"title":"Tout comprendre sur le fonctionnement des int\u00e9r\u00eats intercalaires","description":"Article sp\u00e9cial int\u00e9r\u00eats intercalaires : quel est le fonctionnement et le mode de calcul de ses int\u00e9r\u00eats per\u00e7us par les investisseurs.","robots":{"index":"index","follow":"follow","max-snippet":"max-snippet:-1","max-image-preview":"max-image-preview:large","max-video-preview":"max-video-preview:-1"},"canonical":"https:\/\/www.lesentrepreteurs.com\/blog\/tout-comprendre-sur-le-fonctionnement-interets-intercalaires\/","og_locale":"fr_FR","og_type":"article","og_title":"Tout comprendre sur le fonctionnement des int\u00e9r\u00eats intercalaires","og_description":"Article sp\u00e9cial int\u00e9r\u00eats intercalaires : quel est le fonctionnement et le mode de calcul de ses int\u00e9r\u00eats per\u00e7us par les investisseurs.","og_url":"https:\/\/www.lesentrepreteurs.com\/blog\/tout-comprendre-sur-le-fonctionnement-interets-intercalaires\/","og_site_name":"Le blog de la plateforme de financement","article_publisher":"https:\/\/www.facebook.com\/lesentrepreteurs?locale=fr_FR","article_published_time":"2023-03-31T16:47:40+00:00","article_modified_time":"2026-02-27T14:26:43+00:00","og_image":[{"width":946,"height":566,"url":"https:\/\/www.lesentrepreteurs.com\/blog\/wp-content\/uploads\/2023\/03\/une_interet_intercalaire.jpg","type":"image\/jpeg"}],"author":"Marc-Antoine","twitter_card":"summary_large_image","twitter_creator":"@entrepreteurs","twitter_site":"@entrepreteurs","twitter_misc":{"\u00c9crit par":"Marc-Antoine","Dur\u00e9e de lecture estim\u00e9e":"5 minutes"},"schema":{"@context":"https:\/\/schema.org","@graph":[{"@type":"Article","@id":"https:\/\/www.lesentrepreteurs.com\/blog\/tout-comprendre-sur-le-fonctionnement-interets-intercalaires\/#article","isPartOf":{"@id":"https:\/\/www.lesentrepreteurs.com\/blog\/tout-comprendre-sur-le-fonctionnement-interets-intercalaires\/"},"author":{"name":"Marc-Antoine","@id":"https:\/\/www.lesentrepreteurs.com\/blog\/#\/schema\/person\/1169e54541625b8d3de4b8cc8b65ad44"},"headline":"Tout comprendre sur le fonctionnement des int\u00e9r\u00eats intercalaires","datePublished":"2023-03-31T16:47:40+00:00","dateModified":"2026-02-27T14:26:43+00:00","mainEntityOfPage":{"@id":"https:\/\/www.lesentrepreteurs.com\/blog\/tout-comprendre-sur-le-fonctionnement-interets-intercalaires\/"},"wordCount":989,"publisher":{"@id":"https:\/\/www.lesentrepreteurs.com\/blog\/#organization"},"image":{"@id":"https:\/\/www.lesentrepreteurs.com\/blog\/tout-comprendre-sur-le-fonctionnement-interets-intercalaires\/#primaryimage"},"thumbnailUrl":"https:\/\/www.lesentrepreteurs.com\/blog\/wp-content\/uploads\/2023\/03\/une_interet_intercalaire.jpg","keywords":["fintech","imp\u00f4ts"],"articleSection":["Fiscalit\u00e9"],"inLanguage":"fr-FR"},{"@type":"WebPage","@id":"https:\/\/www.lesentrepreteurs.com\/blog\/tout-comprendre-sur-le-fonctionnement-interets-intercalaires\/","url":"https:\/\/www.lesentrepreteurs.com\/blog\/tout-comprendre-sur-le-fonctionnement-interets-intercalaires\/","name":"Tout comprendre sur le fonctionnement des int\u00e9r\u00eats intercalaires","isPartOf":{"@id":"https:\/\/www.lesentrepreteurs.com\/blog\/#website"},"primaryImageOfPage":{"@id":"https:\/\/www.lesentrepreteurs.com\/blog\/tout-comprendre-sur-le-fonctionnement-interets-intercalaires\/#primaryimage"},"image":{"@id":"https:\/\/www.lesentrepreteurs.com\/blog\/tout-comprendre-sur-le-fonctionnement-interets-intercalaires\/#primaryimage"},"thumbnailUrl":"https:\/\/www.lesentrepreteurs.com\/blog\/wp-content\/uploads\/2023\/03\/une_interet_intercalaire.jpg","datePublished":"2023-03-31T16:47:40+00:00","dateModified":"2026-02-27T14:26:43+00:00","description":"Article sp\u00e9cial int\u00e9r\u00eats intercalaires : quel est le fonctionnement et le mode de calcul de ses int\u00e9r\u00eats per\u00e7us par les investisseurs.","breadcrumb":{"@id":"https:\/\/www.lesentrepreteurs.com\/blog\/tout-comprendre-sur-le-fonctionnement-interets-intercalaires\/#breadcrumb"},"inLanguage":"fr-FR","potentialAction":[{"@type":"ReadAction","target":["https:\/\/www.lesentrepreteurs.com\/blog\/tout-comprendre-sur-le-fonctionnement-interets-intercalaires\/"]}]},{"@type":"ImageObject","inLanguage":"fr-FR","@id":"https:\/\/www.lesentrepreteurs.com\/blog\/tout-comprendre-sur-le-fonctionnement-interets-intercalaires\/#primaryimage","url":"https:\/\/www.lesentrepreteurs.com\/blog\/wp-content\/uploads\/2023\/03\/une_interet_intercalaire.jpg","contentUrl":"https:\/\/www.lesentrepreteurs.com\/blog\/wp-content\/uploads\/2023\/03\/une_interet_intercalaire.jpg","width":946,"height":566,"caption":"une interet intercalaire"},{"@type":"BreadcrumbList","@id":"https:\/\/www.lesentrepreteurs.com\/blog\/tout-comprendre-sur-le-fonctionnement-interets-intercalaires\/#breadcrumb","itemListElement":[{"@type":"ListItem","position":1,"name":"Accueil","item":"https:\/\/www.lesentrepreteurs.com\/blog\/"},{"@type":"ListItem","position":2,"name":"Tout comprendre sur le fonctionnement des int\u00e9r\u00eats intercalaires"}]},{"@type":"WebSite","@id":"https:\/\/www.lesentrepreteurs.com\/blog\/#website","url":"https:\/\/www.lesentrepreteurs.com\/blog\/","name":"Entre-nous, le blog des Entrepr\u00eateurs","description":"Entre nous - Le blog des Entrepr\u00eateurs","publisher":{"@id":"https:\/\/www.lesentrepreteurs.com\/blog\/#organization"},"potentialAction":[{"@type":"SearchAction","target":{"@type":"EntryPoint","urlTemplate":"https:\/\/www.lesentrepreteurs.com\/blog\/?s={search_term_string}"},"query-input":{"@type":"PropertyValueSpecification","valueRequired":true,"valueName":"search_term_string"}}],"inLanguage":"fr-FR"},{"@type":"Organization","@id":"https:\/\/www.lesentrepreteurs.com\/blog\/#organization","name":"Le blog de la plateforme de financement","url":"https:\/\/www.lesentrepreteurs.com\/blog\/","logo":{"@type":"ImageObject","inLanguage":"fr-FR","@id":"https:\/\/www.lesentrepreteurs.com\/blog\/#\/schema\/logo\/image\/","url":"https:\/\/www.lesentrepreteurs.com\/blog\/wp-content\/uploads\/2025\/10\/cropped-Logo_blog_ok.png","contentUrl":"https:\/\/www.lesentrepreteurs.com\/blog\/wp-content\/uploads\/2025\/10\/cropped-Logo_blog_ok.png","width":300,"height":78,"caption":"Le blog de la plateforme de financement"},"image":{"@id":"https:\/\/www.lesentrepreteurs.com\/blog\/#\/schema\/logo\/image\/"},"sameAs":["https:\/\/www.facebook.com\/lesentrepreteurs?locale=fr_FR","https:\/\/x.com\/entrepreteurs","https:\/\/www.linkedin.com\/company\/9209775\/admin\/feed\/posts\/"]},{"@type":"Person","@id":"https:\/\/www.lesentrepreteurs.com\/blog\/#\/schema\/person\/1169e54541625b8d3de4b8cc8b65ad44","name":"Marc-Antoine","sameAs":["https:\/\/www.lesentrepreteurs.com\/blog"],"url":"https:\/\/www.lesentrepreteurs.com\/blog\/author\/mvanheems\/"}]}},"_links":{"self":[{"href":"https:\/\/www.lesentrepreteurs.com\/blog\/wp-json\/wp\/v2\/posts\/3929","targetHints":{"allow":["GET"]}}],"collection":[{"href":"https:\/\/www.lesentrepreteurs.com\/blog\/wp-json\/wp\/v2\/posts"}],"about":[{"href":"https:\/\/www.lesentrepreteurs.com\/blog\/wp-json\/wp\/v2\/types\/post"}],"author":[{"embeddable":true,"href":"https:\/\/www.lesentrepreteurs.com\/blog\/wp-json\/wp\/v2\/users\/1"}],"replies":[{"embeddable":true,"href":"https:\/\/www.lesentrepreteurs.com\/blog\/wp-json\/wp\/v2\/comments?post=3929"}],"version-history":[{"count":2,"href":"https:\/\/www.lesentrepreteurs.com\/blog\/wp-json\/wp\/v2\/posts\/3929\/revisions"}],"predecessor-version":[{"id":5054,"href":"https:\/\/www.lesentrepreteurs.com\/blog\/wp-json\/wp\/v2\/posts\/3929\/revisions\/5054"}],"wp:featuredmedia":[{"embeddable":true,"href":"https:\/\/www.lesentrepreteurs.com\/blog\/wp-json\/wp\/v2\/media\/3934"}],"wp:attachment":[{"href":"https:\/\/www.lesentrepreteurs.com\/blog\/wp-json\/wp\/v2\/media?parent=3929"}],"wp:term":[{"taxonomy":"category","embeddable":true,"href":"https:\/\/www.lesentrepreteurs.com\/blog\/wp-json\/wp\/v2\/categories?post=3929"},{"taxonomy":"post_tag","embeddable":true,"href":"https:\/\/www.lesentrepreteurs.com\/blog\/wp-json\/wp\/v2\/tags?post=3929"}],"curies":[{"name":"wp","href":"https:\/\/api.w.org\/{rel}","templated":true}]}}