{"id":4810,"date":"2025-09-26T20:36:32","date_gmt":"2025-09-26T18:36:32","guid":{"rendered":"https:\/\/www.lesentrepreteurs.com\/blog\/?p=4810"},"modified":"2025-10-28T10:12:19","modified_gmt":"2025-10-28T09:12:19","slug":"decouvrez-le-projet-jcb-concept-a-gardanne-participez-a-notre-webinaire-exclusif-le-26-septembre","status":"publish","type":"post","link":"https:\/\/www.lesentrepreteurs.com\/blog\/decouvrez-le-projet-jcb-concept-a-gardanne-participez-a-notre-webinaire-exclusif-le-26-septembre\/","title":{"rendered":"D\u00e9couvrez le projet JCB Concept \u00e0 Gardanne \u2014 Participez \u00e0 notre webinaire exclusif le 30 septembre"},"content":{"rendered":"\n<p>Vous souhaitez d\u00e9couvrir notre nouveau projet en live ? Ne manquez pas notre <strong>webinaire exclusif<\/strong>, autour d\u2019un nouveau projet immobilier : <strong>JCB Concept &#8211; Gardanne<\/strong>.<\/p>\n\n\n\n<p>\ud83d\udc49 <strong>Rendez-vous mardi 30 septembre \u00e0 12h<\/strong> pour 30 minutes de pr\u00e9sentation, d\u2019\u00e9changes et de r\u00e9ponses en direct.<\/p>\n\n\n\n<h3 class=\"wp-block-heading\">\ud83c\udfd8\ufe0f Un projet immobilier solide \u00e0 Gardanne, au c\u0153ur des Bouches-du-Rh\u00f4ne<\/h3>\n\n\n\n<p>Le projet pr\u00e9sent\u00e9 lors de ce webinaire est port\u00e9 par <strong>Avedis Immo<\/strong>, filiale d\u00e9tenue \u00e0 100\u202f% par <strong>JCB Concept<\/strong>, une entreprise exp\u00e9riment\u00e9e dans la valorisation fonci\u00e8re.<\/p>\n\n\n\n<p>\ud83d\udccd <strong>Localisation<\/strong> : Gardanne, une commune dynamique situ\u00e9e \u00e0 quelques minutes d\u2019Aix-en-Provence<br>\ud83d\udcbc <strong>Objectif<\/strong> : Division parcellaire et valorisation d\u2019un terrain \u00e0 fort potentiel<br>\ud83d\udcb0 <strong>Montant \u00e0 financer<\/strong> : 670\u202f000\u202f\u20ac<br>\ud83d\udcc8 <strong>Dur\u00e9e de l\u2019op\u00e9ration<\/strong> : 12 mois<br>\ud83d\udd01 <strong>Remboursement<\/strong> : Capital + int\u00e9r\u00eats in fine<br>\ud83d\udcca <strong>Taux d\u2019int\u00e9r\u00eat propos\u00e9<\/strong> : <strong>11\u202f%<\/strong><\/p>\n\n\n\n<h3 class=\"wp-block-heading\">\ud83c\udfa4 Ce qui vous attend pendant le webinaire<\/h3>\n\n\n\n<p>En 30 minutes, vous aurez une vision compl\u00e8te de l\u2019op\u00e9ration et l\u2019opportunit\u00e9 de poser vos questions en direct.<\/p>\n\n\n\n<h4 class=\"wp-block-heading\">\u2705 Au programme :<\/h4>\n\n\n\n<ol class=\"wp-block-list\">\n<li>Pr\u00e9sentation compl\u00e8te du projet JCB Concept &#8211; Gardanne<\/li>\n\n\n\n<li>\u00c9change notre \u00e9quipe d&rsquo;analystes<\/li>\n\n\n\n<li>Session de <strong>questions \/ r\u00e9ponses en live<\/strong><\/li>\n<\/ol>\n\n\n\n<h4 class=\"wp-block-heading\">\ud83c\udf99\ufe0f Nos intervenants :<\/h4>\n\n\n\n<ul class=\"wp-block-list\">\n<li><strong>Lisa Pereira<\/strong> \u2013 Analyste financi\u00e8re, Les Entrepr\u00eateurs<\/li>\n\n\n\n<li><strong>Corentin Malaise<\/strong> \u2013 Distribution, Les Entrepr\u00eateurs<\/li>\n<\/ul>\n\n\n\n<h3 class=\"wp-block-heading\">\ud83d\udcc5 Informations pratiques<\/h3>\n\n\n\n<ul class=\"wp-block-list\">\n<li><strong>\ud83d\udccd <\/strong>Lien d&rsquo;inscription : https:\/\/app.livestorm.co\/les-entrepreteurs\/webinaire-presentation-du-projet-jcb-concept-gardanne<\/li>\n\n\n\n<li><strong>\ud83d\udcc5 Quand<\/strong> : Mardi 30 septembre<\/li>\n\n\n\n<li><strong>\ud83d\udd5b Heure<\/strong> : 12h00 (CEST)<\/li>\n\n\n\n<li><strong>\u23f1\ufe0f Dur\u00e9e<\/strong> : Environ 30 minutes<\/li>\n\n\n\n<li><strong>\ud83d\udcb8 Co\u00fbt<\/strong> : <strong>Gratuit<\/strong>, sur inscription<\/li>\n<\/ul>\n\n\n\n<h3 class=\"wp-block-heading\">\ud83d\udd17 Inscrivez-vous d\u00e8s maintenant<\/h3>\n\n\n\n<p>\ud83d\udc49 <a href=\"https:\/\/app.livestorm.co\/les-entrepreteurs\/webinaire-presentation-du-projet-jcb-concept-gardanne\">Cliquez ici pour vous inscrire gratuitement<\/a><\/p>\n\n\n\n<p>Et pour en savoir plus sur le projet d\u00e8s maintenant, rendez-vous sur la page d\u00e9di\u00e9e :<br>\ud83d\udd0d <a href=\"https:\/\/www.lesentrepreteurs.com\/projets-a-financer\/operation-de-marchand-de-biens-a-gardanne-pres-daix-en-provence\">Voir le projet Gardanne \u2013 JCB Concept<\/a><\/p>\n","protected":false},"excerpt":{"rendered":"<p>Vous souhaitez d\u00e9couvrir notre nouveau projet en live ? Ne manquez pas notre webinaire exclusif, autour d\u2019un nouveau projet immobilier : JCB Concept &#8211; Gardanne. \ud83d\udc49 Rendez-vous mardi 30 septembre \u00e0 12h pour 30 minutes de pr\u00e9sentation, d\u2019\u00e9changes et de r\u00e9ponses en direct. \ud83c\udfd8\ufe0f Un projet immobilier solide \u00e0 Gardanne, au c\u0153ur des Bouches-du-Rh\u00f4ne Le [&hellip;]<\/p>\n","protected":false},"author":1,"featured_media":4811,"comment_status":"closed","ping_status":"closed","sticky":false,"template":"","format":"standard","meta":{"footnotes":""},"categories":[2],"tags":[],"class_list":["post-4810","post","type-post","status-publish","format-standard","has-post-thumbnail","hentry","category-actualites"],"yoast_head":"<!-- This site is optimized with the Yoast SEO plugin v27.3 - https:\/\/yoast.com\/product\/yoast-seo-wordpress\/ -->\n<title>D\u00e9couvrez le projet JCB\u202fConcept \u00e0 Gardanne \u2013 webinaire gratuit<\/title>\n<meta name=\"description\" content=\"Rejoignez-nous mardi\u202f30\u202fseptembre pour un webinaire exclusif pr\u00e9sent\u00e9 par Les\u202fEntrepr\u00eateurs sur le projet immobilier JCB\u202fConcept \u00e0 Gardanne.\" \/>\n<meta name=\"robots\" content=\"index, follow, max-snippet:-1, max-image-preview:large, max-video-preview:-1\" \/>\n<link rel=\"canonical\" href=\"https:\/\/www.lesentrepreteurs.com\/blog\/decouvrez-le-projet-jcb-concept-a-gardanne-participez-a-notre-webinaire-exclusif-le-26-septembre\/\" \/>\n<meta property=\"og:locale\" content=\"fr_FR\" \/>\n<meta property=\"og:type\" content=\"article\" \/>\n<meta property=\"og:title\" content=\"D\u00e9couvrez le projet JCB\u202fConcept \u00e0 Gardanne \u2013 webinaire gratuit\" \/>\n<meta property=\"og:description\" content=\"Rejoignez-nous mardi\u202f30\u202fseptembre pour un webinaire exclusif pr\u00e9sent\u00e9 par Les\u202fEntrepr\u00eateurs sur le projet immobilier JCB\u202fConcept \u00e0 Gardanne.\" \/>\n<meta property=\"og:url\" content=\"https:\/\/www.lesentrepreteurs.com\/blog\/decouvrez-le-projet-jcb-concept-a-gardanne-participez-a-notre-webinaire-exclusif-le-26-septembre\/\" \/>\n<meta property=\"og:site_name\" content=\"Le blog de la plateforme de financement\" \/>\n<meta property=\"article:publisher\" content=\"https:\/\/www.facebook.com\/lesentrepreteurs?locale=fr_FR\" \/>\n<meta property=\"article:published_time\" content=\"2025-09-26T18:36:32+00:00\" \/>\n<meta property=\"article:modified_time\" content=\"2025-10-28T09:12:19+00:00\" \/>\n<meta property=\"og:image\" content=\"https:\/\/www.lesentrepreteurs.com\/blog\/wp-content\/uploads\/2025\/09\/1e1ed349-8f8d-c20f-39a4-aa8d758360ec.jpg\" \/>\n\t<meta property=\"og:image:width\" content=\"600\" \/>\n\t<meta property=\"og:image:height\" content=\"334\" \/>\n\t<meta property=\"og:image:type\" content=\"image\/jpeg\" \/>\n<meta name=\"author\" content=\"Marc-Antoine\" \/>\n<meta name=\"twitter:card\" content=\"summary_large_image\" \/>\n<meta name=\"twitter:creator\" content=\"@entrepreteurs\" \/>\n<meta name=\"twitter:site\" content=\"@entrepreteurs\" \/>\n<meta name=\"twitter:label1\" content=\"\u00c9crit par\" \/>\n\t<meta name=\"twitter:data1\" content=\"Marc-Antoine\" \/>\n\t<meta name=\"twitter:label2\" content=\"Dur\u00e9e de lecture estim\u00e9e\" \/>\n\t<meta name=\"twitter:data2\" content=\"2 minutes\" \/>\n<script type=\"application\/ld+json\" class=\"yoast-schema-graph\">{\"@context\":\"https:\\\/\\\/schema.org\",\"@graph\":[{\"@type\":\"Article\",\"@id\":\"https:\\\/\\\/www.lesentrepreteurs.com\\\/blog\\\/decouvrez-le-projet-jcb-concept-a-gardanne-participez-a-notre-webinaire-exclusif-le-26-septembre\\\/#article\",\"isPartOf\":{\"@id\":\"https:\\\/\\\/www.lesentrepreteurs.com\\\/blog\\\/decouvrez-le-projet-jcb-concept-a-gardanne-participez-a-notre-webinaire-exclusif-le-26-septembre\\\/\"},\"author\":{\"name\":\"Marc-Antoine\",\"@id\":\"https:\\\/\\\/www.lesentrepreteurs.com\\\/blog\\\/#\\\/schema\\\/person\\\/1169e54541625b8d3de4b8cc8b65ad44\"},\"headline\":\"D\u00e9couvrez le projet JCB Concept \u00e0 Gardanne \u2014 Participez \u00e0 notre webinaire exclusif le 30 septembre\",\"datePublished\":\"2025-09-26T18:36:32+00:00\",\"dateModified\":\"2025-10-28T09:12:19+00:00\",\"mainEntityOfPage\":{\"@id\":\"https:\\\/\\\/www.lesentrepreteurs.com\\\/blog\\\/decouvrez-le-projet-jcb-concept-a-gardanne-participez-a-notre-webinaire-exclusif-le-26-septembre\\\/\"},\"wordCount\":264,\"publisher\":{\"@id\":\"https:\\\/\\\/www.lesentrepreteurs.com\\\/blog\\\/#organization\"},\"image\":{\"@id\":\"https:\\\/\\\/www.lesentrepreteurs.com\\\/blog\\\/decouvrez-le-projet-jcb-concept-a-gardanne-participez-a-notre-webinaire-exclusif-le-26-septembre\\\/#primaryimage\"},\"thumbnailUrl\":\"https:\\\/\\\/www.lesentrepreteurs.com\\\/blog\\\/wp-content\\\/uploads\\\/2025\\\/09\\\/1e1ed349-8f8d-c20f-39a4-aa8d758360ec.jpg\",\"articleSection\":[\"Actualit\u00e9s\"],\"inLanguage\":\"fr-FR\"},{\"@type\":\"WebPage\",\"@id\":\"https:\\\/\\\/www.lesentrepreteurs.com\\\/blog\\\/decouvrez-le-projet-jcb-concept-a-gardanne-participez-a-notre-webinaire-exclusif-le-26-septembre\\\/\",\"url\":\"https:\\\/\\\/www.lesentrepreteurs.com\\\/blog\\\/decouvrez-le-projet-jcb-concept-a-gardanne-participez-a-notre-webinaire-exclusif-le-26-septembre\\\/\",\"name\":\"D\u00e9couvrez le projet JCB\u202fConcept \u00e0 Gardanne \u2013 webinaire gratuit\",\"isPartOf\":{\"@id\":\"https:\\\/\\\/www.lesentrepreteurs.com\\\/blog\\\/#website\"},\"primaryImageOfPage\":{\"@id\":\"https:\\\/\\\/www.lesentrepreteurs.com\\\/blog\\\/decouvrez-le-projet-jcb-concept-a-gardanne-participez-a-notre-webinaire-exclusif-le-26-septembre\\\/#primaryimage\"},\"image\":{\"@id\":\"https:\\\/\\\/www.lesentrepreteurs.com\\\/blog\\\/decouvrez-le-projet-jcb-concept-a-gardanne-participez-a-notre-webinaire-exclusif-le-26-septembre\\\/#primaryimage\"},\"thumbnailUrl\":\"https:\\\/\\\/www.lesentrepreteurs.com\\\/blog\\\/wp-content\\\/uploads\\\/2025\\\/09\\\/1e1ed349-8f8d-c20f-39a4-aa8d758360ec.jpg\",\"datePublished\":\"2025-09-26T18:36:32+00:00\",\"dateModified\":\"2025-10-28T09:12:19+00:00\",\"description\":\"Rejoignez-nous mardi\u202f30\u202fseptembre pour un webinaire exclusif pr\u00e9sent\u00e9 par Les\u202fEntrepr\u00eateurs sur le projet immobilier JCB\u202fConcept \u00e0 Gardanne.\",\"breadcrumb\":{\"@id\":\"https:\\\/\\\/www.lesentrepreteurs.com\\\/blog\\\/decouvrez-le-projet-jcb-concept-a-gardanne-participez-a-notre-webinaire-exclusif-le-26-septembre\\\/#breadcrumb\"},\"inLanguage\":\"fr-FR\",\"potentialAction\":[{\"@type\":\"ReadAction\",\"target\":[\"https:\\\/\\\/www.lesentrepreteurs.com\\\/blog\\\/decouvrez-le-projet-jcb-concept-a-gardanne-participez-a-notre-webinaire-exclusif-le-26-septembre\\\/\"]}]},{\"@type\":\"ImageObject\",\"inLanguage\":\"fr-FR\",\"@id\":\"https:\\\/\\\/www.lesentrepreteurs.com\\\/blog\\\/decouvrez-le-projet-jcb-concept-a-gardanne-participez-a-notre-webinaire-exclusif-le-26-septembre\\\/#primaryimage\",\"url\":\"https:\\\/\\\/www.lesentrepreteurs.com\\\/blog\\\/wp-content\\\/uploads\\\/2025\\\/09\\\/1e1ed349-8f8d-c20f-39a4-aa8d758360ec.jpg\",\"contentUrl\":\"https:\\\/\\\/www.lesentrepreteurs.com\\\/blog\\\/wp-content\\\/uploads\\\/2025\\\/09\\\/1e1ed349-8f8d-c20f-39a4-aa8d758360ec.jpg\",\"width\":600,\"height\":334,\"caption\":\"Webinaire Gardanne\"},{\"@type\":\"BreadcrumbList\",\"@id\":\"https:\\\/\\\/www.lesentrepreteurs.com\\\/blog\\\/decouvrez-le-projet-jcb-concept-a-gardanne-participez-a-notre-webinaire-exclusif-le-26-septembre\\\/#breadcrumb\",\"itemListElement\":[{\"@type\":\"ListItem\",\"position\":1,\"name\":\"Accueil\",\"item\":\"https:\\\/\\\/www.lesentrepreteurs.com\\\/blog\\\/\"},{\"@type\":\"ListItem\",\"position\":2,\"name\":\"D\u00e9couvrez le projet JCB Concept \u00e0 Gardanne \u2014 Participez \u00e0 notre webinaire exclusif le 30 septembre\"}]},{\"@type\":\"WebSite\",\"@id\":\"https:\\\/\\\/www.lesentrepreteurs.com\\\/blog\\\/#website\",\"url\":\"https:\\\/\\\/www.lesentrepreteurs.com\\\/blog\\\/\",\"name\":\"Entre-nous, le blog des Entrepr\u00eateurs\",\"description\":\"Entre nous - Le blog des Entrepr\u00eateurs\",\"publisher\":{\"@id\":\"https:\\\/\\\/www.lesentrepreteurs.com\\\/blog\\\/#organization\"},\"potentialAction\":[{\"@type\":\"SearchAction\",\"target\":{\"@type\":\"EntryPoint\",\"urlTemplate\":\"https:\\\/\\\/www.lesentrepreteurs.com\\\/blog\\\/?s={search_term_string}\"},\"query-input\":{\"@type\":\"PropertyValueSpecification\",\"valueRequired\":true,\"valueName\":\"search_term_string\"}}],\"inLanguage\":\"fr-FR\"},{\"@type\":\"Organization\",\"@id\":\"https:\\\/\\\/www.lesentrepreteurs.com\\\/blog\\\/#organization\",\"name\":\"Le blog de la plateforme de financement\",\"url\":\"https:\\\/\\\/www.lesentrepreteurs.com\\\/blog\\\/\",\"logo\":{\"@type\":\"ImageObject\",\"inLanguage\":\"fr-FR\",\"@id\":\"https:\\\/\\\/www.lesentrepreteurs.com\\\/blog\\\/#\\\/schema\\\/logo\\\/image\\\/\",\"url\":\"https:\\\/\\\/www.lesentrepreteurs.com\\\/blog\\\/wp-content\\\/uploads\\\/2025\\\/10\\\/cropped-Logo_blog_ok.png\",\"contentUrl\":\"https:\\\/\\\/www.lesentrepreteurs.com\\\/blog\\\/wp-content\\\/uploads\\\/2025\\\/10\\\/cropped-Logo_blog_ok.png\",\"width\":300,\"height\":78,\"caption\":\"Le blog de la plateforme de financement\"},\"image\":{\"@id\":\"https:\\\/\\\/www.lesentrepreteurs.com\\\/blog\\\/#\\\/schema\\\/logo\\\/image\\\/\"},\"sameAs\":[\"https:\\\/\\\/www.facebook.com\\\/lesentrepreteurs?locale=fr_FR\",\"https:\\\/\\\/x.com\\\/entrepreteurs\",\"https:\\\/\\\/www.linkedin.com\\\/company\\\/9209775\\\/admin\\\/feed\\\/posts\\\/\"]},{\"@type\":\"Person\",\"@id\":\"https:\\\/\\\/www.lesentrepreteurs.com\\\/blog\\\/#\\\/schema\\\/person\\\/1169e54541625b8d3de4b8cc8b65ad44\",\"name\":\"Marc-Antoine\",\"sameAs\":[\"https:\\\/\\\/www.lesentrepreteurs.com\\\/blog\"],\"url\":\"https:\\\/\\\/www.lesentrepreteurs.com\\\/blog\\\/author\\\/mvanheems\\\/\"}]}<\/script>\n<!-- \/ Yoast SEO plugin. -->","yoast_head_json":{"title":"D\u00e9couvrez le projet JCB\u202fConcept \u00e0 Gardanne \u2013 webinaire gratuit","description":"Rejoignez-nous mardi\u202f30\u202fseptembre pour un webinaire exclusif pr\u00e9sent\u00e9 par Les\u202fEntrepr\u00eateurs sur le projet immobilier JCB\u202fConcept \u00e0 Gardanne.","robots":{"index":"index","follow":"follow","max-snippet":"max-snippet:-1","max-image-preview":"max-image-preview:large","max-video-preview":"max-video-preview:-1"},"canonical":"https:\/\/www.lesentrepreteurs.com\/blog\/decouvrez-le-projet-jcb-concept-a-gardanne-participez-a-notre-webinaire-exclusif-le-26-septembre\/","og_locale":"fr_FR","og_type":"article","og_title":"D\u00e9couvrez le projet JCB\u202fConcept \u00e0 Gardanne \u2013 webinaire gratuit","og_description":"Rejoignez-nous mardi\u202f30\u202fseptembre pour un webinaire exclusif pr\u00e9sent\u00e9 par Les\u202fEntrepr\u00eateurs sur le projet immobilier JCB\u202fConcept \u00e0 Gardanne.","og_url":"https:\/\/www.lesentrepreteurs.com\/blog\/decouvrez-le-projet-jcb-concept-a-gardanne-participez-a-notre-webinaire-exclusif-le-26-septembre\/","og_site_name":"Le blog de la plateforme de financement","article_publisher":"https:\/\/www.facebook.com\/lesentrepreteurs?locale=fr_FR","article_published_time":"2025-09-26T18:36:32+00:00","article_modified_time":"2025-10-28T09:12:19+00:00","og_image":[{"width":600,"height":334,"url":"https:\/\/www.lesentrepreteurs.com\/blog\/wp-content\/uploads\/2025\/09\/1e1ed349-8f8d-c20f-39a4-aa8d758360ec.jpg","type":"image\/jpeg"}],"author":"Marc-Antoine","twitter_card":"summary_large_image","twitter_creator":"@entrepreteurs","twitter_site":"@entrepreteurs","twitter_misc":{"\u00c9crit par":"Marc-Antoine","Dur\u00e9e de lecture estim\u00e9e":"2 minutes"},"schema":{"@context":"https:\/\/schema.org","@graph":[{"@type":"Article","@id":"https:\/\/www.lesentrepreteurs.com\/blog\/decouvrez-le-projet-jcb-concept-a-gardanne-participez-a-notre-webinaire-exclusif-le-26-septembre\/#article","isPartOf":{"@id":"https:\/\/www.lesentrepreteurs.com\/blog\/decouvrez-le-projet-jcb-concept-a-gardanne-participez-a-notre-webinaire-exclusif-le-26-septembre\/"},"author":{"name":"Marc-Antoine","@id":"https:\/\/www.lesentrepreteurs.com\/blog\/#\/schema\/person\/1169e54541625b8d3de4b8cc8b65ad44"},"headline":"D\u00e9couvrez le projet JCB Concept \u00e0 Gardanne \u2014 Participez \u00e0 notre webinaire exclusif le 30 septembre","datePublished":"2025-09-26T18:36:32+00:00","dateModified":"2025-10-28T09:12:19+00:00","mainEntityOfPage":{"@id":"https:\/\/www.lesentrepreteurs.com\/blog\/decouvrez-le-projet-jcb-concept-a-gardanne-participez-a-notre-webinaire-exclusif-le-26-septembre\/"},"wordCount":264,"publisher":{"@id":"https:\/\/www.lesentrepreteurs.com\/blog\/#organization"},"image":{"@id":"https:\/\/www.lesentrepreteurs.com\/blog\/decouvrez-le-projet-jcb-concept-a-gardanne-participez-a-notre-webinaire-exclusif-le-26-septembre\/#primaryimage"},"thumbnailUrl":"https:\/\/www.lesentrepreteurs.com\/blog\/wp-content\/uploads\/2025\/09\/1e1ed349-8f8d-c20f-39a4-aa8d758360ec.jpg","articleSection":["Actualit\u00e9s"],"inLanguage":"fr-FR"},{"@type":"WebPage","@id":"https:\/\/www.lesentrepreteurs.com\/blog\/decouvrez-le-projet-jcb-concept-a-gardanne-participez-a-notre-webinaire-exclusif-le-26-septembre\/","url":"https:\/\/www.lesentrepreteurs.com\/blog\/decouvrez-le-projet-jcb-concept-a-gardanne-participez-a-notre-webinaire-exclusif-le-26-septembre\/","name":"D\u00e9couvrez le projet JCB\u202fConcept \u00e0 Gardanne \u2013 webinaire gratuit","isPartOf":{"@id":"https:\/\/www.lesentrepreteurs.com\/blog\/#website"},"primaryImageOfPage":{"@id":"https:\/\/www.lesentrepreteurs.com\/blog\/decouvrez-le-projet-jcb-concept-a-gardanne-participez-a-notre-webinaire-exclusif-le-26-septembre\/#primaryimage"},"image":{"@id":"https:\/\/www.lesentrepreteurs.com\/blog\/decouvrez-le-projet-jcb-concept-a-gardanne-participez-a-notre-webinaire-exclusif-le-26-septembre\/#primaryimage"},"thumbnailUrl":"https:\/\/www.lesentrepreteurs.com\/blog\/wp-content\/uploads\/2025\/09\/1e1ed349-8f8d-c20f-39a4-aa8d758360ec.jpg","datePublished":"2025-09-26T18:36:32+00:00","dateModified":"2025-10-28T09:12:19+00:00","description":"Rejoignez-nous mardi\u202f30\u202fseptembre pour un webinaire exclusif pr\u00e9sent\u00e9 par Les\u202fEntrepr\u00eateurs sur le projet immobilier JCB\u202fConcept \u00e0 Gardanne.","breadcrumb":{"@id":"https:\/\/www.lesentrepreteurs.com\/blog\/decouvrez-le-projet-jcb-concept-a-gardanne-participez-a-notre-webinaire-exclusif-le-26-septembre\/#breadcrumb"},"inLanguage":"fr-FR","potentialAction":[{"@type":"ReadAction","target":["https:\/\/www.lesentrepreteurs.com\/blog\/decouvrez-le-projet-jcb-concept-a-gardanne-participez-a-notre-webinaire-exclusif-le-26-septembre\/"]}]},{"@type":"ImageObject","inLanguage":"fr-FR","@id":"https:\/\/www.lesentrepreteurs.com\/blog\/decouvrez-le-projet-jcb-concept-a-gardanne-participez-a-notre-webinaire-exclusif-le-26-septembre\/#primaryimage","url":"https:\/\/www.lesentrepreteurs.com\/blog\/wp-content\/uploads\/2025\/09\/1e1ed349-8f8d-c20f-39a4-aa8d758360ec.jpg","contentUrl":"https:\/\/www.lesentrepreteurs.com\/blog\/wp-content\/uploads\/2025\/09\/1e1ed349-8f8d-c20f-39a4-aa8d758360ec.jpg","width":600,"height":334,"caption":"Webinaire Gardanne"},{"@type":"BreadcrumbList","@id":"https:\/\/www.lesentrepreteurs.com\/blog\/decouvrez-le-projet-jcb-concept-a-gardanne-participez-a-notre-webinaire-exclusif-le-26-septembre\/#breadcrumb","itemListElement":[{"@type":"ListItem","position":1,"name":"Accueil","item":"https:\/\/www.lesentrepreteurs.com\/blog\/"},{"@type":"ListItem","position":2,"name":"D\u00e9couvrez le projet JCB Concept \u00e0 Gardanne \u2014 Participez \u00e0 notre webinaire exclusif le 30 septembre"}]},{"@type":"WebSite","@id":"https:\/\/www.lesentrepreteurs.com\/blog\/#website","url":"https:\/\/www.lesentrepreteurs.com\/blog\/","name":"Entre-nous, le blog des Entrepr\u00eateurs","description":"Entre nous - Le blog des Entrepr\u00eateurs","publisher":{"@id":"https:\/\/www.lesentrepreteurs.com\/blog\/#organization"},"potentialAction":[{"@type":"SearchAction","target":{"@type":"EntryPoint","urlTemplate":"https:\/\/www.lesentrepreteurs.com\/blog\/?s={search_term_string}"},"query-input":{"@type":"PropertyValueSpecification","valueRequired":true,"valueName":"search_term_string"}}],"inLanguage":"fr-FR"},{"@type":"Organization","@id":"https:\/\/www.lesentrepreteurs.com\/blog\/#organization","name":"Le blog de la plateforme de financement","url":"https:\/\/www.lesentrepreteurs.com\/blog\/","logo":{"@type":"ImageObject","inLanguage":"fr-FR","@id":"https:\/\/www.lesentrepreteurs.com\/blog\/#\/schema\/logo\/image\/","url":"https:\/\/www.lesentrepreteurs.com\/blog\/wp-content\/uploads\/2025\/10\/cropped-Logo_blog_ok.png","contentUrl":"https:\/\/www.lesentrepreteurs.com\/blog\/wp-content\/uploads\/2025\/10\/cropped-Logo_blog_ok.png","width":300,"height":78,"caption":"Le blog de la plateforme de financement"},"image":{"@id":"https:\/\/www.lesentrepreteurs.com\/blog\/#\/schema\/logo\/image\/"},"sameAs":["https:\/\/www.facebook.com\/lesentrepreteurs?locale=fr_FR","https:\/\/x.com\/entrepreteurs","https:\/\/www.linkedin.com\/company\/9209775\/admin\/feed\/posts\/"]},{"@type":"Person","@id":"https:\/\/www.lesentrepreteurs.com\/blog\/#\/schema\/person\/1169e54541625b8d3de4b8cc8b65ad44","name":"Marc-Antoine","sameAs":["https:\/\/www.lesentrepreteurs.com\/blog"],"url":"https:\/\/www.lesentrepreteurs.com\/blog\/author\/mvanheems\/"}]}},"_links":{"self":[{"href":"https:\/\/www.lesentrepreteurs.com\/blog\/wp-json\/wp\/v2\/posts\/4810","targetHints":{"allow":["GET"]}}],"collection":[{"href":"https:\/\/www.lesentrepreteurs.com\/blog\/wp-json\/wp\/v2\/posts"}],"about":[{"href":"https:\/\/www.lesentrepreteurs.com\/blog\/wp-json\/wp\/v2\/types\/post"}],"author":[{"embeddable":true,"href":"https:\/\/www.lesentrepreteurs.com\/blog\/wp-json\/wp\/v2\/users\/1"}],"replies":[{"embeddable":true,"href":"https:\/\/www.lesentrepreteurs.com\/blog\/wp-json\/wp\/v2\/comments?post=4810"}],"version-history":[{"count":3,"href":"https:\/\/www.lesentrepreteurs.com\/blog\/wp-json\/wp\/v2\/posts\/4810\/revisions"}],"predecessor-version":[{"id":4877,"href":"https:\/\/www.lesentrepreteurs.com\/blog\/wp-json\/wp\/v2\/posts\/4810\/revisions\/4877"}],"wp:featuredmedia":[{"embeddable":true,"href":"https:\/\/www.lesentrepreteurs.com\/blog\/wp-json\/wp\/v2\/media\/4811"}],"wp:attachment":[{"href":"https:\/\/www.lesentrepreteurs.com\/blog\/wp-json\/wp\/v2\/media?parent=4810"}],"wp:term":[{"taxonomy":"category","embeddable":true,"href":"https:\/\/www.lesentrepreteurs.com\/blog\/wp-json\/wp\/v2\/categories?post=4810"},{"taxonomy":"post_tag","embeddable":true,"href":"https:\/\/www.lesentrepreteurs.com\/blog\/wp-json\/wp\/v2\/tags?post=4810"}],"curies":[{"name":"wp","href":"https:\/\/api.w.org\/{rel}","templated":true}]}}