{"id":4815,"date":"2025-10-13T15:51:03","date_gmt":"2025-10-13T13:51:03","guid":{"rendered":"https:\/\/www.lesentrepreteurs.com\/blog\/?p=4815"},"modified":"2025-10-28T10:16:56","modified_gmt":"2025-10-28T09:16:56","slug":"interview-souvtech-cnew","status":"publish","type":"post","link":"https:\/\/www.lesentrepreteurs.com\/blog\/interview-souvtech-cnew\/","title":{"rendered":"Financement de la d\u00e9fense : nous avons \u00e9t\u00e9 invit\u00e9 sur CNEWS pour \u00e9voquer les enjeux de souverainet\u00e9 \u00e9conomique"},"content":{"rendered":"\n<p>Ce dimanche, notre partenaire <strong>Pierre-Elie Frossard<\/strong> \u00e9tait l\u2019invit\u00e9 de <strong>CNEWS<\/strong> pour aborder un sujet d\u2019importance croissante : le <strong>financement de la base industrielle et technologique de d\u00e9fense (BITD)<\/strong> et la mobilisation du <strong>secteur priv\u00e9<\/strong> pour accompagner cet enjeu strat\u00e9gique.<\/p>\n\n\n\n<p>Dans un contexte international marqu\u00e9 par des tensions g\u00e9opolitiques et une n\u00e9cessaire r\u00e9affirmation de la <strong>souverainet\u00e9 europ\u00e9enne<\/strong>, la question du <strong>financement des acteurs de la d\u00e9fense<\/strong> devient centrale. Les entreprises de ce secteur, souvent innovantes, technologiques et ancr\u00e9es dans les territoires, ont besoin de <strong>solutions de financement alternatives<\/strong> pour soutenir leur d\u00e9veloppement.<\/p>\n\n\n\n<div class=\"wp-block-columns is-layout-flex wp-container-core-columns-is-layout-28f84493 wp-block-columns-is-layout-flex\">\n<div class=\"wp-block-column is-layout-flow wp-block-column-is-layout-flow\" style=\"flex-basis:66.66%\">\n<h2 class=\"wp-block-heading\">Un environnement d\u00e9di\u00e9 au financement de la d\u00e9fense<\/h2>\n\n\n\n<p>Chez <strong>Les Entrepr\u00eateurs<\/strong>, nous avons d\u00e9velopp\u00e9 un <strong>environnement de financement sp\u00e9cifique d\u00e9di\u00e9 \u00e0 la d\u00e9fense et \u00e0 la s\u00e9curit\u00e9<\/strong>, <a href=\"http:\/\/souvtech-invest.com\">Souvtech Invest<\/a>, afin d\u2019apporter une r\u00e9ponse concr\u00e8te \u00e0 ces besoins.<br>Cet engagement s\u2019inscrit dans notre mission : <strong>soutenir les entreprises qui contribuent \u00e0 la souverainet\u00e9, \u00e0 la s\u00e9curit\u00e9 et \u00e0 la r\u00e9silience de nos territoires<\/strong>. Tous les projets de Souvtech Invest seront \u00e9galement disponibles sur la plateforme Les Entrepr\u00eateurs.<\/p>\n<\/div>\n\n\n\n<div class=\"wp-block-column is-layout-flow wp-block-column-is-layout-flow\" style=\"flex-basis:33.33%\">\n<figure class=\"wp-block-image size-full\"><img loading=\"lazy\" decoding=\"async\" width=\"400\" height=\"400\" src=\"https:\/\/www.lesentrepreteurs.com\/blog\/wp-content\/uploads\/2025\/10\/83oOXvih_400x400.jpg\" alt=\"\" class=\"wp-image-4872\" srcset=\"https:\/\/www.lesentrepreteurs.com\/blog\/wp-content\/uploads\/2025\/10\/83oOXvih_400x400.jpg 400w, https:\/\/www.lesentrepreteurs.com\/blog\/wp-content\/uploads\/2025\/10\/83oOXvih_400x400-300x300.jpg 300w, https:\/\/www.lesentrepreteurs.com\/blog\/wp-content\/uploads\/2025\/10\/83oOXvih_400x400-150x150.jpg 150w\" sizes=\"auto, (max-width: 400px) 100vw, 400px\" \/><\/figure>\n<\/div>\n<\/div>\n\n\n\n<h2 class=\"wp-block-heading\">Une intervention \u00e0 d\u00e9couvrir<\/h2>\n\n\n\n<p>Dans cette interview, Pierre-\u00c9lie Frossard revient sur :<\/p>\n\n\n\n<ul class=\"wp-block-list\">\n<li>Les <strong>d\u00e9fis de financement<\/strong> rencontr\u00e9s par les acteurs de la d\u00e9fense ;<\/li>\n\n\n\n<li>Le r\u00f4le des <strong>plateformes de financement participatif<\/strong> dans la structuration du secteur ;<\/li>\n\n\n\n<li>Les <strong>perspectives d\u2019investissement<\/strong> pour les particuliers et les institutionnels souhaitant s\u2019engager dans un financement \u00e0 impact souverain.<\/li>\n<\/ul>\n\n\n\n<div class=\"wp-block-buttons is-content-justification-center is-layout-flex wp-container-core-buttons-is-layout-a89b3969 wp-block-buttons-is-layout-flex\">\n<div class=\"wp-block-button\"><a class=\"wp-block-button__link wp-element-button\" href=\"https:\/\/www.dailymotion.com\/video\/x9s0uqc\"><strong>Regardez l\u2019intervention compl\u00e8te sur CNEWS<\/strong><\/a><\/div>\n<\/div>\n","protected":false},"excerpt":{"rendered":"<p>Ce dimanche, notre partenaire Pierre-Elie Frossard \u00e9tait l\u2019invit\u00e9 de CNEWS pour aborder un sujet d\u2019importance croissante : le financement de la base industrielle et technologique de d\u00e9fense (BITD) et la mobilisation du secteur priv\u00e9 pour accompagner cet enjeu strat\u00e9gique. Dans un contexte international marqu\u00e9 par des tensions g\u00e9opolitiques et une n\u00e9cessaire r\u00e9affirmation de la souverainet\u00e9 [&hellip;]<\/p>\n","protected":false},"author":1,"featured_media":4816,"comment_status":"closed","ping_status":"closed","sticky":false,"template":"","format":"standard","meta":{"footnotes":""},"categories":[2],"tags":[],"class_list":["post-4815","post","type-post","status-publish","format-standard","has-post-thumbnail","hentry","category-actualites"],"yoast_head":"<!-- This site is optimized with the Yoast SEO plugin v27.3 - https:\/\/yoast.com\/product\/yoast-seo-wordpress\/ -->\n<title>Souverainet\u00e9 \u00e9conomique et d\u00e9fense : l&#039;interview de SouvTech<\/title>\n<meta name=\"description\" content=\"Interview CNEWS : d\u00e9couvrez comment Souvtech Invest agit pour la souverainet\u00e9 \u00e9conomique et le soutien aux entreprises de d\u00e9fense.\" \/>\n<meta name=\"robots\" content=\"index, follow, max-snippet:-1, max-image-preview:large, max-video-preview:-1\" \/>\n<link rel=\"canonical\" href=\"https:\/\/www.lesentrepreteurs.com\/blog\/interview-souvtech-cnew\/\" \/>\n<meta property=\"og:locale\" content=\"fr_FR\" \/>\n<meta property=\"og:type\" content=\"article\" \/>\n<meta property=\"og:title\" content=\"Souverainet\u00e9 \u00e9conomique et d\u00e9fense : l&#039;interview de SouvTech\" \/>\n<meta property=\"og:description\" content=\"Interview CNEWS : d\u00e9couvrez comment Souvtech Invest agit pour la souverainet\u00e9 \u00e9conomique et le soutien aux entreprises de d\u00e9fense.\" \/>\n<meta property=\"og:url\" content=\"https:\/\/www.lesentrepreteurs.com\/blog\/interview-souvtech-cnew\/\" \/>\n<meta property=\"og:site_name\" content=\"Le blog de la plateforme de financement\" \/>\n<meta property=\"article:publisher\" content=\"https:\/\/www.facebook.com\/lesentrepreteurs?locale=fr_FR\" \/>\n<meta property=\"article:published_time\" content=\"2025-10-13T13:51:03+00:00\" \/>\n<meta property=\"article:modified_time\" content=\"2025-10-28T09:16:56+00:00\" \/>\n<meta property=\"og:image\" content=\"https:\/\/www.lesentrepreteurs.com\/blog\/wp-content\/uploads\/2025\/10\/cnews.jpg\" \/>\n\t<meta property=\"og:image:width\" content=\"2284\" \/>\n\t<meta property=\"og:image:height\" content=\"1304\" \/>\n\t<meta property=\"og:image:type\" content=\"image\/jpeg\" \/>\n<meta name=\"author\" content=\"Marc-Antoine\" \/>\n<meta name=\"twitter:card\" content=\"summary_large_image\" \/>\n<meta name=\"twitter:creator\" content=\"@entrepreteurs\" \/>\n<meta name=\"twitter:site\" content=\"@entrepreteurs\" \/>\n<meta name=\"twitter:label1\" content=\"\u00c9crit par\" \/>\n\t<meta name=\"twitter:data1\" content=\"Marc-Antoine\" \/>\n\t<meta name=\"twitter:label2\" content=\"Dur\u00e9e de lecture estim\u00e9e\" \/>\n\t<meta name=\"twitter:data2\" content=\"2 minutes\" \/>\n<script type=\"application\/ld+json\" class=\"yoast-schema-graph\">{\"@context\":\"https:\\\/\\\/schema.org\",\"@graph\":[{\"@type\":\"Article\",\"@id\":\"https:\\\/\\\/www.lesentrepreteurs.com\\\/blog\\\/interview-souvtech-cnew\\\/#article\",\"isPartOf\":{\"@id\":\"https:\\\/\\\/www.lesentrepreteurs.com\\\/blog\\\/interview-souvtech-cnew\\\/\"},\"author\":{\"name\":\"Marc-Antoine\",\"@id\":\"https:\\\/\\\/www.lesentrepreteurs.com\\\/blog\\\/#\\\/schema\\\/person\\\/1169e54541625b8d3de4b8cc8b65ad44\"},\"headline\":\"Financement de la d\u00e9fense : nous avons \u00e9t\u00e9 invit\u00e9 sur CNEWS pour \u00e9voquer les enjeux de souverainet\u00e9 \u00e9conomique\",\"datePublished\":\"2025-10-13T13:51:03+00:00\",\"dateModified\":\"2025-10-28T09:16:56+00:00\",\"mainEntityOfPage\":{\"@id\":\"https:\\\/\\\/www.lesentrepreteurs.com\\\/blog\\\/interview-souvtech-cnew\\\/\"},\"wordCount\":267,\"publisher\":{\"@id\":\"https:\\\/\\\/www.lesentrepreteurs.com\\\/blog\\\/#organization\"},\"image\":{\"@id\":\"https:\\\/\\\/www.lesentrepreteurs.com\\\/blog\\\/interview-souvtech-cnew\\\/#primaryimage\"},\"thumbnailUrl\":\"https:\\\/\\\/www.lesentrepreteurs.com\\\/blog\\\/wp-content\\\/uploads\\\/2025\\\/10\\\/cnews.jpg\",\"articleSection\":[\"Actualit\u00e9s\"],\"inLanguage\":\"fr-FR\"},{\"@type\":\"WebPage\",\"@id\":\"https:\\\/\\\/www.lesentrepreteurs.com\\\/blog\\\/interview-souvtech-cnew\\\/\",\"url\":\"https:\\\/\\\/www.lesentrepreteurs.com\\\/blog\\\/interview-souvtech-cnew\\\/\",\"name\":\"Souverainet\u00e9 \u00e9conomique et d\u00e9fense : l'interview de SouvTech\",\"isPartOf\":{\"@id\":\"https:\\\/\\\/www.lesentrepreteurs.com\\\/blog\\\/#website\"},\"primaryImageOfPage\":{\"@id\":\"https:\\\/\\\/www.lesentrepreteurs.com\\\/blog\\\/interview-souvtech-cnew\\\/#primaryimage\"},\"image\":{\"@id\":\"https:\\\/\\\/www.lesentrepreteurs.com\\\/blog\\\/interview-souvtech-cnew\\\/#primaryimage\"},\"thumbnailUrl\":\"https:\\\/\\\/www.lesentrepreteurs.com\\\/blog\\\/wp-content\\\/uploads\\\/2025\\\/10\\\/cnews.jpg\",\"datePublished\":\"2025-10-13T13:51:03+00:00\",\"dateModified\":\"2025-10-28T09:16:56+00:00\",\"description\":\"Interview CNEWS : d\u00e9couvrez comment Souvtech Invest agit pour la souverainet\u00e9 \u00e9conomique et le soutien aux entreprises de d\u00e9fense.\",\"breadcrumb\":{\"@id\":\"https:\\\/\\\/www.lesentrepreteurs.com\\\/blog\\\/interview-souvtech-cnew\\\/#breadcrumb\"},\"inLanguage\":\"fr-FR\",\"potentialAction\":[{\"@type\":\"ReadAction\",\"target\":[\"https:\\\/\\\/www.lesentrepreteurs.com\\\/blog\\\/interview-souvtech-cnew\\\/\"]}]},{\"@type\":\"ImageObject\",\"inLanguage\":\"fr-FR\",\"@id\":\"https:\\\/\\\/www.lesentrepreteurs.com\\\/blog\\\/interview-souvtech-cnew\\\/#primaryimage\",\"url\":\"https:\\\/\\\/www.lesentrepreteurs.com\\\/blog\\\/wp-content\\\/uploads\\\/2025\\\/10\\\/cnews.jpg\",\"contentUrl\":\"https:\\\/\\\/www.lesentrepreteurs.com\\\/blog\\\/wp-content\\\/uploads\\\/2025\\\/10\\\/cnews.jpg\",\"width\":2284,\"height\":1304,\"caption\":\"Video CNews\"},{\"@type\":\"BreadcrumbList\",\"@id\":\"https:\\\/\\\/www.lesentrepreteurs.com\\\/blog\\\/interview-souvtech-cnew\\\/#breadcrumb\",\"itemListElement\":[{\"@type\":\"ListItem\",\"position\":1,\"name\":\"Accueil\",\"item\":\"https:\\\/\\\/www.lesentrepreteurs.com\\\/blog\\\/\"},{\"@type\":\"ListItem\",\"position\":2,\"name\":\"Financement de la d\u00e9fense : nous avons \u00e9t\u00e9 invit\u00e9 sur CNEWS pour \u00e9voquer les enjeux de souverainet\u00e9 \u00e9conomique\"}]},{\"@type\":\"WebSite\",\"@id\":\"https:\\\/\\\/www.lesentrepreteurs.com\\\/blog\\\/#website\",\"url\":\"https:\\\/\\\/www.lesentrepreteurs.com\\\/blog\\\/\",\"name\":\"Entre-nous, le blog des Entrepr\u00eateurs\",\"description\":\"Entre nous - Le blog des Entrepr\u00eateurs\",\"publisher\":{\"@id\":\"https:\\\/\\\/www.lesentrepreteurs.com\\\/blog\\\/#organization\"},\"potentialAction\":[{\"@type\":\"SearchAction\",\"target\":{\"@type\":\"EntryPoint\",\"urlTemplate\":\"https:\\\/\\\/www.lesentrepreteurs.com\\\/blog\\\/?s={search_term_string}\"},\"query-input\":{\"@type\":\"PropertyValueSpecification\",\"valueRequired\":true,\"valueName\":\"search_term_string\"}}],\"inLanguage\":\"fr-FR\"},{\"@type\":\"Organization\",\"@id\":\"https:\\\/\\\/www.lesentrepreteurs.com\\\/blog\\\/#organization\",\"name\":\"Le blog de la plateforme de financement\",\"url\":\"https:\\\/\\\/www.lesentrepreteurs.com\\\/blog\\\/\",\"logo\":{\"@type\":\"ImageObject\",\"inLanguage\":\"fr-FR\",\"@id\":\"https:\\\/\\\/www.lesentrepreteurs.com\\\/blog\\\/#\\\/schema\\\/logo\\\/image\\\/\",\"url\":\"https:\\\/\\\/www.lesentrepreteurs.com\\\/blog\\\/wp-content\\\/uploads\\\/2025\\\/10\\\/cropped-Logo_blog_ok.png\",\"contentUrl\":\"https:\\\/\\\/www.lesentrepreteurs.com\\\/blog\\\/wp-content\\\/uploads\\\/2025\\\/10\\\/cropped-Logo_blog_ok.png\",\"width\":300,\"height\":78,\"caption\":\"Le blog de la plateforme de financement\"},\"image\":{\"@id\":\"https:\\\/\\\/www.lesentrepreteurs.com\\\/blog\\\/#\\\/schema\\\/logo\\\/image\\\/\"},\"sameAs\":[\"https:\\\/\\\/www.facebook.com\\\/lesentrepreteurs?locale=fr_FR\",\"https:\\\/\\\/x.com\\\/entrepreteurs\",\"https:\\\/\\\/www.linkedin.com\\\/company\\\/9209775\\\/admin\\\/feed\\\/posts\\\/\"]},{\"@type\":\"Person\",\"@id\":\"https:\\\/\\\/www.lesentrepreteurs.com\\\/blog\\\/#\\\/schema\\\/person\\\/1169e54541625b8d3de4b8cc8b65ad44\",\"name\":\"Marc-Antoine\",\"sameAs\":[\"https:\\\/\\\/www.lesentrepreteurs.com\\\/blog\"],\"url\":\"https:\\\/\\\/www.lesentrepreteurs.com\\\/blog\\\/author\\\/mvanheems\\\/\"}]}<\/script>\n<!-- \/ Yoast SEO plugin. -->","yoast_head_json":{"title":"Souverainet\u00e9 \u00e9conomique et d\u00e9fense : l'interview de SouvTech","description":"Interview CNEWS : d\u00e9couvrez comment Souvtech Invest agit pour la souverainet\u00e9 \u00e9conomique et le soutien aux entreprises de d\u00e9fense.","robots":{"index":"index","follow":"follow","max-snippet":"max-snippet:-1","max-image-preview":"max-image-preview:large","max-video-preview":"max-video-preview:-1"},"canonical":"https:\/\/www.lesentrepreteurs.com\/blog\/interview-souvtech-cnew\/","og_locale":"fr_FR","og_type":"article","og_title":"Souverainet\u00e9 \u00e9conomique et d\u00e9fense : l'interview de SouvTech","og_description":"Interview CNEWS : d\u00e9couvrez comment Souvtech Invest agit pour la souverainet\u00e9 \u00e9conomique et le soutien aux entreprises de d\u00e9fense.","og_url":"https:\/\/www.lesentrepreteurs.com\/blog\/interview-souvtech-cnew\/","og_site_name":"Le blog de la plateforme de financement","article_publisher":"https:\/\/www.facebook.com\/lesentrepreteurs?locale=fr_FR","article_published_time":"2025-10-13T13:51:03+00:00","article_modified_time":"2025-10-28T09:16:56+00:00","og_image":[{"width":2284,"height":1304,"url":"https:\/\/www.lesentrepreteurs.com\/blog\/wp-content\/uploads\/2025\/10\/cnews.jpg","type":"image\/jpeg"}],"author":"Marc-Antoine","twitter_card":"summary_large_image","twitter_creator":"@entrepreteurs","twitter_site":"@entrepreteurs","twitter_misc":{"\u00c9crit par":"Marc-Antoine","Dur\u00e9e de lecture estim\u00e9e":"2 minutes"},"schema":{"@context":"https:\/\/schema.org","@graph":[{"@type":"Article","@id":"https:\/\/www.lesentrepreteurs.com\/blog\/interview-souvtech-cnew\/#article","isPartOf":{"@id":"https:\/\/www.lesentrepreteurs.com\/blog\/interview-souvtech-cnew\/"},"author":{"name":"Marc-Antoine","@id":"https:\/\/www.lesentrepreteurs.com\/blog\/#\/schema\/person\/1169e54541625b8d3de4b8cc8b65ad44"},"headline":"Financement de la d\u00e9fense : nous avons \u00e9t\u00e9 invit\u00e9 sur CNEWS pour \u00e9voquer les enjeux de souverainet\u00e9 \u00e9conomique","datePublished":"2025-10-13T13:51:03+00:00","dateModified":"2025-10-28T09:16:56+00:00","mainEntityOfPage":{"@id":"https:\/\/www.lesentrepreteurs.com\/blog\/interview-souvtech-cnew\/"},"wordCount":267,"publisher":{"@id":"https:\/\/www.lesentrepreteurs.com\/blog\/#organization"},"image":{"@id":"https:\/\/www.lesentrepreteurs.com\/blog\/interview-souvtech-cnew\/#primaryimage"},"thumbnailUrl":"https:\/\/www.lesentrepreteurs.com\/blog\/wp-content\/uploads\/2025\/10\/cnews.jpg","articleSection":["Actualit\u00e9s"],"inLanguage":"fr-FR"},{"@type":"WebPage","@id":"https:\/\/www.lesentrepreteurs.com\/blog\/interview-souvtech-cnew\/","url":"https:\/\/www.lesentrepreteurs.com\/blog\/interview-souvtech-cnew\/","name":"Souverainet\u00e9 \u00e9conomique et d\u00e9fense : l'interview de SouvTech","isPartOf":{"@id":"https:\/\/www.lesentrepreteurs.com\/blog\/#website"},"primaryImageOfPage":{"@id":"https:\/\/www.lesentrepreteurs.com\/blog\/interview-souvtech-cnew\/#primaryimage"},"image":{"@id":"https:\/\/www.lesentrepreteurs.com\/blog\/interview-souvtech-cnew\/#primaryimage"},"thumbnailUrl":"https:\/\/www.lesentrepreteurs.com\/blog\/wp-content\/uploads\/2025\/10\/cnews.jpg","datePublished":"2025-10-13T13:51:03+00:00","dateModified":"2025-10-28T09:16:56+00:00","description":"Interview CNEWS : d\u00e9couvrez comment Souvtech Invest agit pour la souverainet\u00e9 \u00e9conomique et le soutien aux entreprises de d\u00e9fense.","breadcrumb":{"@id":"https:\/\/www.lesentrepreteurs.com\/blog\/interview-souvtech-cnew\/#breadcrumb"},"inLanguage":"fr-FR","potentialAction":[{"@type":"ReadAction","target":["https:\/\/www.lesentrepreteurs.com\/blog\/interview-souvtech-cnew\/"]}]},{"@type":"ImageObject","inLanguage":"fr-FR","@id":"https:\/\/www.lesentrepreteurs.com\/blog\/interview-souvtech-cnew\/#primaryimage","url":"https:\/\/www.lesentrepreteurs.com\/blog\/wp-content\/uploads\/2025\/10\/cnews.jpg","contentUrl":"https:\/\/www.lesentrepreteurs.com\/blog\/wp-content\/uploads\/2025\/10\/cnews.jpg","width":2284,"height":1304,"caption":"Video CNews"},{"@type":"BreadcrumbList","@id":"https:\/\/www.lesentrepreteurs.com\/blog\/interview-souvtech-cnew\/#breadcrumb","itemListElement":[{"@type":"ListItem","position":1,"name":"Accueil","item":"https:\/\/www.lesentrepreteurs.com\/blog\/"},{"@type":"ListItem","position":2,"name":"Financement de la d\u00e9fense : nous avons \u00e9t\u00e9 invit\u00e9 sur CNEWS pour \u00e9voquer les enjeux de souverainet\u00e9 \u00e9conomique"}]},{"@type":"WebSite","@id":"https:\/\/www.lesentrepreteurs.com\/blog\/#website","url":"https:\/\/www.lesentrepreteurs.com\/blog\/","name":"Entre-nous, le blog des Entrepr\u00eateurs","description":"Entre nous - Le blog des Entrepr\u00eateurs","publisher":{"@id":"https:\/\/www.lesentrepreteurs.com\/blog\/#organization"},"potentialAction":[{"@type":"SearchAction","target":{"@type":"EntryPoint","urlTemplate":"https:\/\/www.lesentrepreteurs.com\/blog\/?s={search_term_string}"},"query-input":{"@type":"PropertyValueSpecification","valueRequired":true,"valueName":"search_term_string"}}],"inLanguage":"fr-FR"},{"@type":"Organization","@id":"https:\/\/www.lesentrepreteurs.com\/blog\/#organization","name":"Le blog de la plateforme de financement","url":"https:\/\/www.lesentrepreteurs.com\/blog\/","logo":{"@type":"ImageObject","inLanguage":"fr-FR","@id":"https:\/\/www.lesentrepreteurs.com\/blog\/#\/schema\/logo\/image\/","url":"https:\/\/www.lesentrepreteurs.com\/blog\/wp-content\/uploads\/2025\/10\/cropped-Logo_blog_ok.png","contentUrl":"https:\/\/www.lesentrepreteurs.com\/blog\/wp-content\/uploads\/2025\/10\/cropped-Logo_blog_ok.png","width":300,"height":78,"caption":"Le blog de la plateforme de financement"},"image":{"@id":"https:\/\/www.lesentrepreteurs.com\/blog\/#\/schema\/logo\/image\/"},"sameAs":["https:\/\/www.facebook.com\/lesentrepreteurs?locale=fr_FR","https:\/\/x.com\/entrepreteurs","https:\/\/www.linkedin.com\/company\/9209775\/admin\/feed\/posts\/"]},{"@type":"Person","@id":"https:\/\/www.lesentrepreteurs.com\/blog\/#\/schema\/person\/1169e54541625b8d3de4b8cc8b65ad44","name":"Marc-Antoine","sameAs":["https:\/\/www.lesentrepreteurs.com\/blog"],"url":"https:\/\/www.lesentrepreteurs.com\/blog\/author\/mvanheems\/"}]}},"_links":{"self":[{"href":"https:\/\/www.lesentrepreteurs.com\/blog\/wp-json\/wp\/v2\/posts\/4815","targetHints":{"allow":["GET"]}}],"collection":[{"href":"https:\/\/www.lesentrepreteurs.com\/blog\/wp-json\/wp\/v2\/posts"}],"about":[{"href":"https:\/\/www.lesentrepreteurs.com\/blog\/wp-json\/wp\/v2\/types\/post"}],"author":[{"embeddable":true,"href":"https:\/\/www.lesentrepreteurs.com\/blog\/wp-json\/wp\/v2\/users\/1"}],"replies":[{"embeddable":true,"href":"https:\/\/www.lesentrepreteurs.com\/blog\/wp-json\/wp\/v2\/comments?post=4815"}],"version-history":[{"count":7,"href":"https:\/\/www.lesentrepreteurs.com\/blog\/wp-json\/wp\/v2\/posts\/4815\/revisions"}],"predecessor-version":[{"id":4880,"href":"https:\/\/www.lesentrepreteurs.com\/blog\/wp-json\/wp\/v2\/posts\/4815\/revisions\/4880"}],"wp:featuredmedia":[{"embeddable":true,"href":"https:\/\/www.lesentrepreteurs.com\/blog\/wp-json\/wp\/v2\/media\/4816"}],"wp:attachment":[{"href":"https:\/\/www.lesentrepreteurs.com\/blog\/wp-json\/wp\/v2\/media?parent=4815"}],"wp:term":[{"taxonomy":"category","embeddable":true,"href":"https:\/\/www.lesentrepreteurs.com\/blog\/wp-json\/wp\/v2\/categories?post=4815"},{"taxonomy":"post_tag","embeddable":true,"href":"https:\/\/www.lesentrepreteurs.com\/blog\/wp-json\/wp\/v2\/tags?post=4815"}],"curies":[{"name":"wp","href":"https:\/\/api.w.org\/{rel}","templated":true}]}}