{"id":4838,"date":"2025-10-22T11:23:08","date_gmt":"2025-10-22T09:23:08","guid":{"rendered":"https:\/\/www.lesentrepreteurs.com\/blog\/?p=4838"},"modified":"2025-10-27T11:33:59","modified_gmt":"2025-10-27T10:33:59","slug":"preparez%e2%80%91vous-webinaire-exclusif-le-24-octobre-du-projet-dacquisition-dun-fonds-de-commerce-auchan-a-montrouge","status":"publish","type":"post","link":"https:\/\/www.lesentrepreteurs.com\/blog\/preparez%e2%80%91vous-webinaire-exclusif-le-24-octobre-du-projet-dacquisition-dun-fonds-de-commerce-auchan-a-montrouge\/","title":{"rendered":"Pr\u00e9parez\u2011vous : Webinaire exclusif le 24\u202foctobre du projet d&rsquo;acquisition d\u2019un fonds de commerce Auchan \u00e0 Montrouge"},"content":{"rendered":"\n<p>Le vendredi\u202f24\u202foctobre\u202f2025 \u00e0 12h00 (CEST), la plateforme vous invite \u00e0 un <strong>webinaire gratuit d\u2019environ 30 minutes<\/strong> afin de d\u00e9couvrir en d\u00e9tail l\u2019op\u00e9ration men\u00e9e par A2D\u202f: l\u2019acquisition d\u2019un fonds de commerce Auchan situ\u00e9 au <strong>110\u202f avenue \u202fAristide \u202fBriand (92120\u202fMontrouge)<\/strong>.<br><\/p>\n\n\n\n<div class=\"wp-block-buttons is-content-justification-center is-layout-flex wp-container-core-buttons-is-layout-a89b3969 wp-block-buttons-is-layout-flex\">\n<div class=\"wp-block-button\"><a class=\"wp-block-button__link wp-element-button\" href=\"https:\/\/www.youtube.com\/watch?v=H97GZZQehHc\">Regarder le replay du webinaire<\/a><\/div>\n<\/div>\n\n\n\n<div style=\"height:30px\" aria-hidden=\"true\" class=\"wp-block-spacer\"><\/div>\n\n\n\n<h3 class=\"wp-block-heading\">Pourquoi participer\u202f?<\/h3>\n\n\n\n<ul class=\"wp-block-list\">\n<li>Vous pourrez d\u00e9couvrir une <strong>pr\u00e9sentation compl\u00e8te du projet<\/strong>, de sa structuration et des garanties avec la participation de l\u2019\u00e9quipe analyste de Les\u202fEntrepr\u00eateurs et du dirigeant d\u2019A2D. <\/li>\n\n\n\n<li>Vous aurez l\u2019opportunit\u00e9 de poser vos questions en direct et d\u2019\u00e9changer avec les intervenants. <\/li>\n<\/ul>\n\n\n\n<div style=\"height:30px\" aria-hidden=\"true\" class=\"wp-block-spacer\"><\/div>\n\n\n\n<h3 class=\"wp-block-heading\">En r\u00e9sum\u00e9 \u2013 L\u2019op\u00e9ration en chiffres<\/h3>\n\n\n\n<p>Voici les points cl\u00e9s de l\u2019op\u00e9ration \u00ab\u202fAcquisition d\u2019un fonds de commerce Auchan \u00e0 Montrouge\u202f\u00bb\u202f:<\/p>\n\n\n\n<ul class=\"wp-block-list\">\n<li>Local commercial de <strong>1\u202f300\u202fm\u00b2<\/strong> (dont 1\u202f000\u202fm\u00b2 de surface de vente et 300\u202fm\u00b2 de r\u00e9serve). <\/li>\n\n\n\n<li>Chiffre d\u2019affaires annuel moyen\u202f: <strong>9,5\u202fM\u20ac HT<\/strong>. <\/li>\n\n\n\n<li>Montant de l\u2019acquisition\u202f: <strong>2,375\u202fM\u20ac<\/strong> pour le fonds de commerce. <\/li>\n\n\n\n<li>Travaux de r\u00e9novation\u202f: environ <strong>600\u202fk\u20ac<\/strong>, dont 300\u202fk\u20ac pris en charge par Auchan.<\/li>\n\n\n\n<li>Montant recherch\u00e9 via la plateforme\u202f: <strong>410\u202f000\u202f\u20ac<\/strong>, sur 24\u202fmois, taux d\u2019int\u00e9r\u00eat 10\u202f%, remboursement mensuel du capital + int\u00e9r\u00eats. <\/li>\n\n\n\n<li>Garanties\u202f: cautions personnelles des associ\u00e9s + nantissement du fonds de commerce.<\/li>\n<\/ul>\n\n\n\n<div class=\"wp-block-buttons is-content-justification-center is-layout-flex wp-container-core-buttons-is-layout-a89b3969 wp-block-buttons-is-layout-flex\">\n<div class=\"wp-block-button\"><a class=\"wp-block-button__link wp-element-button\" href=\"https:\/\/www.lesentrepreteurs.com\/projets-a-financer\/acquisition-dun-fonds-de-commerce-auchan-a-montrouge\">Voir le projet<\/a><\/div>\n<\/div>\n\n\n\n<div style=\"height:30px\" aria-hidden=\"true\" class=\"wp-block-spacer\"><\/div>\n\n\n\n<h3 class=\"wp-block-heading\">Pourquoi cet emplacement est\u2011il attractif\u202f?<\/h3>\n\n\n\n<p>La boutique Auchan se trouve \u00e0 Montrouge, sur une avenue \u00e0 fort trafic\u202f: l\u2019avenue Aristide\u202fBriand. <br>Montrouge est une commune des Hauts\u2011de\u2011Seine, aux portes de Paris, avec une population active, un bon pouvoir d\u2019achat et une forte densit\u00e9 urbaine. <br>De plus, le programme de r\u00e9novation du concept boutique vise \u00e0 renforcer l\u2019attractivit\u00e9 du magasin et \u00e0 moderniser l\u2019exp\u00e9rience client\u202f.<\/p>\n\n\n\n<h3 class=\"wp-block-heading\">Comment participer\u202f?<\/h3>\n\n\n\n<ol class=\"wp-block-list\">\n<li>Cliquez sur ce lien pour vous inscrire au webinaire (gratuit)\u202f:<br><a href=\"https:\/\/app.livestorm.co\/les-entrepreteurs\/webinaire-presentation-de-loperation-a2d-invest-acquisition-dun-fond-de-commerce-auchan-a-montrouge?utm_source=chatgpt.com\">Inscription au webinaire \u2013 24 oct.<\/a><\/li>\n\n\n\n<li>Un email de confirmation vous sera envoy\u00e9 avec le lien d\u2019acc\u00e8s le jour J.<\/li>\n\n\n\n<li>Le jour du webinaire, connectez\u2011vous \u00e0 11h55 pour \u00eatre pr\u00eat au d\u00e9marrage \u00e0 12h00.<\/li>\n\n\n\n<li>Pr\u00e9parez vos questions\u202f! Les intervenants seront disponibles pour y r\u00e9pondre en fin de session.<\/li>\n\n\n\n<li>Ensuite, si vous \u00eates int\u00e9ress\u00e9 par le projet, rendez\u2011vous sur la page d\u00e9taill\u00e9e de l\u2019op\u00e9ration pour acc\u00e9der \u00e0 la documentation compl\u00e8te et aux modalit\u00e9s d\u2019investissement.<\/li>\n<\/ol>\n\n\n\n<p><\/p>\n","protected":false},"excerpt":{"rendered":"<p>Le vendredi\u202f24\u202foctobre\u202f2025 \u00e0 12h00 (CEST), la plateforme vous invite \u00e0 un webinaire gratuit d\u2019environ 30 minutes afin de d\u00e9couvrir en d\u00e9tail l\u2019op\u00e9ration men\u00e9e par A2D\u202f: l\u2019acquisition d\u2019un fonds de commerce Auchan situ\u00e9 au 110\u202f avenue \u202fAristide \u202fBriand (92120\u202fMontrouge). Pourquoi participer\u202f? En r\u00e9sum\u00e9 \u2013 L\u2019op\u00e9ration en chiffres Voici les points cl\u00e9s de l\u2019op\u00e9ration \u00ab\u202fAcquisition d\u2019un fonds [&hellip;]<\/p>\n","protected":false},"author":1,"featured_media":4846,"comment_status":"closed","ping_status":"closed","sticky":false,"template":"","format":"standard","meta":{"footnotes":""},"categories":[2],"tags":[],"class_list":["post-4838","post","type-post","status-publish","format-standard","has-post-thumbnail","hentry","category-actualites"],"yoast_head":"<!-- This site is optimized with the Yoast SEO plugin v27.3 - https:\/\/yoast.com\/product\/yoast-seo-wordpress\/ -->\n<title>Webinaire exclusif 24 octobre \u2013 Pr\u00e9sentation du projet Auchan<\/title>\n<meta name=\"description\" content=\"Rejoignez\u2011nous le 24 octobre pour un webinaire gratuit autour de l\u2019op\u00e9ration Auchan \u00e0 Montrouge. Inscription en ligne.\" \/>\n<meta name=\"robots\" content=\"index, follow, max-snippet:-1, max-image-preview:large, max-video-preview:-1\" \/>\n<link rel=\"canonical\" href=\"https:\/\/www.lesentrepreteurs.com\/blog\/preparez\u2011vous-webinaire-exclusif-le-24-octobre-du-projet-dacquisition-dun-fonds-de-commerce-auchan-a-montrouge\/\" \/>\n<meta property=\"og:locale\" content=\"fr_FR\" \/>\n<meta property=\"og:type\" content=\"article\" \/>\n<meta property=\"og:title\" content=\"Webinaire exclusif 24 octobre \u2013 Pr\u00e9sentation du projet Auchan\" \/>\n<meta property=\"og:description\" content=\"Rejoignez\u2011nous le 24 octobre pour un webinaire gratuit autour de l\u2019op\u00e9ration Auchan \u00e0 Montrouge. Inscription en ligne.\" \/>\n<meta property=\"og:url\" content=\"https:\/\/www.lesentrepreteurs.com\/blog\/preparez\u2011vous-webinaire-exclusif-le-24-octobre-du-projet-dacquisition-dun-fonds-de-commerce-auchan-a-montrouge\/\" \/>\n<meta property=\"og:site_name\" content=\"Le blog de la plateforme de financement\" \/>\n<meta property=\"article:publisher\" content=\"https:\/\/www.facebook.com\/lesentrepreteurs?locale=fr_FR\" \/>\n<meta property=\"article:published_time\" content=\"2025-10-22T09:23:08+00:00\" \/>\n<meta property=\"article:modified_time\" content=\"2025-10-27T10:33:59+00:00\" \/>\n<meta property=\"og:image\" content=\"https:\/\/www.lesentrepreteurs.com\/blog\/wp-content\/uploads\/2025\/10\/Visuel_webinair_A2D_blog.jpg\" \/>\n\t<meta property=\"og:image:width\" content=\"1164\" \/>\n\t<meta property=\"og:image:height\" content=\"650\" \/>\n\t<meta property=\"og:image:type\" content=\"image\/jpeg\" \/>\n<meta name=\"author\" content=\"Marc-Antoine\" \/>\n<meta name=\"twitter:card\" content=\"summary_large_image\" \/>\n<meta name=\"twitter:creator\" content=\"@entrepreteurs\" \/>\n<meta name=\"twitter:site\" content=\"@entrepreteurs\" \/>\n<meta name=\"twitter:label1\" content=\"\u00c9crit par\" \/>\n\t<meta name=\"twitter:data1\" content=\"Marc-Antoine\" \/>\n\t<meta name=\"twitter:label2\" content=\"Dur\u00e9e de lecture estim\u00e9e\" \/>\n\t<meta name=\"twitter:data2\" content=\"2 minutes\" \/>\n<script type=\"application\/ld+json\" class=\"yoast-schema-graph\">{\"@context\":\"https:\\\/\\\/schema.org\",\"@graph\":[{\"@type\":\"Article\",\"@id\":\"https:\\\/\\\/www.lesentrepreteurs.com\\\/blog\\\/preparez%e2%80%91vous-webinaire-exclusif-le-24-octobre-du-projet-dacquisition-dun-fonds-de-commerce-auchan-a-montrouge\\\/#article\",\"isPartOf\":{\"@id\":\"https:\\\/\\\/www.lesentrepreteurs.com\\\/blog\\\/preparez%e2%80%91vous-webinaire-exclusif-le-24-octobre-du-projet-dacquisition-dun-fonds-de-commerce-auchan-a-montrouge\\\/\"},\"author\":{\"name\":\"Marc-Antoine\",\"@id\":\"https:\\\/\\\/www.lesentrepreteurs.com\\\/blog\\\/#\\\/schema\\\/person\\\/1169e54541625b8d3de4b8cc8b65ad44\"},\"headline\":\"Pr\u00e9parez\u2011vous : Webinaire exclusif le 24\u202foctobre du projet d&rsquo;acquisition d\u2019un fonds de commerce Auchan \u00e0 Montrouge\",\"datePublished\":\"2025-10-22T09:23:08+00:00\",\"dateModified\":\"2025-10-27T10:33:59+00:00\",\"mainEntityOfPage\":{\"@id\":\"https:\\\/\\\/www.lesentrepreteurs.com\\\/blog\\\/preparez%e2%80%91vous-webinaire-exclusif-le-24-octobre-du-projet-dacquisition-dun-fonds-de-commerce-auchan-a-montrouge\\\/\"},\"wordCount\":387,\"publisher\":{\"@id\":\"https:\\\/\\\/www.lesentrepreteurs.com\\\/blog\\\/#organization\"},\"image\":{\"@id\":\"https:\\\/\\\/www.lesentrepreteurs.com\\\/blog\\\/preparez%e2%80%91vous-webinaire-exclusif-le-24-octobre-du-projet-dacquisition-dun-fonds-de-commerce-auchan-a-montrouge\\\/#primaryimage\"},\"thumbnailUrl\":\"https:\\\/\\\/www.lesentrepreteurs.com\\\/blog\\\/wp-content\\\/uploads\\\/2025\\\/10\\\/Visuel_webinair_A2D_blog.jpg\",\"articleSection\":[\"Actualit\u00e9s\"],\"inLanguage\":\"fr-FR\"},{\"@type\":\"WebPage\",\"@id\":\"https:\\\/\\\/www.lesentrepreteurs.com\\\/blog\\\/preparez%e2%80%91vous-webinaire-exclusif-le-24-octobre-du-projet-dacquisition-dun-fonds-de-commerce-auchan-a-montrouge\\\/\",\"url\":\"https:\\\/\\\/www.lesentrepreteurs.com\\\/blog\\\/preparez%e2%80%91vous-webinaire-exclusif-le-24-octobre-du-projet-dacquisition-dun-fonds-de-commerce-auchan-a-montrouge\\\/\",\"name\":\"Webinaire exclusif 24 octobre \u2013 Pr\u00e9sentation du projet Auchan\",\"isPartOf\":{\"@id\":\"https:\\\/\\\/www.lesentrepreteurs.com\\\/blog\\\/#website\"},\"primaryImageOfPage\":{\"@id\":\"https:\\\/\\\/www.lesentrepreteurs.com\\\/blog\\\/preparez%e2%80%91vous-webinaire-exclusif-le-24-octobre-du-projet-dacquisition-dun-fonds-de-commerce-auchan-a-montrouge\\\/#primaryimage\"},\"image\":{\"@id\":\"https:\\\/\\\/www.lesentrepreteurs.com\\\/blog\\\/preparez%e2%80%91vous-webinaire-exclusif-le-24-octobre-du-projet-dacquisition-dun-fonds-de-commerce-auchan-a-montrouge\\\/#primaryimage\"},\"thumbnailUrl\":\"https:\\\/\\\/www.lesentrepreteurs.com\\\/blog\\\/wp-content\\\/uploads\\\/2025\\\/10\\\/Visuel_webinair_A2D_blog.jpg\",\"datePublished\":\"2025-10-22T09:23:08+00:00\",\"dateModified\":\"2025-10-27T10:33:59+00:00\",\"description\":\"Rejoignez\u2011nous le 24 octobre pour un webinaire gratuit autour de l\u2019op\u00e9ration Auchan \u00e0 Montrouge. Inscription en ligne.\",\"breadcrumb\":{\"@id\":\"https:\\\/\\\/www.lesentrepreteurs.com\\\/blog\\\/preparez%e2%80%91vous-webinaire-exclusif-le-24-octobre-du-projet-dacquisition-dun-fonds-de-commerce-auchan-a-montrouge\\\/#breadcrumb\"},\"inLanguage\":\"fr-FR\",\"potentialAction\":[{\"@type\":\"ReadAction\",\"target\":[\"https:\\\/\\\/www.lesentrepreteurs.com\\\/blog\\\/preparez%e2%80%91vous-webinaire-exclusif-le-24-octobre-du-projet-dacquisition-dun-fonds-de-commerce-auchan-a-montrouge\\\/\"]}]},{\"@type\":\"ImageObject\",\"inLanguage\":\"fr-FR\",\"@id\":\"https:\\\/\\\/www.lesentrepreteurs.com\\\/blog\\\/preparez%e2%80%91vous-webinaire-exclusif-le-24-octobre-du-projet-dacquisition-dun-fonds-de-commerce-auchan-a-montrouge\\\/#primaryimage\",\"url\":\"https:\\\/\\\/www.lesentrepreteurs.com\\\/blog\\\/wp-content\\\/uploads\\\/2025\\\/10\\\/Visuel_webinair_A2D_blog.jpg\",\"contentUrl\":\"https:\\\/\\\/www.lesentrepreteurs.com\\\/blog\\\/wp-content\\\/uploads\\\/2025\\\/10\\\/Visuel_webinair_A2D_blog.jpg\",\"width\":1164,\"height\":650,\"caption\":\"webinaire Auchan Montrouge\"},{\"@type\":\"BreadcrumbList\",\"@id\":\"https:\\\/\\\/www.lesentrepreteurs.com\\\/blog\\\/preparez%e2%80%91vous-webinaire-exclusif-le-24-octobre-du-projet-dacquisition-dun-fonds-de-commerce-auchan-a-montrouge\\\/#breadcrumb\",\"itemListElement\":[{\"@type\":\"ListItem\",\"position\":1,\"name\":\"Accueil\",\"item\":\"https:\\\/\\\/www.lesentrepreteurs.com\\\/blog\\\/\"},{\"@type\":\"ListItem\",\"position\":2,\"name\":\"Pr\u00e9parez\u2011vous : Webinaire exclusif le 24\u202foctobre du projet d&rsquo;acquisition d\u2019un fonds de commerce Auchan \u00e0 Montrouge\"}]},{\"@type\":\"WebSite\",\"@id\":\"https:\\\/\\\/www.lesentrepreteurs.com\\\/blog\\\/#website\",\"url\":\"https:\\\/\\\/www.lesentrepreteurs.com\\\/blog\\\/\",\"name\":\"Entre-nous, le blog des Entrepr\u00eateurs\",\"description\":\"Entre nous - Le blog des Entrepr\u00eateurs\",\"publisher\":{\"@id\":\"https:\\\/\\\/www.lesentrepreteurs.com\\\/blog\\\/#organization\"},\"potentialAction\":[{\"@type\":\"SearchAction\",\"target\":{\"@type\":\"EntryPoint\",\"urlTemplate\":\"https:\\\/\\\/www.lesentrepreteurs.com\\\/blog\\\/?s={search_term_string}\"},\"query-input\":{\"@type\":\"PropertyValueSpecification\",\"valueRequired\":true,\"valueName\":\"search_term_string\"}}],\"inLanguage\":\"fr-FR\"},{\"@type\":\"Organization\",\"@id\":\"https:\\\/\\\/www.lesentrepreteurs.com\\\/blog\\\/#organization\",\"name\":\"Le blog de la plateforme de financement\",\"url\":\"https:\\\/\\\/www.lesentrepreteurs.com\\\/blog\\\/\",\"logo\":{\"@type\":\"ImageObject\",\"inLanguage\":\"fr-FR\",\"@id\":\"https:\\\/\\\/www.lesentrepreteurs.com\\\/blog\\\/#\\\/schema\\\/logo\\\/image\\\/\",\"url\":\"https:\\\/\\\/www.lesentrepreteurs.com\\\/blog\\\/wp-content\\\/uploads\\\/2025\\\/10\\\/cropped-Logo_blog_ok.png\",\"contentUrl\":\"https:\\\/\\\/www.lesentrepreteurs.com\\\/blog\\\/wp-content\\\/uploads\\\/2025\\\/10\\\/cropped-Logo_blog_ok.png\",\"width\":300,\"height\":78,\"caption\":\"Le blog de la plateforme de financement\"},\"image\":{\"@id\":\"https:\\\/\\\/www.lesentrepreteurs.com\\\/blog\\\/#\\\/schema\\\/logo\\\/image\\\/\"},\"sameAs\":[\"https:\\\/\\\/www.facebook.com\\\/lesentrepreteurs?locale=fr_FR\",\"https:\\\/\\\/x.com\\\/entrepreteurs\",\"https:\\\/\\\/www.linkedin.com\\\/company\\\/9209775\\\/admin\\\/feed\\\/posts\\\/\"]},{\"@type\":\"Person\",\"@id\":\"https:\\\/\\\/www.lesentrepreteurs.com\\\/blog\\\/#\\\/schema\\\/person\\\/1169e54541625b8d3de4b8cc8b65ad44\",\"name\":\"Marc-Antoine\",\"sameAs\":[\"https:\\\/\\\/www.lesentrepreteurs.com\\\/blog\"],\"url\":\"https:\\\/\\\/www.lesentrepreteurs.com\\\/blog\\\/author\\\/mvanheems\\\/\"}]}<\/script>\n<!-- \/ Yoast SEO plugin. -->","yoast_head_json":{"title":"Webinaire exclusif 24 octobre \u2013 Pr\u00e9sentation du projet Auchan","description":"Rejoignez\u2011nous le 24 octobre pour un webinaire gratuit autour de l\u2019op\u00e9ration Auchan \u00e0 Montrouge. Inscription en ligne.","robots":{"index":"index","follow":"follow","max-snippet":"max-snippet:-1","max-image-preview":"max-image-preview:large","max-video-preview":"max-video-preview:-1"},"canonical":"https:\/\/www.lesentrepreteurs.com\/blog\/preparez\u2011vous-webinaire-exclusif-le-24-octobre-du-projet-dacquisition-dun-fonds-de-commerce-auchan-a-montrouge\/","og_locale":"fr_FR","og_type":"article","og_title":"Webinaire exclusif 24 octobre \u2013 Pr\u00e9sentation du projet Auchan","og_description":"Rejoignez\u2011nous le 24 octobre pour un webinaire gratuit autour de l\u2019op\u00e9ration Auchan \u00e0 Montrouge. Inscription en ligne.","og_url":"https:\/\/www.lesentrepreteurs.com\/blog\/preparez\u2011vous-webinaire-exclusif-le-24-octobre-du-projet-dacquisition-dun-fonds-de-commerce-auchan-a-montrouge\/","og_site_name":"Le blog de la plateforme de financement","article_publisher":"https:\/\/www.facebook.com\/lesentrepreteurs?locale=fr_FR","article_published_time":"2025-10-22T09:23:08+00:00","article_modified_time":"2025-10-27T10:33:59+00:00","og_image":[{"width":1164,"height":650,"url":"https:\/\/www.lesentrepreteurs.com\/blog\/wp-content\/uploads\/2025\/10\/Visuel_webinair_A2D_blog.jpg","type":"image\/jpeg"}],"author":"Marc-Antoine","twitter_card":"summary_large_image","twitter_creator":"@entrepreteurs","twitter_site":"@entrepreteurs","twitter_misc":{"\u00c9crit par":"Marc-Antoine","Dur\u00e9e de lecture estim\u00e9e":"2 minutes"},"schema":{"@context":"https:\/\/schema.org","@graph":[{"@type":"Article","@id":"https:\/\/www.lesentrepreteurs.com\/blog\/preparez%e2%80%91vous-webinaire-exclusif-le-24-octobre-du-projet-dacquisition-dun-fonds-de-commerce-auchan-a-montrouge\/#article","isPartOf":{"@id":"https:\/\/www.lesentrepreteurs.com\/blog\/preparez%e2%80%91vous-webinaire-exclusif-le-24-octobre-du-projet-dacquisition-dun-fonds-de-commerce-auchan-a-montrouge\/"},"author":{"name":"Marc-Antoine","@id":"https:\/\/www.lesentrepreteurs.com\/blog\/#\/schema\/person\/1169e54541625b8d3de4b8cc8b65ad44"},"headline":"Pr\u00e9parez\u2011vous : Webinaire exclusif le 24\u202foctobre du projet d&rsquo;acquisition d\u2019un fonds de commerce Auchan \u00e0 Montrouge","datePublished":"2025-10-22T09:23:08+00:00","dateModified":"2025-10-27T10:33:59+00:00","mainEntityOfPage":{"@id":"https:\/\/www.lesentrepreteurs.com\/blog\/preparez%e2%80%91vous-webinaire-exclusif-le-24-octobre-du-projet-dacquisition-dun-fonds-de-commerce-auchan-a-montrouge\/"},"wordCount":387,"publisher":{"@id":"https:\/\/www.lesentrepreteurs.com\/blog\/#organization"},"image":{"@id":"https:\/\/www.lesentrepreteurs.com\/blog\/preparez%e2%80%91vous-webinaire-exclusif-le-24-octobre-du-projet-dacquisition-dun-fonds-de-commerce-auchan-a-montrouge\/#primaryimage"},"thumbnailUrl":"https:\/\/www.lesentrepreteurs.com\/blog\/wp-content\/uploads\/2025\/10\/Visuel_webinair_A2D_blog.jpg","articleSection":["Actualit\u00e9s"],"inLanguage":"fr-FR"},{"@type":"WebPage","@id":"https:\/\/www.lesentrepreteurs.com\/blog\/preparez%e2%80%91vous-webinaire-exclusif-le-24-octobre-du-projet-dacquisition-dun-fonds-de-commerce-auchan-a-montrouge\/","url":"https:\/\/www.lesentrepreteurs.com\/blog\/preparez%e2%80%91vous-webinaire-exclusif-le-24-octobre-du-projet-dacquisition-dun-fonds-de-commerce-auchan-a-montrouge\/","name":"Webinaire exclusif 24 octobre \u2013 Pr\u00e9sentation du projet Auchan","isPartOf":{"@id":"https:\/\/www.lesentrepreteurs.com\/blog\/#website"},"primaryImageOfPage":{"@id":"https:\/\/www.lesentrepreteurs.com\/blog\/preparez%e2%80%91vous-webinaire-exclusif-le-24-octobre-du-projet-dacquisition-dun-fonds-de-commerce-auchan-a-montrouge\/#primaryimage"},"image":{"@id":"https:\/\/www.lesentrepreteurs.com\/blog\/preparez%e2%80%91vous-webinaire-exclusif-le-24-octobre-du-projet-dacquisition-dun-fonds-de-commerce-auchan-a-montrouge\/#primaryimage"},"thumbnailUrl":"https:\/\/www.lesentrepreteurs.com\/blog\/wp-content\/uploads\/2025\/10\/Visuel_webinair_A2D_blog.jpg","datePublished":"2025-10-22T09:23:08+00:00","dateModified":"2025-10-27T10:33:59+00:00","description":"Rejoignez\u2011nous le 24 octobre pour un webinaire gratuit autour de l\u2019op\u00e9ration Auchan \u00e0 Montrouge. Inscription en ligne.","breadcrumb":{"@id":"https:\/\/www.lesentrepreteurs.com\/blog\/preparez%e2%80%91vous-webinaire-exclusif-le-24-octobre-du-projet-dacquisition-dun-fonds-de-commerce-auchan-a-montrouge\/#breadcrumb"},"inLanguage":"fr-FR","potentialAction":[{"@type":"ReadAction","target":["https:\/\/www.lesentrepreteurs.com\/blog\/preparez%e2%80%91vous-webinaire-exclusif-le-24-octobre-du-projet-dacquisition-dun-fonds-de-commerce-auchan-a-montrouge\/"]}]},{"@type":"ImageObject","inLanguage":"fr-FR","@id":"https:\/\/www.lesentrepreteurs.com\/blog\/preparez%e2%80%91vous-webinaire-exclusif-le-24-octobre-du-projet-dacquisition-dun-fonds-de-commerce-auchan-a-montrouge\/#primaryimage","url":"https:\/\/www.lesentrepreteurs.com\/blog\/wp-content\/uploads\/2025\/10\/Visuel_webinair_A2D_blog.jpg","contentUrl":"https:\/\/www.lesentrepreteurs.com\/blog\/wp-content\/uploads\/2025\/10\/Visuel_webinair_A2D_blog.jpg","width":1164,"height":650,"caption":"webinaire Auchan Montrouge"},{"@type":"BreadcrumbList","@id":"https:\/\/www.lesentrepreteurs.com\/blog\/preparez%e2%80%91vous-webinaire-exclusif-le-24-octobre-du-projet-dacquisition-dun-fonds-de-commerce-auchan-a-montrouge\/#breadcrumb","itemListElement":[{"@type":"ListItem","position":1,"name":"Accueil","item":"https:\/\/www.lesentrepreteurs.com\/blog\/"},{"@type":"ListItem","position":2,"name":"Pr\u00e9parez\u2011vous : Webinaire exclusif le 24\u202foctobre du projet d&rsquo;acquisition d\u2019un fonds de commerce Auchan \u00e0 Montrouge"}]},{"@type":"WebSite","@id":"https:\/\/www.lesentrepreteurs.com\/blog\/#website","url":"https:\/\/www.lesentrepreteurs.com\/blog\/","name":"Entre-nous, le blog des Entrepr\u00eateurs","description":"Entre nous - Le blog des Entrepr\u00eateurs","publisher":{"@id":"https:\/\/www.lesentrepreteurs.com\/blog\/#organization"},"potentialAction":[{"@type":"SearchAction","target":{"@type":"EntryPoint","urlTemplate":"https:\/\/www.lesentrepreteurs.com\/blog\/?s={search_term_string}"},"query-input":{"@type":"PropertyValueSpecification","valueRequired":true,"valueName":"search_term_string"}}],"inLanguage":"fr-FR"},{"@type":"Organization","@id":"https:\/\/www.lesentrepreteurs.com\/blog\/#organization","name":"Le blog de la plateforme de financement","url":"https:\/\/www.lesentrepreteurs.com\/blog\/","logo":{"@type":"ImageObject","inLanguage":"fr-FR","@id":"https:\/\/www.lesentrepreteurs.com\/blog\/#\/schema\/logo\/image\/","url":"https:\/\/www.lesentrepreteurs.com\/blog\/wp-content\/uploads\/2025\/10\/cropped-Logo_blog_ok.png","contentUrl":"https:\/\/www.lesentrepreteurs.com\/blog\/wp-content\/uploads\/2025\/10\/cropped-Logo_blog_ok.png","width":300,"height":78,"caption":"Le blog de la plateforme de financement"},"image":{"@id":"https:\/\/www.lesentrepreteurs.com\/blog\/#\/schema\/logo\/image\/"},"sameAs":["https:\/\/www.facebook.com\/lesentrepreteurs?locale=fr_FR","https:\/\/x.com\/entrepreteurs","https:\/\/www.linkedin.com\/company\/9209775\/admin\/feed\/posts\/"]},{"@type":"Person","@id":"https:\/\/www.lesentrepreteurs.com\/blog\/#\/schema\/person\/1169e54541625b8d3de4b8cc8b65ad44","name":"Marc-Antoine","sameAs":["https:\/\/www.lesentrepreteurs.com\/blog"],"url":"https:\/\/www.lesentrepreteurs.com\/blog\/author\/mvanheems\/"}]}},"_links":{"self":[{"href":"https:\/\/www.lesentrepreteurs.com\/blog\/wp-json\/wp\/v2\/posts\/4838","targetHints":{"allow":["GET"]}}],"collection":[{"href":"https:\/\/www.lesentrepreteurs.com\/blog\/wp-json\/wp\/v2\/posts"}],"about":[{"href":"https:\/\/www.lesentrepreteurs.com\/blog\/wp-json\/wp\/v2\/types\/post"}],"author":[{"embeddable":true,"href":"https:\/\/www.lesentrepreteurs.com\/blog\/wp-json\/wp\/v2\/users\/1"}],"replies":[{"embeddable":true,"href":"https:\/\/www.lesentrepreteurs.com\/blog\/wp-json\/wp\/v2\/comments?post=4838"}],"version-history":[{"count":6,"href":"https:\/\/www.lesentrepreteurs.com\/blog\/wp-json\/wp\/v2\/posts\/4838\/revisions"}],"predecessor-version":[{"id":4869,"href":"https:\/\/www.lesentrepreteurs.com\/blog\/wp-json\/wp\/v2\/posts\/4838\/revisions\/4869"}],"wp:featuredmedia":[{"embeddable":true,"href":"https:\/\/www.lesentrepreteurs.com\/blog\/wp-json\/wp\/v2\/media\/4846"}],"wp:attachment":[{"href":"https:\/\/www.lesentrepreteurs.com\/blog\/wp-json\/wp\/v2\/media?parent=4838"}],"wp:term":[{"taxonomy":"category","embeddable":true,"href":"https:\/\/www.lesentrepreteurs.com\/blog\/wp-json\/wp\/v2\/categories?post=4838"},{"taxonomy":"post_tag","embeddable":true,"href":"https:\/\/www.lesentrepreteurs.com\/blog\/wp-json\/wp\/v2\/tags?post=4838"}],"curies":[{"name":"wp","href":"https:\/\/api.w.org\/{rel}","templated":true}]}}