{"id":4853,"date":"2025-10-23T14:42:10","date_gmt":"2025-10-23T12:42:10","guid":{"rendered":"https:\/\/www.lesentrepreteurs.com\/blog\/?p=4853"},"modified":"2025-10-27T10:40:30","modified_gmt":"2025-10-27T09:40:30","slug":"nouvelle-identite-les-entrepreteurs","status":"publish","type":"post","link":"https:\/\/www.lesentrepreteurs.com\/blog\/nouvelle-identite-les-entrepreteurs\/","title":{"rendered":"Les Entrepr\u00eateurs d\u00e9voilent une nouvelle identit\u00e9 visuelle pour affirmer leur positionnement 2025"},"content":{"rendered":"\n<p><strong>Paris, octobre 2025<\/strong><\/p>\n\n\n\n<p>Les Entrepr\u00eateurs, acteur historique de l\u2019investissement participatif en France, font \u00e9voluer leur identit\u00e9.<br>Nouveau logo, nouvelle charte graphique, nouvelle exp\u00e9rience utilisateur : cette identit\u00e9 visuelle plus actuelle s\u2019inscrit dans une strat\u00e9gie globale visant \u00e0 affirmer un mod\u00e8le unique d\u2019\u00e9cosyst\u00e8me multi-plateformes, \u00e0 la fois territorial et th\u00e9matique, tout en mettant en avant un solide r\u00e9seau de partenaires.<\/p>\n\n\n\n<h3 class=\"wp-block-heading\"><strong>Une identit\u00e9 en phase avec notre mission<\/strong><\/h3>\n\n\n\n<p>Cette refonte visuelle traduit notre \u00e9volution et notre ambition :<\/p>\n\n\n\n<ul class=\"wp-block-list\">\n<li><strong>Modernit\u00e9<\/strong> : un design plus clair, plus lisible, plus intuitif.<br><\/li>\n\n\n\n<li><strong>Coh\u00e9rence<\/strong> : une signature graphique align\u00e9e avec notre positionnement et d\u00e9clinable sur l\u2019ensemble de nos environnements d\u00e9di\u00e9s.<br><\/li>\n\n\n\n<li><strong>Impact<\/strong> : des visuels et messages valorisant notre positionnement, nos partenaires et nos th\u00e9matiques : territoires, enjeux de demain et enseignes.<\/li>\n<\/ul>\n\n\n\n<figure class=\"wp-block-image size-large\"><img loading=\"lazy\" decoding=\"async\" width=\"1024\" height=\"704\" src=\"https:\/\/www.lesentrepreteurs.com\/blog\/wp-content\/uploads\/2025\/10\/image_blog2-1024x704.jpg\" alt=\"\" class=\"wp-image-4857\" srcset=\"https:\/\/www.lesentrepreteurs.com\/blog\/wp-content\/uploads\/2025\/10\/image_blog2-1024x704.jpg 1024w, https:\/\/www.lesentrepreteurs.com\/blog\/wp-content\/uploads\/2025\/10\/image_blog2-300x206.jpg 300w, https:\/\/www.lesentrepreteurs.com\/blog\/wp-content\/uploads\/2025\/10\/image_blog2-768x528.jpg 768w, https:\/\/www.lesentrepreteurs.com\/blog\/wp-content\/uploads\/2025\/10\/image_blog2.jpg 1164w\" sizes=\"auto, (max-width: 1024px) 100vw, 1024px\" \/><\/figure>\n\n\n\n<h3 class=\"wp-block-heading\"><strong>Une image renouvel\u00e9e pour un mod\u00e8le renforc\u00e9<\/strong><\/h3>\n\n\n\n<p>Depuis sa cr\u00e9ation en 2016, Les Entrepr\u00eateurs se distinguent par leur volont\u00e9 de rapprocher les investisseurs et les acteurs de terrain. En 2025, cette ambition prend une nouvelle dimension avec une architecture consolid\u00e9e :<\/p>\n\n\n\n<ul class=\"wp-block-list\">\n<li><strong>Une plateforme m\u00e8re agr\u00e9\u00e9e<\/strong> par l\u2019Autorit\u00e9 des March\u00e9s Financiers (PSFP n\u00b0 FP-2023-28), garante de la conformit\u00e9, de la transparence et de la qualit\u00e9.<br><\/li>\n\n\n\n<li><strong>Des environnements d\u00e9di\u00e9s<\/strong>, enti\u00e8rement op\u00e9r\u00e9s par la plateforme m\u00e8re, ancr\u00e9s dans les territoires (La R\u00e9union avec <em>Albius Financement<\/em>, Mayotte avec <em>Yatru Shikowa<\/em>, la Polyn\u00e9sie avec <em>Fenua Financement<\/em>, la Guyane avec <em>Dom Com Agricole<\/em>) ou consacr\u00e9s \u00e0 des enjeux strat\u00e9giques tels que la souverainet\u00e9 nationale (<em>Souvtech Invest<\/em>) et les projets \u00e0 impact (<em>Wefundia<\/em>).<br><\/li>\n<\/ul>\n\n\n\n<p>Ce mod\u00e8le unique garantit une gouvernance claire, une relation de proximit\u00e9 avec les porteurs de projet et une exp\u00e9rience unifi\u00e9e pour les investisseurs.<\/p>\n\n\n\n<h3 class=\"wp-block-heading\"><strong>\u201cInvestissez l\u00e0 o\u00f9 votre argent a du sens\u201d<\/strong><\/h3>\n\n\n\n<p>Avec cette nouvelle identit\u00e9, Les Entrepr\u00eateurs renforcent leur promesse :<br><strong>Investissez dans des projets proches de chez vous et de vos valeurs.<\/strong><\/p>\n\n\n\n<p>Immobilier, agriculture, d\u00e9fense, sant\u00e9, Outre-mer\u2026<br>Gr\u00e2ce \u00e0 nos environnements d\u00e9di\u00e9s, diversifiez vos placements avec sens et impact, d\u00e8s <strong>100 \u20ac<\/strong>, sans frais, dans un cadre <strong>s\u00e9curis\u00e9 et r\u00e9glement\u00e9<\/strong>.<br>Et ce n\u2019est qu\u2019un d\u00e9but\u2026<br><br>Cette refonte s\u2019accompagne de plusieurs \u00e9volutions sur la plateforme :<\/p>\n\n\n\n<ul class=\"wp-block-list\">\n<li><strong>Un nouvel onboarding pour les investisseurs<\/strong> : un processus enti\u00e8rement automatis\u00e9, con\u00e7u pour \u00eatre rapide, fluide et conforme. Il garantit une v\u00e9rification d\u2019identit\u00e9 fiable, une mise en conformit\u00e9 KYC\/AML automatique et une ouverture de compte optimis\u00e9e pour les particuliers comme pour les entreprises.<br><\/li>\n\n\n\n<li><strong>Une p\u00e9dagogie renforc\u00e9e autour de l\u2019\u00e9cosyst\u00e8me<\/strong> : l\u2019arborescence de la plateforme a \u00e9t\u00e9 enti\u00e8rement repens\u00e9e pour mettre en valeur nos trois \u00e9cosyst\u00e8mes : territoires, enjeux de demain et enseignes.<br><\/li>\n\n\n\n<li><strong>Un service client repens\u00e9<\/strong> : davantage de r\u00e9activit\u00e9, toujours plus de transparence, des outils d\u00e9di\u00e9s pour les produits r\u00e9f\u00e9renc\u00e9s (Girardin agricole et PER), et un suivi des projets financ\u00e9s d\u00e9sormais optimis\u00e9.<\/li>\n<\/ul>\n\n\n\n<div style=\"height:30px\" aria-hidden=\"true\" class=\"wp-block-spacer\"><\/div>\n\n\n\n<div class=\"wp-block-columns is-layout-flex wp-container-core-columns-is-layout-28f84493 wp-block-columns-is-layout-flex\">\n<div class=\"wp-block-column is-layout-flow wp-block-column-is-layout-flow\" style=\"flex-basis:33.33%\">\n<figure class=\"wp-block-image size-full\"><img loading=\"lazy\" decoding=\"async\" width=\"517\" height=\"493\" src=\"https:\/\/www.lesentrepreteurs.com\/blog\/wp-content\/uploads\/2025\/10\/Photo_Marco.jpg\" alt=\"\" class=\"wp-image-4859\" srcset=\"https:\/\/www.lesentrepreteurs.com\/blog\/wp-content\/uploads\/2025\/10\/Photo_Marco.jpg 517w, https:\/\/www.lesentrepreteurs.com\/blog\/wp-content\/uploads\/2025\/10\/Photo_Marco-300x286.jpg 300w\" sizes=\"auto, (max-width: 517px) 100vw, 517px\" \/><\/figure>\n<\/div>\n\n\n\n<div class=\"wp-block-column is-layout-flow wp-block-column-is-layout-flow\" style=\"flex-basis:66.66%\">\n<p><em>\u00ab Nous sommes tr\u00e8s heureux de vous pr\u00e9senter notre nouvelle charte graphique, la plus grande \u00e9volution depuis le lancement de la plateforme. Elle est le fruit d\u2019un travail consid\u00e9rable qui nous permet d\u2019affirmer notre positionnement et notre r\u00e9silience sur le march\u00e9. Un grand merci \u00e0 notre \u00e9quipe interne, ainsi qu\u2019\u00e0 Damien Nicoulaud, notre directeur artistique, et \u00e0 Florian Freyssenet et Nicolas Andlauer pour leurs pr\u00e9cieux conseils. \u00bb<\/em><\/p>\n\n\n\n<p>Marc-Antoine Vanheems<br>Directeur g\u00e9n\u00e9ral<\/p>\n<\/div>\n<\/div>\n\n\n\n<h3 class=\"wp-block-heading\"><strong>\u00c0 propos des Entrepr\u00eateurs<\/strong><\/h3>\n\n\n\n<p>La soci\u00e9t\u00e9 Les Entrepr\u00eateurs, SAS au capital de 200.000 \u20ac, sise au 34, rue de l&rsquo;Ourcq \u00e0 Paris (75019), immatricul\u00e9e au RCS de Paris sous le num\u00e9ro 805 291 317 est agr\u00e9\u00e9e par l&rsquo;Autorit\u00e9 des March\u00e9s Financiers (AMF) en qualit\u00e9 de Prestataire de Services de Financement Participatif (PSFP) sous le num\u00e9ro FP-2023-28.<\/p>\n\n\n\n<p>La soci\u00e9t\u00e9 Les Entrepr\u00eateurs a \u00e9t\u00e9 mandat\u00e9e en qualit\u00e9 d&rsquo;Agent de Prestataire de Services de Paiement de la soci\u00e9t\u00e9 Lemonway.<\/p>\n\n\n\n<p><a href=\"https:\/\/www.lesentrepreteurs.com\">www.lesentrepreteurs.com<\/a><br>contact@lesentrepreteurs.com<\/p>\n","protected":false},"excerpt":{"rendered":"<p>Paris, octobre 2025 Les Entrepr\u00eateurs, acteur historique de l\u2019investissement participatif en France, font \u00e9voluer leur identit\u00e9.Nouveau logo, nouvelle charte graphique, nouvelle exp\u00e9rience utilisateur : cette identit\u00e9 visuelle plus actuelle s\u2019inscrit dans une strat\u00e9gie globale visant \u00e0 affirmer un mod\u00e8le unique d\u2019\u00e9cosyst\u00e8me multi-plateformes, \u00e0 la fois territorial et th\u00e9matique, tout en mettant en avant un solide [&hellip;]<\/p>\n","protected":false},"author":6,"featured_media":4856,"comment_status":"closed","ping_status":"closed","sticky":false,"template":"","format":"standard","meta":{"footnotes":""},"categories":[2],"tags":[],"class_list":["post-4853","post","type-post","status-publish","format-standard","has-post-thumbnail","hentry","category-actualites"],"yoast_head":"<!-- This site is optimized with the Yoast SEO plugin v27.3 - https:\/\/yoast.com\/product\/yoast-seo-wordpress\/ -->\n<title>Nouvelle identit\u00e9 visuelle pour Les Entrepr\u00eateurs<\/title>\n<meta name=\"description\" content=\"Communiqu\u00e9 : Les Entrepr\u00eateurs d\u00e9voilent une nouvelle identit\u00e9 visuelle pour affirmer leur positionnement 2025.\" \/>\n<meta name=\"robots\" content=\"index, follow, max-snippet:-1, max-image-preview:large, max-video-preview:-1\" \/>\n<link rel=\"canonical\" href=\"https:\/\/www.lesentrepreteurs.com\/blog\/nouvelle-identite-les-entrepreteurs\/\" \/>\n<meta property=\"og:locale\" content=\"fr_FR\" \/>\n<meta property=\"og:type\" content=\"article\" \/>\n<meta property=\"og:title\" content=\"Nouvelle identit\u00e9 visuelle pour Les Entrepr\u00eateurs\" \/>\n<meta property=\"og:description\" content=\"Communiqu\u00e9 : Les Entrepr\u00eateurs d\u00e9voilent une nouvelle identit\u00e9 visuelle pour affirmer leur positionnement 2025.\" \/>\n<meta property=\"og:url\" content=\"https:\/\/www.lesentrepreteurs.com\/blog\/nouvelle-identite-les-entrepreteurs\/\" \/>\n<meta property=\"og:site_name\" content=\"Le blog de la plateforme de financement\" \/>\n<meta property=\"article:publisher\" content=\"https:\/\/www.facebook.com\/lesentrepreteurs?locale=fr_FR\" \/>\n<meta property=\"article:published_time\" content=\"2025-10-23T12:42:10+00:00\" \/>\n<meta property=\"article:modified_time\" content=\"2025-10-27T09:40:30+00:00\" \/>\n<meta property=\"og:image\" content=\"https:\/\/www.lesentrepreteurs.com\/blog\/wp-content\/uploads\/2025\/10\/image_blog.jpg\" \/>\n\t<meta property=\"og:image:width\" content=\"1164\" \/>\n\t<meta property=\"og:image:height\" content=\"650\" \/>\n\t<meta property=\"og:image:type\" content=\"image\/jpeg\" \/>\n<meta name=\"author\" content=\"Julie Millet\" \/>\n<meta name=\"twitter:card\" content=\"summary_large_image\" \/>\n<meta name=\"twitter:creator\" content=\"@entrepreteurs\" \/>\n<meta name=\"twitter:site\" content=\"@entrepreteurs\" \/>\n<meta name=\"twitter:label1\" content=\"\u00c9crit par\" \/>\n\t<meta name=\"twitter:data1\" content=\"Julie Millet\" \/>\n\t<meta name=\"twitter:label2\" content=\"Dur\u00e9e de lecture estim\u00e9e\" \/>\n\t<meta name=\"twitter:data2\" content=\"4 minutes\" \/>\n<script type=\"application\/ld+json\" class=\"yoast-schema-graph\">{\"@context\":\"https:\\\/\\\/schema.org\",\"@graph\":[{\"@type\":\"Article\",\"@id\":\"https:\\\/\\\/www.lesentrepreteurs.com\\\/blog\\\/nouvelle-identite-les-entrepreteurs\\\/#article\",\"isPartOf\":{\"@id\":\"https:\\\/\\\/www.lesentrepreteurs.com\\\/blog\\\/nouvelle-identite-les-entrepreteurs\\\/\"},\"author\":{\"name\":\"Julie Millet\",\"@id\":\"https:\\\/\\\/www.lesentrepreteurs.com\\\/blog\\\/#\\\/schema\\\/person\\\/0b4ec11077b4543f3fff88f6caec72b0\"},\"headline\":\"Les Entrepr\u00eateurs d\u00e9voilent une nouvelle identit\u00e9 visuelle pour affirmer leur positionnement 2025\",\"datePublished\":\"2025-10-23T12:42:10+00:00\",\"dateModified\":\"2025-10-27T09:40:30+00:00\",\"mainEntityOfPage\":{\"@id\":\"https:\\\/\\\/www.lesentrepreteurs.com\\\/blog\\\/nouvelle-identite-les-entrepreteurs\\\/\"},\"wordCount\":665,\"publisher\":{\"@id\":\"https:\\\/\\\/www.lesentrepreteurs.com\\\/blog\\\/#organization\"},\"image\":{\"@id\":\"https:\\\/\\\/www.lesentrepreteurs.com\\\/blog\\\/nouvelle-identite-les-entrepreteurs\\\/#primaryimage\"},\"thumbnailUrl\":\"https:\\\/\\\/www.lesentrepreteurs.com\\\/blog\\\/wp-content\\\/uploads\\\/2025\\\/10\\\/image_blog.jpg\",\"articleSection\":[\"Actualit\u00e9s\"],\"inLanguage\":\"fr-FR\"},{\"@type\":\"WebPage\",\"@id\":\"https:\\\/\\\/www.lesentrepreteurs.com\\\/blog\\\/nouvelle-identite-les-entrepreteurs\\\/\",\"url\":\"https:\\\/\\\/www.lesentrepreteurs.com\\\/blog\\\/nouvelle-identite-les-entrepreteurs\\\/\",\"name\":\"Nouvelle identit\u00e9 visuelle pour Les Entrepr\u00eateurs\",\"isPartOf\":{\"@id\":\"https:\\\/\\\/www.lesentrepreteurs.com\\\/blog\\\/#website\"},\"primaryImageOfPage\":{\"@id\":\"https:\\\/\\\/www.lesentrepreteurs.com\\\/blog\\\/nouvelle-identite-les-entrepreteurs\\\/#primaryimage\"},\"image\":{\"@id\":\"https:\\\/\\\/www.lesentrepreteurs.com\\\/blog\\\/nouvelle-identite-les-entrepreteurs\\\/#primaryimage\"},\"thumbnailUrl\":\"https:\\\/\\\/www.lesentrepreteurs.com\\\/blog\\\/wp-content\\\/uploads\\\/2025\\\/10\\\/image_blog.jpg\",\"datePublished\":\"2025-10-23T12:42:10+00:00\",\"dateModified\":\"2025-10-27T09:40:30+00:00\",\"description\":\"Communiqu\u00e9 : Les Entrepr\u00eateurs d\u00e9voilent une nouvelle identit\u00e9 visuelle pour affirmer leur positionnement 2025.\",\"breadcrumb\":{\"@id\":\"https:\\\/\\\/www.lesentrepreteurs.com\\\/blog\\\/nouvelle-identite-les-entrepreteurs\\\/#breadcrumb\"},\"inLanguage\":\"fr-FR\",\"potentialAction\":[{\"@type\":\"ReadAction\",\"target\":[\"https:\\\/\\\/www.lesentrepreteurs.com\\\/blog\\\/nouvelle-identite-les-entrepreteurs\\\/\"]}]},{\"@type\":\"ImageObject\",\"inLanguage\":\"fr-FR\",\"@id\":\"https:\\\/\\\/www.lesentrepreteurs.com\\\/blog\\\/nouvelle-identite-les-entrepreteurs\\\/#primaryimage\",\"url\":\"https:\\\/\\\/www.lesentrepreteurs.com\\\/blog\\\/wp-content\\\/uploads\\\/2025\\\/10\\\/image_blog.jpg\",\"contentUrl\":\"https:\\\/\\\/www.lesentrepreteurs.com\\\/blog\\\/wp-content\\\/uploads\\\/2025\\\/10\\\/image_blog.jpg\",\"width\":1164,\"height\":650,\"caption\":\"Nouveau logo Les Entrepr\u00eateurs\"},{\"@type\":\"BreadcrumbList\",\"@id\":\"https:\\\/\\\/www.lesentrepreteurs.com\\\/blog\\\/nouvelle-identite-les-entrepreteurs\\\/#breadcrumb\",\"itemListElement\":[{\"@type\":\"ListItem\",\"position\":1,\"name\":\"Accueil\",\"item\":\"https:\\\/\\\/www.lesentrepreteurs.com\\\/blog\\\/\"},{\"@type\":\"ListItem\",\"position\":2,\"name\":\"Les Entrepr\u00eateurs d\u00e9voilent une nouvelle identit\u00e9 visuelle pour affirmer leur positionnement 2025\"}]},{\"@type\":\"WebSite\",\"@id\":\"https:\\\/\\\/www.lesentrepreteurs.com\\\/blog\\\/#website\",\"url\":\"https:\\\/\\\/www.lesentrepreteurs.com\\\/blog\\\/\",\"name\":\"Entre-nous, le blog des Entrepr\u00eateurs\",\"description\":\"Entre nous - Le blog des Entrepr\u00eateurs\",\"publisher\":{\"@id\":\"https:\\\/\\\/www.lesentrepreteurs.com\\\/blog\\\/#organization\"},\"potentialAction\":[{\"@type\":\"SearchAction\",\"target\":{\"@type\":\"EntryPoint\",\"urlTemplate\":\"https:\\\/\\\/www.lesentrepreteurs.com\\\/blog\\\/?s={search_term_string}\"},\"query-input\":{\"@type\":\"PropertyValueSpecification\",\"valueRequired\":true,\"valueName\":\"search_term_string\"}}],\"inLanguage\":\"fr-FR\"},{\"@type\":\"Organization\",\"@id\":\"https:\\\/\\\/www.lesentrepreteurs.com\\\/blog\\\/#organization\",\"name\":\"Le blog de la plateforme de financement\",\"url\":\"https:\\\/\\\/www.lesentrepreteurs.com\\\/blog\\\/\",\"logo\":{\"@type\":\"ImageObject\",\"inLanguage\":\"fr-FR\",\"@id\":\"https:\\\/\\\/www.lesentrepreteurs.com\\\/blog\\\/#\\\/schema\\\/logo\\\/image\\\/\",\"url\":\"https:\\\/\\\/www.lesentrepreteurs.com\\\/blog\\\/wp-content\\\/uploads\\\/2025\\\/10\\\/cropped-Logo_blog_ok.png\",\"contentUrl\":\"https:\\\/\\\/www.lesentrepreteurs.com\\\/blog\\\/wp-content\\\/uploads\\\/2025\\\/10\\\/cropped-Logo_blog_ok.png\",\"width\":300,\"height\":78,\"caption\":\"Le blog de la plateforme de financement\"},\"image\":{\"@id\":\"https:\\\/\\\/www.lesentrepreteurs.com\\\/blog\\\/#\\\/schema\\\/logo\\\/image\\\/\"},\"sameAs\":[\"https:\\\/\\\/www.facebook.com\\\/lesentrepreteurs?locale=fr_FR\",\"https:\\\/\\\/x.com\\\/entrepreteurs\",\"https:\\\/\\\/www.linkedin.com\\\/company\\\/9209775\\\/admin\\\/feed\\\/posts\\\/\"]},{\"@type\":\"Person\",\"@id\":\"https:\\\/\\\/www.lesentrepreteurs.com\\\/blog\\\/#\\\/schema\\\/person\\\/0b4ec11077b4543f3fff88f6caec72b0\",\"name\":\"Julie Millet\",\"url\":\"https:\\\/\\\/www.lesentrepreteurs.com\\\/blog\\\/author\\\/jmlesentrepreteurs-com\\\/\"}]}<\/script>\n<!-- \/ Yoast SEO plugin. -->","yoast_head_json":{"title":"Nouvelle identit\u00e9 visuelle pour Les Entrepr\u00eateurs","description":"Communiqu\u00e9 : Les Entrepr\u00eateurs d\u00e9voilent une nouvelle identit\u00e9 visuelle pour affirmer leur positionnement 2025.","robots":{"index":"index","follow":"follow","max-snippet":"max-snippet:-1","max-image-preview":"max-image-preview:large","max-video-preview":"max-video-preview:-1"},"canonical":"https:\/\/www.lesentrepreteurs.com\/blog\/nouvelle-identite-les-entrepreteurs\/","og_locale":"fr_FR","og_type":"article","og_title":"Nouvelle identit\u00e9 visuelle pour Les Entrepr\u00eateurs","og_description":"Communiqu\u00e9 : Les Entrepr\u00eateurs d\u00e9voilent une nouvelle identit\u00e9 visuelle pour affirmer leur positionnement 2025.","og_url":"https:\/\/www.lesentrepreteurs.com\/blog\/nouvelle-identite-les-entrepreteurs\/","og_site_name":"Le blog de la plateforme de financement","article_publisher":"https:\/\/www.facebook.com\/lesentrepreteurs?locale=fr_FR","article_published_time":"2025-10-23T12:42:10+00:00","article_modified_time":"2025-10-27T09:40:30+00:00","og_image":[{"width":1164,"height":650,"url":"https:\/\/www.lesentrepreteurs.com\/blog\/wp-content\/uploads\/2025\/10\/image_blog.jpg","type":"image\/jpeg"}],"author":"Julie Millet","twitter_card":"summary_large_image","twitter_creator":"@entrepreteurs","twitter_site":"@entrepreteurs","twitter_misc":{"\u00c9crit par":"Julie Millet","Dur\u00e9e de lecture estim\u00e9e":"4 minutes"},"schema":{"@context":"https:\/\/schema.org","@graph":[{"@type":"Article","@id":"https:\/\/www.lesentrepreteurs.com\/blog\/nouvelle-identite-les-entrepreteurs\/#article","isPartOf":{"@id":"https:\/\/www.lesentrepreteurs.com\/blog\/nouvelle-identite-les-entrepreteurs\/"},"author":{"name":"Julie Millet","@id":"https:\/\/www.lesentrepreteurs.com\/blog\/#\/schema\/person\/0b4ec11077b4543f3fff88f6caec72b0"},"headline":"Les Entrepr\u00eateurs d\u00e9voilent une nouvelle identit\u00e9 visuelle pour affirmer leur positionnement 2025","datePublished":"2025-10-23T12:42:10+00:00","dateModified":"2025-10-27T09:40:30+00:00","mainEntityOfPage":{"@id":"https:\/\/www.lesentrepreteurs.com\/blog\/nouvelle-identite-les-entrepreteurs\/"},"wordCount":665,"publisher":{"@id":"https:\/\/www.lesentrepreteurs.com\/blog\/#organization"},"image":{"@id":"https:\/\/www.lesentrepreteurs.com\/blog\/nouvelle-identite-les-entrepreteurs\/#primaryimage"},"thumbnailUrl":"https:\/\/www.lesentrepreteurs.com\/blog\/wp-content\/uploads\/2025\/10\/image_blog.jpg","articleSection":["Actualit\u00e9s"],"inLanguage":"fr-FR"},{"@type":"WebPage","@id":"https:\/\/www.lesentrepreteurs.com\/blog\/nouvelle-identite-les-entrepreteurs\/","url":"https:\/\/www.lesentrepreteurs.com\/blog\/nouvelle-identite-les-entrepreteurs\/","name":"Nouvelle identit\u00e9 visuelle pour Les Entrepr\u00eateurs","isPartOf":{"@id":"https:\/\/www.lesentrepreteurs.com\/blog\/#website"},"primaryImageOfPage":{"@id":"https:\/\/www.lesentrepreteurs.com\/blog\/nouvelle-identite-les-entrepreteurs\/#primaryimage"},"image":{"@id":"https:\/\/www.lesentrepreteurs.com\/blog\/nouvelle-identite-les-entrepreteurs\/#primaryimage"},"thumbnailUrl":"https:\/\/www.lesentrepreteurs.com\/blog\/wp-content\/uploads\/2025\/10\/image_blog.jpg","datePublished":"2025-10-23T12:42:10+00:00","dateModified":"2025-10-27T09:40:30+00:00","description":"Communiqu\u00e9 : Les Entrepr\u00eateurs d\u00e9voilent une nouvelle identit\u00e9 visuelle pour affirmer leur positionnement 2025.","breadcrumb":{"@id":"https:\/\/www.lesentrepreteurs.com\/blog\/nouvelle-identite-les-entrepreteurs\/#breadcrumb"},"inLanguage":"fr-FR","potentialAction":[{"@type":"ReadAction","target":["https:\/\/www.lesentrepreteurs.com\/blog\/nouvelle-identite-les-entrepreteurs\/"]}]},{"@type":"ImageObject","inLanguage":"fr-FR","@id":"https:\/\/www.lesentrepreteurs.com\/blog\/nouvelle-identite-les-entrepreteurs\/#primaryimage","url":"https:\/\/www.lesentrepreteurs.com\/blog\/wp-content\/uploads\/2025\/10\/image_blog.jpg","contentUrl":"https:\/\/www.lesentrepreteurs.com\/blog\/wp-content\/uploads\/2025\/10\/image_blog.jpg","width":1164,"height":650,"caption":"Nouveau logo Les Entrepr\u00eateurs"},{"@type":"BreadcrumbList","@id":"https:\/\/www.lesentrepreteurs.com\/blog\/nouvelle-identite-les-entrepreteurs\/#breadcrumb","itemListElement":[{"@type":"ListItem","position":1,"name":"Accueil","item":"https:\/\/www.lesentrepreteurs.com\/blog\/"},{"@type":"ListItem","position":2,"name":"Les Entrepr\u00eateurs d\u00e9voilent une nouvelle identit\u00e9 visuelle pour affirmer leur positionnement 2025"}]},{"@type":"WebSite","@id":"https:\/\/www.lesentrepreteurs.com\/blog\/#website","url":"https:\/\/www.lesentrepreteurs.com\/blog\/","name":"Entre-nous, le blog des Entrepr\u00eateurs","description":"Entre nous - Le blog des Entrepr\u00eateurs","publisher":{"@id":"https:\/\/www.lesentrepreteurs.com\/blog\/#organization"},"potentialAction":[{"@type":"SearchAction","target":{"@type":"EntryPoint","urlTemplate":"https:\/\/www.lesentrepreteurs.com\/blog\/?s={search_term_string}"},"query-input":{"@type":"PropertyValueSpecification","valueRequired":true,"valueName":"search_term_string"}}],"inLanguage":"fr-FR"},{"@type":"Organization","@id":"https:\/\/www.lesentrepreteurs.com\/blog\/#organization","name":"Le blog de la plateforme de financement","url":"https:\/\/www.lesentrepreteurs.com\/blog\/","logo":{"@type":"ImageObject","inLanguage":"fr-FR","@id":"https:\/\/www.lesentrepreteurs.com\/blog\/#\/schema\/logo\/image\/","url":"https:\/\/www.lesentrepreteurs.com\/blog\/wp-content\/uploads\/2025\/10\/cropped-Logo_blog_ok.png","contentUrl":"https:\/\/www.lesentrepreteurs.com\/blog\/wp-content\/uploads\/2025\/10\/cropped-Logo_blog_ok.png","width":300,"height":78,"caption":"Le blog de la plateforme de financement"},"image":{"@id":"https:\/\/www.lesentrepreteurs.com\/blog\/#\/schema\/logo\/image\/"},"sameAs":["https:\/\/www.facebook.com\/lesentrepreteurs?locale=fr_FR","https:\/\/x.com\/entrepreteurs","https:\/\/www.linkedin.com\/company\/9209775\/admin\/feed\/posts\/"]},{"@type":"Person","@id":"https:\/\/www.lesentrepreteurs.com\/blog\/#\/schema\/person\/0b4ec11077b4543f3fff88f6caec72b0","name":"Julie Millet","url":"https:\/\/www.lesentrepreteurs.com\/blog\/author\/jmlesentrepreteurs-com\/"}]}},"_links":{"self":[{"href":"https:\/\/www.lesentrepreteurs.com\/blog\/wp-json\/wp\/v2\/posts\/4853","targetHints":{"allow":["GET"]}}],"collection":[{"href":"https:\/\/www.lesentrepreteurs.com\/blog\/wp-json\/wp\/v2\/posts"}],"about":[{"href":"https:\/\/www.lesentrepreteurs.com\/blog\/wp-json\/wp\/v2\/types\/post"}],"author":[{"embeddable":true,"href":"https:\/\/www.lesentrepreteurs.com\/blog\/wp-json\/wp\/v2\/users\/6"}],"replies":[{"embeddable":true,"href":"https:\/\/www.lesentrepreteurs.com\/blog\/wp-json\/wp\/v2\/comments?post=4853"}],"version-history":[{"count":7,"href":"https:\/\/www.lesentrepreteurs.com\/blog\/wp-json\/wp\/v2\/posts\/4853\/revisions"}],"predecessor-version":[{"id":4866,"href":"https:\/\/www.lesentrepreteurs.com\/blog\/wp-json\/wp\/v2\/posts\/4853\/revisions\/4866"}],"wp:featuredmedia":[{"embeddable":true,"href":"https:\/\/www.lesentrepreteurs.com\/blog\/wp-json\/wp\/v2\/media\/4856"}],"wp:attachment":[{"href":"https:\/\/www.lesentrepreteurs.com\/blog\/wp-json\/wp\/v2\/media?parent=4853"}],"wp:term":[{"taxonomy":"category","embeddable":true,"href":"https:\/\/www.lesentrepreteurs.com\/blog\/wp-json\/wp\/v2\/categories?post=4853"},{"taxonomy":"post_tag","embeddable":true,"href":"https:\/\/www.lesentrepreteurs.com\/blog\/wp-json\/wp\/v2\/tags?post=4853"}],"curies":[{"name":"wp","href":"https:\/\/api.w.org\/{rel}","templated":true}]}}