{"id":4907,"date":"2025-10-28T16:34:51","date_gmt":"2025-10-28T15:34:51","guid":{"rendered":"https:\/\/www.lesentrepreteurs.com\/blog\/?p=4907"},"modified":"2025-10-29T10:20:00","modified_gmt":"2025-10-29T09:20:00","slug":"remboursement-projet-le-collectif-nantais","status":"publish","type":"post","link":"https:\/\/www.lesentrepreteurs.com\/blog\/remboursement-projet-le-collectif-nantais\/","title":{"rendered":"Remboursement du projet \u00ab\u00a0Le Collectif Nantais\u00a0\u00bb"},"content":{"rendered":"\n<h2 class=\"wp-block-heading\">Retour sur la gen\u00e8se du projet<\/h2>\n\n\n\n<p>Le Collectif Nantais a \u00e9t\u00e9 lanc\u00e9 en juin 2021 avec l&rsquo;ambition de constituer un \u00ab futur inspirant \u00bb pour le FC Nantes. Il souhaitait rassembler des chefs d\u2019entreprise, des anciens joueurs et supporters autour d\u2019un projet de rachat du club.<br>Le collectif a ainsi mis en \u0153uvre un <a href=\"\/projets-a-financer\/federons-autour-du-collectif-nantais\">projet<\/a> sur notre plateforme, ouvert aux particuliers \u00e0 partir de 100 \u20ac. Au final, + de 1700 personnes ont particip\u00e9 \u00e0 l&rsquo;op\u00e9ration !<br>Parall\u00e8lement, des investisseurs plus importants (entreprises de la r\u00e9gion, anciens joueurs) ont \u00e9t\u00e9 mobilis\u00e9s.<\/p>\n\n\n\n<p>L\u2019ambition publique \u00e9tait de racheter le club avec un sch\u00e9ma rassemblant finance, territoire, supporters et gouvernance renouvel\u00e9e.<\/p>\n\n\n\n<h2 class=\"wp-block-heading\">Pourquoi le point d\u2019arr\u00eat ?<\/h2>\n\n\n\n<p>Malgr\u00e9 les efforts :<\/p>\n\n\n\n<ul class=\"wp-block-list\">\n<li>Le Collectif Nantais a indiqu\u00e9 avoir transmis <strong>une offre d\u2019achat de 80 M\u20ac en d\u00e9cembre 2023<\/strong> au propri\u00e9taire du FC Nantes, Waldemar Kita.<\/li>\n\n\n\n<li>Le propri\u00e9taire a pour sa part <strong>ni\u00e9 formellement<\/strong> avoir re\u00e7u cette offre.<\/li>\n\n\n\n<li>Le communiqu\u00e9 final du Collectif \u00e9voque \u00ab l\u2019incertitude quant au d\u00e9sir r\u00e9el de cession de l\u2019actionnaire actuel \u00bb. Cela a conduit \u00e0 la d\u00e9cision de mettre fin au projet.<\/li>\n<\/ul>\n\n\n\n<p>En cons\u00e9quence, apr\u00e8s quatre ann\u00e9es d\u2019efforts, le projet ne va pas au bout. Le Collectif a annonc\u00e9 qu\u2019il mettait un terme \u00e0 sa d\u00e9marche, et qu\u2019il proc\u00e9dait au remboursement int\u00e9gral des souscripteurs (entreprises + particuliers).<\/p>\n\n\n\n<h2 class=\"wp-block-heading\">Notre r\u00f4le : plateforme de financement et engagement de remboursement<\/h2>\n\n\n\n<p>En tant que plateforme de financement, les Entrepr\u00eateurs avons permis \u00e0 de nombreux investisseurs (soutenants du projet via la soci\u00e9t\u00e9 interm\u00e9diaire \u00ab F\u00e9d\u00e9rons autour du Collectif Nantais \u00bb) de participer \u00e0 cette lev\u00e9e.<br>Avec l\u2019annonce de l\u2019arr\u00eat du projet, la question centrale pour nous est : <strong>quels engagements et quelles modalit\u00e9s de remboursement ?<\/strong><\/p>\n\n\n\n<h3 class=\"wp-block-heading\">Un remboursement pr\u00e9vu avant le 31 D\u00e9cembre 2025<\/h3>\n\n\n\n<ul class=\"wp-block-list\">\n<li>Chaque investisseur, qu\u2019il ait souscrit via l\u2019investissement participatif (ticket minimum 100 \u20ac) ou via des actions plus importantes, sera rembours\u00e9 int\u00e9gralement.<\/li>\n\n\n\n<li>Le remboursement sera effectu\u00e9 sur chaque compte de la plateforme avant le 31 D\u00e9cembre 2025 d\u00e8s r\u00e9ception du virement du Collectif Nantais. <\/li>\n<\/ul>\n\n\n\n<p><strong>Bien que le projet port\u00e9 par le Collectif Nantais n\u2019ait pas abouti, il marque une \u00e9tape importante dans la participation des supporters et acteurs locaux \u00e0 la vie d\u2019un club de football. En tant que plateforme de financement, Les Entrepr\u00eateurs assumons pleinement notre r\u00f4le : faciliter l\u2019investissement, accompagner les porteurs de projet, mais aussi garantir la protection et le remboursement des investisseurs quand les objectifs ne sont pas atteints.<\/strong><\/p>\n\n\n\n<p>Nous remercions l\u2019ensemble des investisseurs pour leur confiance et leur patience. Nous vous tiendrons inform\u00e9s \u00e0 chaque \u00e9tape du remboursement. Si vous avez des questions, n\u2019h\u00e9sitez pas \u00e0 contacter notre service client ou consulter la FAQ d\u00e9di\u00e9e.<\/p>\n","protected":false},"excerpt":{"rendered":"<p>Retour sur la gen\u00e8se du projet Le Collectif Nantais a \u00e9t\u00e9 lanc\u00e9 en juin 2021 avec l&rsquo;ambition de constituer un \u00ab futur inspirant \u00bb pour le FC Nantes. Il souhaitait rassembler des chefs d\u2019entreprise, des anciens joueurs et supporters autour d\u2019un projet de rachat du club.Le collectif a ainsi mis en \u0153uvre un projet sur [&hellip;]<\/p>\n","protected":false},"author":1,"featured_media":4913,"comment_status":"closed","ping_status":"closed","sticky":false,"template":"","format":"standard","meta":{"footnotes":""},"categories":[2],"tags":[],"class_list":["post-4907","post","type-post","status-publish","format-standard","has-post-thumbnail","hentry","category-actualites"],"yoast_head":"<!-- This site is optimized with the Yoast SEO plugin v27.3 - https:\/\/yoast.com\/product\/yoast-seo-wordpress\/ -->\n<title>Remboursement du projet &quot;Le Collectif Nantais&quot;<\/title>\n<meta name=\"description\" content=\"Tout savoir sur le remboursement du projet Le Collectif Nantais : raisons de la cl\u00f4ture et processus de restitution.\" \/>\n<meta name=\"robots\" content=\"index, follow, max-snippet:-1, max-image-preview:large, max-video-preview:-1\" \/>\n<link rel=\"canonical\" href=\"https:\/\/www.lesentrepreteurs.com\/blog\/remboursement-projet-le-collectif-nantais\/\" \/>\n<meta property=\"og:locale\" content=\"fr_FR\" \/>\n<meta property=\"og:type\" content=\"article\" \/>\n<meta property=\"og:title\" content=\"Remboursement du projet &quot;Le Collectif Nantais&quot;\" \/>\n<meta property=\"og:description\" content=\"Tout savoir sur le remboursement du projet Le Collectif Nantais : raisons de la cl\u00f4ture et processus de restitution.\" \/>\n<meta property=\"og:url\" content=\"https:\/\/www.lesentrepreteurs.com\/blog\/remboursement-projet-le-collectif-nantais\/\" \/>\n<meta property=\"og:site_name\" content=\"Le blog de la plateforme de financement\" \/>\n<meta property=\"article:publisher\" content=\"https:\/\/www.facebook.com\/lesentrepreteurs?locale=fr_FR\" \/>\n<meta property=\"article:published_time\" content=\"2025-10-28T15:34:51+00:00\" \/>\n<meta property=\"article:modified_time\" content=\"2025-10-29T09:20:00+00:00\" \/>\n<meta property=\"og:image\" content=\"https:\/\/www.lesentrepreteurs.com\/blog\/wp-content\/uploads\/2025\/10\/blog-collectifnantais.jpg\" \/>\n\t<meta property=\"og:image:width\" content=\"923\" \/>\n\t<meta property=\"og:image:height\" content=\"515\" \/>\n\t<meta property=\"og:image:type\" content=\"image\/jpeg\" \/>\n<meta name=\"author\" content=\"Marc-Antoine\" \/>\n<meta name=\"twitter:card\" content=\"summary_large_image\" \/>\n<meta name=\"twitter:creator\" content=\"@entrepreteurs\" \/>\n<meta name=\"twitter:site\" content=\"@entrepreteurs\" \/>\n<meta name=\"twitter:label1\" content=\"\u00c9crit par\" \/>\n\t<meta name=\"twitter:data1\" content=\"Marc-Antoine\" \/>\n\t<meta name=\"twitter:label2\" content=\"Dur\u00e9e de lecture estim\u00e9e\" \/>\n\t<meta name=\"twitter:data2\" content=\"3 minutes\" \/>\n<script type=\"application\/ld+json\" class=\"yoast-schema-graph\">{\"@context\":\"https:\\\/\\\/schema.org\",\"@graph\":[{\"@type\":\"Article\",\"@id\":\"https:\\\/\\\/www.lesentrepreteurs.com\\\/blog\\\/remboursement-projet-le-collectif-nantais\\\/#article\",\"isPartOf\":{\"@id\":\"https:\\\/\\\/www.lesentrepreteurs.com\\\/blog\\\/remboursement-projet-le-collectif-nantais\\\/\"},\"author\":{\"name\":\"Marc-Antoine\",\"@id\":\"https:\\\/\\\/www.lesentrepreteurs.com\\\/blog\\\/#\\\/schema\\\/person\\\/1169e54541625b8d3de4b8cc8b65ad44\"},\"headline\":\"Remboursement du projet \u00ab\u00a0Le Collectif Nantais\u00a0\u00bb\",\"datePublished\":\"2025-10-28T15:34:51+00:00\",\"dateModified\":\"2025-10-29T09:20:00+00:00\",\"mainEntityOfPage\":{\"@id\":\"https:\\\/\\\/www.lesentrepreteurs.com\\\/blog\\\/remboursement-projet-le-collectif-nantais\\\/\"},\"wordCount\":468,\"publisher\":{\"@id\":\"https:\\\/\\\/www.lesentrepreteurs.com\\\/blog\\\/#organization\"},\"image\":{\"@id\":\"https:\\\/\\\/www.lesentrepreteurs.com\\\/blog\\\/remboursement-projet-le-collectif-nantais\\\/#primaryimage\"},\"thumbnailUrl\":\"https:\\\/\\\/www.lesentrepreteurs.com\\\/blog\\\/wp-content\\\/uploads\\\/2025\\\/10\\\/blog-collectifnantais.jpg\",\"articleSection\":[\"Actualit\u00e9s\"],\"inLanguage\":\"fr-FR\"},{\"@type\":\"WebPage\",\"@id\":\"https:\\\/\\\/www.lesentrepreteurs.com\\\/blog\\\/remboursement-projet-le-collectif-nantais\\\/\",\"url\":\"https:\\\/\\\/www.lesentrepreteurs.com\\\/blog\\\/remboursement-projet-le-collectif-nantais\\\/\",\"name\":\"Remboursement du projet \\\"Le Collectif Nantais\\\"\",\"isPartOf\":{\"@id\":\"https:\\\/\\\/www.lesentrepreteurs.com\\\/blog\\\/#website\"},\"primaryImageOfPage\":{\"@id\":\"https:\\\/\\\/www.lesentrepreteurs.com\\\/blog\\\/remboursement-projet-le-collectif-nantais\\\/#primaryimage\"},\"image\":{\"@id\":\"https:\\\/\\\/www.lesentrepreteurs.com\\\/blog\\\/remboursement-projet-le-collectif-nantais\\\/#primaryimage\"},\"thumbnailUrl\":\"https:\\\/\\\/www.lesentrepreteurs.com\\\/blog\\\/wp-content\\\/uploads\\\/2025\\\/10\\\/blog-collectifnantais.jpg\",\"datePublished\":\"2025-10-28T15:34:51+00:00\",\"dateModified\":\"2025-10-29T09:20:00+00:00\",\"description\":\"Tout savoir sur le remboursement du projet Le Collectif Nantais : raisons de la cl\u00f4ture et processus de restitution.\",\"breadcrumb\":{\"@id\":\"https:\\\/\\\/www.lesentrepreteurs.com\\\/blog\\\/remboursement-projet-le-collectif-nantais\\\/#breadcrumb\"},\"inLanguage\":\"fr-FR\",\"potentialAction\":[{\"@type\":\"ReadAction\",\"target\":[\"https:\\\/\\\/www.lesentrepreteurs.com\\\/blog\\\/remboursement-projet-le-collectif-nantais\\\/\"]}]},{\"@type\":\"ImageObject\",\"inLanguage\":\"fr-FR\",\"@id\":\"https:\\\/\\\/www.lesentrepreteurs.com\\\/blog\\\/remboursement-projet-le-collectif-nantais\\\/#primaryimage\",\"url\":\"https:\\\/\\\/www.lesentrepreteurs.com\\\/blog\\\/wp-content\\\/uploads\\\/2025\\\/10\\\/blog-collectifnantais.jpg\",\"contentUrl\":\"https:\\\/\\\/www.lesentrepreteurs.com\\\/blog\\\/wp-content\\\/uploads\\\/2025\\\/10\\\/blog-collectifnantais.jpg\",\"width\":923,\"height\":515,\"caption\":\"Remboursement projet collectif Nantais\"},{\"@type\":\"BreadcrumbList\",\"@id\":\"https:\\\/\\\/www.lesentrepreteurs.com\\\/blog\\\/remboursement-projet-le-collectif-nantais\\\/#breadcrumb\",\"itemListElement\":[{\"@type\":\"ListItem\",\"position\":1,\"name\":\"Accueil\",\"item\":\"https:\\\/\\\/www.lesentrepreteurs.com\\\/blog\\\/\"},{\"@type\":\"ListItem\",\"position\":2,\"name\":\"Remboursement du projet \u00ab\u00a0Le Collectif Nantais\u00a0\u00bb\"}]},{\"@type\":\"WebSite\",\"@id\":\"https:\\\/\\\/www.lesentrepreteurs.com\\\/blog\\\/#website\",\"url\":\"https:\\\/\\\/www.lesentrepreteurs.com\\\/blog\\\/\",\"name\":\"Entre-nous, le blog des Entrepr\u00eateurs\",\"description\":\"Entre nous - Le blog des Entrepr\u00eateurs\",\"publisher\":{\"@id\":\"https:\\\/\\\/www.lesentrepreteurs.com\\\/blog\\\/#organization\"},\"potentialAction\":[{\"@type\":\"SearchAction\",\"target\":{\"@type\":\"EntryPoint\",\"urlTemplate\":\"https:\\\/\\\/www.lesentrepreteurs.com\\\/blog\\\/?s={search_term_string}\"},\"query-input\":{\"@type\":\"PropertyValueSpecification\",\"valueRequired\":true,\"valueName\":\"search_term_string\"}}],\"inLanguage\":\"fr-FR\"},{\"@type\":\"Organization\",\"@id\":\"https:\\\/\\\/www.lesentrepreteurs.com\\\/blog\\\/#organization\",\"name\":\"Le blog de la plateforme de financement\",\"url\":\"https:\\\/\\\/www.lesentrepreteurs.com\\\/blog\\\/\",\"logo\":{\"@type\":\"ImageObject\",\"inLanguage\":\"fr-FR\",\"@id\":\"https:\\\/\\\/www.lesentrepreteurs.com\\\/blog\\\/#\\\/schema\\\/logo\\\/image\\\/\",\"url\":\"https:\\\/\\\/www.lesentrepreteurs.com\\\/blog\\\/wp-content\\\/uploads\\\/2025\\\/10\\\/cropped-Logo_blog_ok.png\",\"contentUrl\":\"https:\\\/\\\/www.lesentrepreteurs.com\\\/blog\\\/wp-content\\\/uploads\\\/2025\\\/10\\\/cropped-Logo_blog_ok.png\",\"width\":300,\"height\":78,\"caption\":\"Le blog de la plateforme de financement\"},\"image\":{\"@id\":\"https:\\\/\\\/www.lesentrepreteurs.com\\\/blog\\\/#\\\/schema\\\/logo\\\/image\\\/\"},\"sameAs\":[\"https:\\\/\\\/www.facebook.com\\\/lesentrepreteurs?locale=fr_FR\",\"https:\\\/\\\/x.com\\\/entrepreteurs\",\"https:\\\/\\\/www.linkedin.com\\\/company\\\/9209775\\\/admin\\\/feed\\\/posts\\\/\"]},{\"@type\":\"Person\",\"@id\":\"https:\\\/\\\/www.lesentrepreteurs.com\\\/blog\\\/#\\\/schema\\\/person\\\/1169e54541625b8d3de4b8cc8b65ad44\",\"name\":\"Marc-Antoine\",\"sameAs\":[\"https:\\\/\\\/www.lesentrepreteurs.com\\\/blog\"],\"url\":\"https:\\\/\\\/www.lesentrepreteurs.com\\\/blog\\\/author\\\/mvanheems\\\/\"}]}<\/script>\n<!-- \/ Yoast SEO plugin. -->","yoast_head_json":{"title":"Remboursement du projet \"Le Collectif Nantais\"","description":"Tout savoir sur le remboursement du projet Le Collectif Nantais : raisons de la cl\u00f4ture et processus de restitution.","robots":{"index":"index","follow":"follow","max-snippet":"max-snippet:-1","max-image-preview":"max-image-preview:large","max-video-preview":"max-video-preview:-1"},"canonical":"https:\/\/www.lesentrepreteurs.com\/blog\/remboursement-projet-le-collectif-nantais\/","og_locale":"fr_FR","og_type":"article","og_title":"Remboursement du projet \"Le Collectif Nantais\"","og_description":"Tout savoir sur le remboursement du projet Le Collectif Nantais : raisons de la cl\u00f4ture et processus de restitution.","og_url":"https:\/\/www.lesentrepreteurs.com\/blog\/remboursement-projet-le-collectif-nantais\/","og_site_name":"Le blog de la plateforme de financement","article_publisher":"https:\/\/www.facebook.com\/lesentrepreteurs?locale=fr_FR","article_published_time":"2025-10-28T15:34:51+00:00","article_modified_time":"2025-10-29T09:20:00+00:00","og_image":[{"width":923,"height":515,"url":"https:\/\/www.lesentrepreteurs.com\/blog\/wp-content\/uploads\/2025\/10\/blog-collectifnantais.jpg","type":"image\/jpeg"}],"author":"Marc-Antoine","twitter_card":"summary_large_image","twitter_creator":"@entrepreteurs","twitter_site":"@entrepreteurs","twitter_misc":{"\u00c9crit par":"Marc-Antoine","Dur\u00e9e de lecture estim\u00e9e":"3 minutes"},"schema":{"@context":"https:\/\/schema.org","@graph":[{"@type":"Article","@id":"https:\/\/www.lesentrepreteurs.com\/blog\/remboursement-projet-le-collectif-nantais\/#article","isPartOf":{"@id":"https:\/\/www.lesentrepreteurs.com\/blog\/remboursement-projet-le-collectif-nantais\/"},"author":{"name":"Marc-Antoine","@id":"https:\/\/www.lesentrepreteurs.com\/blog\/#\/schema\/person\/1169e54541625b8d3de4b8cc8b65ad44"},"headline":"Remboursement du projet \u00ab\u00a0Le Collectif Nantais\u00a0\u00bb","datePublished":"2025-10-28T15:34:51+00:00","dateModified":"2025-10-29T09:20:00+00:00","mainEntityOfPage":{"@id":"https:\/\/www.lesentrepreteurs.com\/blog\/remboursement-projet-le-collectif-nantais\/"},"wordCount":468,"publisher":{"@id":"https:\/\/www.lesentrepreteurs.com\/blog\/#organization"},"image":{"@id":"https:\/\/www.lesentrepreteurs.com\/blog\/remboursement-projet-le-collectif-nantais\/#primaryimage"},"thumbnailUrl":"https:\/\/www.lesentrepreteurs.com\/blog\/wp-content\/uploads\/2025\/10\/blog-collectifnantais.jpg","articleSection":["Actualit\u00e9s"],"inLanguage":"fr-FR"},{"@type":"WebPage","@id":"https:\/\/www.lesentrepreteurs.com\/blog\/remboursement-projet-le-collectif-nantais\/","url":"https:\/\/www.lesentrepreteurs.com\/blog\/remboursement-projet-le-collectif-nantais\/","name":"Remboursement du projet \"Le Collectif Nantais\"","isPartOf":{"@id":"https:\/\/www.lesentrepreteurs.com\/blog\/#website"},"primaryImageOfPage":{"@id":"https:\/\/www.lesentrepreteurs.com\/blog\/remboursement-projet-le-collectif-nantais\/#primaryimage"},"image":{"@id":"https:\/\/www.lesentrepreteurs.com\/blog\/remboursement-projet-le-collectif-nantais\/#primaryimage"},"thumbnailUrl":"https:\/\/www.lesentrepreteurs.com\/blog\/wp-content\/uploads\/2025\/10\/blog-collectifnantais.jpg","datePublished":"2025-10-28T15:34:51+00:00","dateModified":"2025-10-29T09:20:00+00:00","description":"Tout savoir sur le remboursement du projet Le Collectif Nantais : raisons de la cl\u00f4ture et processus de restitution.","breadcrumb":{"@id":"https:\/\/www.lesentrepreteurs.com\/blog\/remboursement-projet-le-collectif-nantais\/#breadcrumb"},"inLanguage":"fr-FR","potentialAction":[{"@type":"ReadAction","target":["https:\/\/www.lesentrepreteurs.com\/blog\/remboursement-projet-le-collectif-nantais\/"]}]},{"@type":"ImageObject","inLanguage":"fr-FR","@id":"https:\/\/www.lesentrepreteurs.com\/blog\/remboursement-projet-le-collectif-nantais\/#primaryimage","url":"https:\/\/www.lesentrepreteurs.com\/blog\/wp-content\/uploads\/2025\/10\/blog-collectifnantais.jpg","contentUrl":"https:\/\/www.lesentrepreteurs.com\/blog\/wp-content\/uploads\/2025\/10\/blog-collectifnantais.jpg","width":923,"height":515,"caption":"Remboursement projet collectif Nantais"},{"@type":"BreadcrumbList","@id":"https:\/\/www.lesentrepreteurs.com\/blog\/remboursement-projet-le-collectif-nantais\/#breadcrumb","itemListElement":[{"@type":"ListItem","position":1,"name":"Accueil","item":"https:\/\/www.lesentrepreteurs.com\/blog\/"},{"@type":"ListItem","position":2,"name":"Remboursement du projet \u00ab\u00a0Le Collectif Nantais\u00a0\u00bb"}]},{"@type":"WebSite","@id":"https:\/\/www.lesentrepreteurs.com\/blog\/#website","url":"https:\/\/www.lesentrepreteurs.com\/blog\/","name":"Entre-nous, le blog des Entrepr\u00eateurs","description":"Entre nous - Le blog des Entrepr\u00eateurs","publisher":{"@id":"https:\/\/www.lesentrepreteurs.com\/blog\/#organization"},"potentialAction":[{"@type":"SearchAction","target":{"@type":"EntryPoint","urlTemplate":"https:\/\/www.lesentrepreteurs.com\/blog\/?s={search_term_string}"},"query-input":{"@type":"PropertyValueSpecification","valueRequired":true,"valueName":"search_term_string"}}],"inLanguage":"fr-FR"},{"@type":"Organization","@id":"https:\/\/www.lesentrepreteurs.com\/blog\/#organization","name":"Le blog de la plateforme de financement","url":"https:\/\/www.lesentrepreteurs.com\/blog\/","logo":{"@type":"ImageObject","inLanguage":"fr-FR","@id":"https:\/\/www.lesentrepreteurs.com\/blog\/#\/schema\/logo\/image\/","url":"https:\/\/www.lesentrepreteurs.com\/blog\/wp-content\/uploads\/2025\/10\/cropped-Logo_blog_ok.png","contentUrl":"https:\/\/www.lesentrepreteurs.com\/blog\/wp-content\/uploads\/2025\/10\/cropped-Logo_blog_ok.png","width":300,"height":78,"caption":"Le blog de la plateforme de financement"},"image":{"@id":"https:\/\/www.lesentrepreteurs.com\/blog\/#\/schema\/logo\/image\/"},"sameAs":["https:\/\/www.facebook.com\/lesentrepreteurs?locale=fr_FR","https:\/\/x.com\/entrepreteurs","https:\/\/www.linkedin.com\/company\/9209775\/admin\/feed\/posts\/"]},{"@type":"Person","@id":"https:\/\/www.lesentrepreteurs.com\/blog\/#\/schema\/person\/1169e54541625b8d3de4b8cc8b65ad44","name":"Marc-Antoine","sameAs":["https:\/\/www.lesentrepreteurs.com\/blog"],"url":"https:\/\/www.lesentrepreteurs.com\/blog\/author\/mvanheems\/"}]}},"_links":{"self":[{"href":"https:\/\/www.lesentrepreteurs.com\/blog\/wp-json\/wp\/v2\/posts\/4907","targetHints":{"allow":["GET"]}}],"collection":[{"href":"https:\/\/www.lesentrepreteurs.com\/blog\/wp-json\/wp\/v2\/posts"}],"about":[{"href":"https:\/\/www.lesentrepreteurs.com\/blog\/wp-json\/wp\/v2\/types\/post"}],"author":[{"embeddable":true,"href":"https:\/\/www.lesentrepreteurs.com\/blog\/wp-json\/wp\/v2\/users\/1"}],"replies":[{"embeddable":true,"href":"https:\/\/www.lesentrepreteurs.com\/blog\/wp-json\/wp\/v2\/comments?post=4907"}],"version-history":[{"count":4,"href":"https:\/\/www.lesentrepreteurs.com\/blog\/wp-json\/wp\/v2\/posts\/4907\/revisions"}],"predecessor-version":[{"id":4917,"href":"https:\/\/www.lesentrepreteurs.com\/blog\/wp-json\/wp\/v2\/posts\/4907\/revisions\/4917"}],"wp:featuredmedia":[{"embeddable":true,"href":"https:\/\/www.lesentrepreteurs.com\/blog\/wp-json\/wp\/v2\/media\/4913"}],"wp:attachment":[{"href":"https:\/\/www.lesentrepreteurs.com\/blog\/wp-json\/wp\/v2\/media?parent=4907"}],"wp:term":[{"taxonomy":"category","embeddable":true,"href":"https:\/\/www.lesentrepreteurs.com\/blog\/wp-json\/wp\/v2\/categories?post=4907"},{"taxonomy":"post_tag","embeddable":true,"href":"https:\/\/www.lesentrepreteurs.com\/blog\/wp-json\/wp\/v2\/tags?post=4907"}],"curies":[{"name":"wp","href":"https:\/\/api.w.org\/{rel}","templated":true}]}}