{"id":5059,"date":"2026-03-13T17:30:39","date_gmt":"2026-03-13T16:30:39","guid":{"rendered":"https:\/\/www.lesentrepreteurs.com\/blog\/?p=5059"},"modified":"2026-03-13T17:31:25","modified_gmt":"2026-03-13T16:31:25","slug":"face-a-la-hausse-du-prix-des-carburants-eviter-les-fausses-bonnes-idees","status":"publish","type":"post","link":"https:\/\/www.lesentrepreteurs.com\/blog\/face-a-la-hausse-du-prix-des-carburants-eviter-les-fausses-bonnes-idees\/","title":{"rendered":"Face \u00e0 la hausse du prix des carburants, \u00e9viter les fausses bonnes id\u00e9es"},"content":{"rendered":"\n<h2 class=\"wp-block-heading\" id=\"ember232\">Synth\u00e8se<\/h2>\n\n\n\n<p id=\"ember233\">Le prix des carburants augmente logiquement dans le sillage de la hausse des prix du p\u00e9trole, et dans des proportions qui semblent coh\u00e9rentes avec la progression de la mati\u00e8re premi\u00e8re. Face \u00e0 cette situation inflationniste, le gouvernement fran\u00e7ais dispose de peu de leviers. Il faut avant tout \u00e9viter les fausses bonnes id\u00e9es comme une baisse des taxes sur les carburants ou un plafonnement des prix. \u00c0 court terme, un ch\u00e8que carburant aux m\u00e9nages les plus p\u00e9nalis\u00e9s peut \u00eatre envisag\u00e9. \u00c0 long terme, il est avant tout essentiel de se d\u00e9faire de la d\u00e9pendance aux hydrocarbures import\u00e9s.<\/p>\n\n\n\n<h2 class=\"wp-block-heading\" id=\"ember234\">Une hausse des prix \u00e0 la pompe globalement coh\u00e9rente avec la hausse du brut<\/h2>\n\n\n\n<p id=\"ember235\">Le prix du p\u00e9trole (Brent) a augment\u00e9 de 43 % depuis le 27 f\u00e9vrier (juste avant le d\u00e9but du conflit en Iran) et de 54 % depuis la mi-janvier (la crainte de ce conflit avait d\u00e9j\u00e0 tir\u00e9 le prix du p\u00e9trole \u00e0 la hausse). Cette hausse du baril se traduit m\u00e9caniquement par une hausse rapide des prix \u00e0 la pompe : en une dizaine de jours, la majorit\u00e9 de la variation du prix du p\u00e9trole est r\u00e9percut\u00e9e \u00e0 la pompe, que ce soit \u00e0 la hausse ou \u00e0 la baisse\u00b9. En effet, l\u2019ensemble de la cha\u00eene de distribution du carburant r\u00e9agit \u00e0 la variation du brut (achats rapides de p\u00e9trole raffin\u00e9 dans le cas d\u2019une hausse du brut ou retard des achats de p\u00e9trole raffin\u00e9 dans le cas d\u2019une baisse du brut), ce qui se r\u00e9percute sur le prix bien avant que le p\u00e9trole n\u2019ait physiquement circul\u00e9 sur l\u2019ensemble de la cha\u00eene de valeur.<\/p>\n\n\n\n<p id=\"ember236\">Le p\u00e9trole brut repr\u00e9sente environ 30 % du prix \u00e0 la pompe, pour le diesel comme pour l\u2019essence (de l\u00e9gers \u00e9carts peuvent appara\u00eetre selon la p\u00e9riode consid\u00e9r\u00e9e et les sources)\u00b2. Ainsi, avec une hausse du brut de 54 % depuis la mi-janvier, les prix \u00e0 la pompe auraient d\u00fb th\u00e9oriquement cro\u00eetre de 16 %, une \u00e9volution globalement en ligne avec les hausses observ\u00e9es \u00e0 la pompe : le gazole a augment\u00e9 un peu plus (+22 %, du fait de capacit\u00e9s de raffinage plus limit\u00e9es) et le SP95 un peu moins (+11 %)\u00b3.<\/p>\n\n\n\n<p id=\"ember237\">\u00b9 <a href=\"https:\/\/www.banque-france.fr\/\">https:\/\/www.banque-france.fr<\/a><\/p>\n\n\n\n<p id=\"ember238\">\u00b2 <a href=\"https:\/\/www.quechoisir.org\/\">https:\/\/www.quechoisir.org<\/a> ou <a href=\"https:\/\/www.lafinancepourtous.com\/\">https:\/\/www.lafinancepourtous.com<\/a><\/p>\n\n\n\n<p id=\"ember239\">\u00b3 <a href=\"https:\/\/carbu.com\/france\/prixmoyens\">https:\/\/carbu.com\/france\/prixmoyens<\/a><\/p>\n\n\n\n<figure class=\"wp-block-image\"><img loading=\"lazy\" decoding=\"async\" width=\"1008\" height=\"631\" src=\"https:\/\/www.lesentrepreteurs.com\/blog\/wp-content\/uploads\/2026\/03\/1773418914339.png\" alt=\"Contenu de l\u2019article\" class=\"wp-image-5060\" srcset=\"https:\/\/www.lesentrepreteurs.com\/blog\/wp-content\/uploads\/2026\/03\/1773418914339.png 1008w, https:\/\/www.lesentrepreteurs.com\/blog\/wp-content\/uploads\/2026\/03\/1773418914339-300x188.png 300w, https:\/\/www.lesentrepreteurs.com\/blog\/wp-content\/uploads\/2026\/03\/1773418914339-768x481.png 768w\" sizes=\"auto, (max-width: 1008px) 100vw, 1008px\" \/><\/figure>\n\n\n\n<h2 class=\"wp-block-heading\" id=\"ember241\">Baisse de taxes et blocage des prix, les fausses bonnes id\u00e9es<\/h2>\n\n\n\n<p id=\"ember242\">Alors que la hausse des prix \u00e0 la pompe grignote le pouvoir d\u2019achat des m\u00e9nages, le RN propose une baisse des taxes sur les carburants et LFI un blocage des prix\u2074, deux mesures mal calibr\u00e9es et inefficaces.<\/p>\n\n\n\n<p id=\"ember243\">La baisse des taxes sur les carburants pr\u00e9sente deux probl\u00e8mes.<\/p>\n\n\n\n<p id=\"ember244\">Le premier est que la baisse de taxes peut n\u2019\u00eatre r\u00e9percut\u00e9e que partiellement sur les prix : l\u2019\u00c9tat diminue donc ses recettes au profit des marges des distributeurs. Dans le cas d\u2019un produit standardis\u00e9 comme le carburant, il est probable que la majorit\u00e9 de la baisse de taxe soit r\u00e9percut\u00e9e dans les prix, mais les exp\u00e9riences pass\u00e9es montrent que cette r\u00e9percussion n\u2019est pas int\u00e9grale. Par exemple, dans le cas de la baisse de taxes sur les carburants en Allemagne en 2022, 96 % de la baisse avaient \u00e9t\u00e9 r\u00e9percut\u00e9s dans le prix pour le gazole et 82 % pour l\u2019essence\u2075.<\/p>\n\n\n\n<p id=\"ember245\">Le second probl\u00e8me est que la baisse de taxe profite \u00e0 tout le monde, y compris aux m\u00e9nages ais\u00e9s qui peuvent supporter un prix plus \u00e9lev\u00e9 du carburant et aux m\u00e9nages qui peuvent arbitrer entre la voiture et d\u2019autres modes de transport. Les 10 % des m\u00e9nages les plus ais\u00e9s d\u00e9pensent environ deux fois plus en carburant que les 10 % des m\u00e9nages les plus modestes\u2076. Une baisse de taxes profite donc majoritairement aux m\u00e9nages ais\u00e9s, au d\u00e9triment des recettes publiques. De plus, la baisse de prix casse l\u2019incitation \u00e0 moins consommer : un prix plus \u00e9lev\u00e9 pousse les m\u00e9nages qui le peuvent \u00e0 moins utiliser leur voiture ou \u00e0 acheter une voiture \u00e9lectrique, ce qui r\u00e9duit la demande de carburant et aide \u00e0 r\u00e9sorber l\u2019exc\u00e8s de demande par rapport \u00e0 l\u2019offre, qui est la cause premi\u00e8re de la flamb\u00e9e du prix \u00e0 la pompe.<\/p>\n\n\n\n<p id=\"ember246\">Le plafonnement des prix risque tout simplement d\u2019entra\u00eener des p\u00e9nuries. L\u2019\u00c9tat peut l\u00e9galement bloquer les prix, mais il ne peut pas obliger un pompiste \u00e0 vendre \u00e0 perte. Ainsi, un plafonnement du prix inf\u00e9rieur au prix du march\u00e9 conduira \u00e0 une p\u00e9nurie de carburant. Le prix sera bloqu\u00e9, mais la ressource ne sera plus disponible, contraignant les automobilistes \u00e0 faire de longues queues pour s\u2019approvisionner. Par exemple, en Hongrie, en 2022, le blocage des prix \u00e0 la pompe a d\u00fb \u00eatre lev\u00e9 pour mettre fin aux p\u00e9nuries\u2077. De plus, le blocage des prix, comme la baisse des taxes, n\u2019incite pas \u00e0 moins consommer la ressource. En Hongrie, le blocage des prix avait entra\u00een\u00e9 une hausse de la demande\u2078 (avant qu\u2019apparaissent les p\u00e9nuries) alors que, justement, il conviendrait de diminuer la demande pour permettre une baisse du prix. Non seulement le blocage des prix ne r\u00e8gle pas le probl\u00e8me de fond du d\u00e9calage entre l\u2019offre et la demande, mais il l\u2019aggrave.<\/p>\n\n\n\n<p id=\"ember247\">Une mesure assez proche du blocage des prix consisterait en un encadrement des marges des distributeurs\u2079, qui repr\u00e9sentent environ 10 % du prix \u00e0 la pompe\u00b9\u2070. Cependant, l\u2019\u00e9volution des prix \u00e0 la pompe n\u2019est pas aberrante au vu de la variation des prix du brut : il ne semble pas que les marges aient sensiblement augment\u00e9, donc les encadrer ne r\u00e9glerait rien. De plus, si les marges sont excessives, c\u2019est que la concurrence entre les vendeurs est insuffisante. Il faudrait alors, si tel \u00e9tait le cas, que l\u2019Autorit\u00e9 de la concurrence intervienne pour sanctionner d\u2019\u00e9ventuelles ententes. Le meilleur levier contre des marges abusives est la concurrence, pas des encadrements difficiles \u00e0 mettre en place concr\u00e8tement. En effet, la marge est logiquement plus \u00e9lev\u00e9e dans une station-service ind\u00e9pendante et rurale que dans un supermarch\u00e9 urbain. Des marges encadr\u00e9es peineraient \u00e0 s\u2019adapter \u00e0 la complexit\u00e9 du march\u00e9 et seraient trop \u00e9lev\u00e9es dans certains cas et trop faibles dans d\u2019autres.<\/p>\n\n\n\n<p id=\"ember248\">\u2074 <a href=\"https:\/\/www.lopinion.fr\/\">https:\/\/www.lopinion.fr<\/a><\/p>\n\n\n\n<p id=\"ember249\">\u2075 <a href=\"https:\/\/www.sciencedirect.com\/\">https:\/\/www.sciencedirect.com<\/a><\/p>\n\n\n\n<p id=\"ember250\">\u2076 Insee, D\u00e9penses annuelles moyennes par m\u00e9nage en France selon le niveau de vie (derniers chiffres disponibles en 2017, le d\u00e9veloppement de la voiture \u00e9lectrique a pu faire \u00e9voluer ce ratio)<\/p>\n\n\n\n<p id=\"ember251\">\u2077 <a href=\"https:\/\/www.euronews.com\/\">https:\/\/www.euronews.com<\/a><\/p>\n\n\n\n<p id=\"ember252\">\u2078 <a href=\"https:\/\/www.wsls.com\/business\">https:\/\/www.wsls.com\/business<\/a><\/p>\n\n\n\n<p id=\"ember253\">\u2079 <a href=\"https:\/\/www.lemonde.fr\/\">https:\/\/www.lemonde.fr<\/a><\/p>\n\n\n\n<p id=\"ember254\">\u00b9\u2070 <a href=\"https:\/\/www.quechoisir.org\/\">https:\/\/www.quechoisir.org<\/a><\/p>\n\n\n\n<h2 class=\"wp-block-heading\" id=\"ember255\">Leviers d\u2019action : aides cibl\u00e9es \u00e0 court terme et transition \u00e9nerg\u00e9tique \u00e0 long terme<\/h2>\n\n\n\n<p id=\"ember256\">Il n\u2019existe pas de baguette magique pour r\u00e9gler la question de la hausse des prix \u00e0 la pompe. Les causes profondes sont ind\u00e9pendantes des moyens d\u2019action de la France et m\u00eame de l\u2019Europe, ce qui ne signifie pas qu\u2019il n\u2019existe aucun levier d\u2019action facile ou gratuit.<\/p>\n\n\n\n<p id=\"ember257\">Si les prix des carburants demeuraient durablement \u00e9lev\u00e9s et amputaient le pouvoir d\u2019achat des automobilistes, des mesures de soutien cibl\u00e9es peuvent \u00eatre envisag\u00e9es. Par exemple, le gouvernement pourrait allouer un \u00ab ch\u00e8que carburant \u00bb aux Fran\u00e7ais modestes des zones rurales, pour qui la voiture est indispensable (une mesure d\u2019ailleurs propos\u00e9e par le Parti socialiste\u00b9\u00b9). Cette mesure, bien plus cibl\u00e9e qu\u2019une baisse globale de taxes, serait nettement moins co\u00fbteuse pour les finances publiques tout en aidant les m\u00e9nages les plus impact\u00e9s.<\/p>\n\n\n\n<p id=\"ember258\">Surtout, la situation actuelle devrait \u00eatre une incitation suppl\u00e9mentaire \u00e0 diminuer la d\u00e9pendance de l\u2019Europe aux hydrocarbures import\u00e9s. Nos moyens d\u2019action sont limit\u00e9s face \u00e0 la crise actuelle, mais des leviers existent pour att\u00e9nuer l\u2019impact d\u2019une crise similaire dans le futur : \u00e9nergies renouvelables, voiture \u00e9lectrique, isolation des b\u00e2timents, transports en commun\u2026 Les moyens allou\u00e9s par l\u2019\u00c9tat devraient principalement porter sur la transition \u00e9nerg\u00e9tique afin de diminuer la d\u00e9pendance aux hydrocarbures, plut\u00f4t que sur des rustines de court terme.<\/p>\n\n\n\n<p id=\"ember259\">\u00b9\u00b9 <a href=\"https:\/\/www.leparisien.fr\/\">https:\/\/www.leparisien.fr<\/a><\/p>\n\n\n\n<hr class=\"wp-block-separator has-alpha-channel-opacity\"\/>\n\n\n\n<p id=\"ember260\"><strong><em>Sylvain Bersinger, \u00e9conomiste et fondateur du cabinet Bersing\u00e9co <\/em><\/strong><em>en partenariat avec Les Entrepr\u00eateurs<\/em><\/p>\n\n\n\n<p><a href=\"https:\/\/www.linkedin.com\/newsletters\/la-newsletter-eco-7026850506882842624\/\"><\/a><\/p>\n\n\n\n<p><\/p>\n","protected":false},"excerpt":{"rendered":"<p>Synth\u00e8se Le prix des carburants augmente logiquement dans le sillage de la hausse des prix du p\u00e9trole, et dans des proportions qui semblent coh\u00e9rentes avec la progression de la mati\u00e8re premi\u00e8re. Face \u00e0 cette situation inflationniste, le gouvernement fran\u00e7ais dispose de peu de leviers. Il faut avant tout \u00e9viter les fausses bonnes id\u00e9es comme une [&hellip;]<\/p>\n","protected":false},"author":6,"featured_media":5062,"comment_status":"closed","ping_status":"closed","sticky":false,"template":"","format":"standard","meta":{"footnotes":""},"categories":[2],"tags":[],"class_list":["post-5059","post","type-post","status-publish","format-standard","has-post-thumbnail","hentry","category-actualites"],"yoast_head":"<!-- This site is optimized with the Yoast SEO plugin v27.3 - https:\/\/yoast.com\/product\/yoast-seo-wordpress\/ -->\n<title>Face \u00e0 la hausse du prix des carburants, \u00e9viter les fausses bonnes id\u00e9es<\/title>\n<meta name=\"description\" content=\"Le prix des carburants augmente logiquement dans le sillage de la hausse des prix du p\u00e9trole, et dans des proportions qui semblent coh\u00e9rentes avec la progression de la mati\u00e8re premi\u00e8re.\" \/>\n<meta name=\"robots\" content=\"index, follow, max-snippet:-1, max-image-preview:large, max-video-preview:-1\" \/>\n<link rel=\"canonical\" href=\"https:\/\/www.lesentrepreteurs.com\/blog\/face-a-la-hausse-du-prix-des-carburants-eviter-les-fausses-bonnes-idees\/\" \/>\n<meta property=\"og:locale\" content=\"fr_FR\" \/>\n<meta property=\"og:type\" content=\"article\" \/>\n<meta property=\"og:title\" content=\"Face \u00e0 la hausse du prix des carburants, \u00e9viter les fausses bonnes id\u00e9es\" \/>\n<meta property=\"og:description\" content=\"Le prix des carburants augmente logiquement dans le sillage de la hausse des prix du p\u00e9trole, et dans des proportions qui semblent coh\u00e9rentes avec la progression de la mati\u00e8re premi\u00e8re.\" \/>\n<meta property=\"og:url\" content=\"https:\/\/www.lesentrepreteurs.com\/blog\/face-a-la-hausse-du-prix-des-carburants-eviter-les-fausses-bonnes-idees\/\" \/>\n<meta property=\"og:site_name\" content=\"Le blog de la plateforme de financement\" \/>\n<meta property=\"article:publisher\" content=\"https:\/\/www.facebook.com\/lesentrepreteurs?locale=fr_FR\" \/>\n<meta property=\"article:published_time\" content=\"2026-03-13T16:30:39+00:00\" \/>\n<meta property=\"article:modified_time\" content=\"2026-03-13T16:31:25+00:00\" \/>\n<meta property=\"og:image\" content=\"https:\/\/www.lesentrepreteurs.com\/blog\/wp-content\/uploads\/2026\/03\/AdobeStock_1672723326.jpeg\" \/>\n\t<meta property=\"og:image:width\" content=\"1000\" \/>\n\t<meta property=\"og:image:height\" content=\"336\" \/>\n\t<meta property=\"og:image:type\" content=\"image\/jpeg\" \/>\n<meta name=\"author\" content=\"Julie Millet\" \/>\n<meta name=\"twitter:card\" content=\"summary_large_image\" \/>\n<meta name=\"twitter:creator\" content=\"@entrepreteurs\" \/>\n<meta name=\"twitter:site\" content=\"@entrepreteurs\" \/>\n<meta name=\"twitter:label1\" content=\"\u00c9crit par\" \/>\n\t<meta name=\"twitter:data1\" content=\"Julie Millet\" \/>\n\t<meta name=\"twitter:label2\" content=\"Dur\u00e9e de lecture estim\u00e9e\" \/>\n\t<meta name=\"twitter:data2\" content=\"7 minutes\" \/>\n<script type=\"application\/ld+json\" class=\"yoast-schema-graph\">{\"@context\":\"https:\\\/\\\/schema.org\",\"@graph\":[{\"@type\":\"Article\",\"@id\":\"https:\\\/\\\/www.lesentrepreteurs.com\\\/blog\\\/face-a-la-hausse-du-prix-des-carburants-eviter-les-fausses-bonnes-idees\\\/#article\",\"isPartOf\":{\"@id\":\"https:\\\/\\\/www.lesentrepreteurs.com\\\/blog\\\/face-a-la-hausse-du-prix-des-carburants-eviter-les-fausses-bonnes-idees\\\/\"},\"author\":{\"name\":\"Julie Millet\",\"@id\":\"https:\\\/\\\/www.lesentrepreteurs.com\\\/blog\\\/#\\\/schema\\\/person\\\/0b4ec11077b4543f3fff88f6caec72b0\"},\"headline\":\"Face \u00e0 la hausse du prix des carburants, \u00e9viter les fausses bonnes id\u00e9es\",\"datePublished\":\"2026-03-13T16:30:39+00:00\",\"dateModified\":\"2026-03-13T16:31:25+00:00\",\"mainEntityOfPage\":{\"@id\":\"https:\\\/\\\/www.lesentrepreteurs.com\\\/blog\\\/face-a-la-hausse-du-prix-des-carburants-eviter-les-fausses-bonnes-idees\\\/\"},\"wordCount\":1393,\"publisher\":{\"@id\":\"https:\\\/\\\/www.lesentrepreteurs.com\\\/blog\\\/#organization\"},\"image\":{\"@id\":\"https:\\\/\\\/www.lesentrepreteurs.com\\\/blog\\\/face-a-la-hausse-du-prix-des-carburants-eviter-les-fausses-bonnes-idees\\\/#primaryimage\"},\"thumbnailUrl\":\"https:\\\/\\\/www.lesentrepreteurs.com\\\/blog\\\/wp-content\\\/uploads\\\/2026\\\/03\\\/AdobeStock_1672723326.jpeg\",\"articleSection\":[\"Actualit\u00e9s\"],\"inLanguage\":\"fr-FR\"},{\"@type\":\"WebPage\",\"@id\":\"https:\\\/\\\/www.lesentrepreteurs.com\\\/blog\\\/face-a-la-hausse-du-prix-des-carburants-eviter-les-fausses-bonnes-idees\\\/\",\"url\":\"https:\\\/\\\/www.lesentrepreteurs.com\\\/blog\\\/face-a-la-hausse-du-prix-des-carburants-eviter-les-fausses-bonnes-idees\\\/\",\"name\":\"Face \u00e0 la hausse du prix des carburants, \u00e9viter les fausses bonnes id\u00e9es\",\"isPartOf\":{\"@id\":\"https:\\\/\\\/www.lesentrepreteurs.com\\\/blog\\\/#website\"},\"primaryImageOfPage\":{\"@id\":\"https:\\\/\\\/www.lesentrepreteurs.com\\\/blog\\\/face-a-la-hausse-du-prix-des-carburants-eviter-les-fausses-bonnes-idees\\\/#primaryimage\"},\"image\":{\"@id\":\"https:\\\/\\\/www.lesentrepreteurs.com\\\/blog\\\/face-a-la-hausse-du-prix-des-carburants-eviter-les-fausses-bonnes-idees\\\/#primaryimage\"},\"thumbnailUrl\":\"https:\\\/\\\/www.lesentrepreteurs.com\\\/blog\\\/wp-content\\\/uploads\\\/2026\\\/03\\\/AdobeStock_1672723326.jpeg\",\"datePublished\":\"2026-03-13T16:30:39+00:00\",\"dateModified\":\"2026-03-13T16:31:25+00:00\",\"description\":\"Le prix des carburants augmente logiquement dans le sillage de la hausse des prix du p\u00e9trole, et dans des proportions qui semblent coh\u00e9rentes avec la progression de la mati\u00e8re premi\u00e8re.\",\"breadcrumb\":{\"@id\":\"https:\\\/\\\/www.lesentrepreteurs.com\\\/blog\\\/face-a-la-hausse-du-prix-des-carburants-eviter-les-fausses-bonnes-idees\\\/#breadcrumb\"},\"inLanguage\":\"fr-FR\",\"potentialAction\":[{\"@type\":\"ReadAction\",\"target\":[\"https:\\\/\\\/www.lesentrepreteurs.com\\\/blog\\\/face-a-la-hausse-du-prix-des-carburants-eviter-les-fausses-bonnes-idees\\\/\"]}]},{\"@type\":\"ImageObject\",\"inLanguage\":\"fr-FR\",\"@id\":\"https:\\\/\\\/www.lesentrepreteurs.com\\\/blog\\\/face-a-la-hausse-du-prix-des-carburants-eviter-les-fausses-bonnes-idees\\\/#primaryimage\",\"url\":\"https:\\\/\\\/www.lesentrepreteurs.com\\\/blog\\\/wp-content\\\/uploads\\\/2026\\\/03\\\/AdobeStock_1672723326.jpeg\",\"contentUrl\":\"https:\\\/\\\/www.lesentrepreteurs.com\\\/blog\\\/wp-content\\\/uploads\\\/2026\\\/03\\\/AdobeStock_1672723326.jpeg\",\"width\":1000,\"height\":336,\"caption\":\"Dusk at a gas station\"},{\"@type\":\"BreadcrumbList\",\"@id\":\"https:\\\/\\\/www.lesentrepreteurs.com\\\/blog\\\/face-a-la-hausse-du-prix-des-carburants-eviter-les-fausses-bonnes-idees\\\/#breadcrumb\",\"itemListElement\":[{\"@type\":\"ListItem\",\"position\":1,\"name\":\"Accueil\",\"item\":\"https:\\\/\\\/www.lesentrepreteurs.com\\\/blog\\\/\"},{\"@type\":\"ListItem\",\"position\":2,\"name\":\"Face \u00e0 la hausse du prix des carburants, \u00e9viter les fausses bonnes id\u00e9es\"}]},{\"@type\":\"WebSite\",\"@id\":\"https:\\\/\\\/www.lesentrepreteurs.com\\\/blog\\\/#website\",\"url\":\"https:\\\/\\\/www.lesentrepreteurs.com\\\/blog\\\/\",\"name\":\"Entre-nous, le blog des Entrepr\u00eateurs\",\"description\":\"Entre nous - Le blog des Entrepr\u00eateurs\",\"publisher\":{\"@id\":\"https:\\\/\\\/www.lesentrepreteurs.com\\\/blog\\\/#organization\"},\"potentialAction\":[{\"@type\":\"SearchAction\",\"target\":{\"@type\":\"EntryPoint\",\"urlTemplate\":\"https:\\\/\\\/www.lesentrepreteurs.com\\\/blog\\\/?s={search_term_string}\"},\"query-input\":{\"@type\":\"PropertyValueSpecification\",\"valueRequired\":true,\"valueName\":\"search_term_string\"}}],\"inLanguage\":\"fr-FR\"},{\"@type\":\"Organization\",\"@id\":\"https:\\\/\\\/www.lesentrepreteurs.com\\\/blog\\\/#organization\",\"name\":\"Le blog de la plateforme de financement\",\"url\":\"https:\\\/\\\/www.lesentrepreteurs.com\\\/blog\\\/\",\"logo\":{\"@type\":\"ImageObject\",\"inLanguage\":\"fr-FR\",\"@id\":\"https:\\\/\\\/www.lesentrepreteurs.com\\\/blog\\\/#\\\/schema\\\/logo\\\/image\\\/\",\"url\":\"https:\\\/\\\/www.lesentrepreteurs.com\\\/blog\\\/wp-content\\\/uploads\\\/2025\\\/10\\\/cropped-Logo_blog_ok.png\",\"contentUrl\":\"https:\\\/\\\/www.lesentrepreteurs.com\\\/blog\\\/wp-content\\\/uploads\\\/2025\\\/10\\\/cropped-Logo_blog_ok.png\",\"width\":300,\"height\":78,\"caption\":\"Le blog de la plateforme de financement\"},\"image\":{\"@id\":\"https:\\\/\\\/www.lesentrepreteurs.com\\\/blog\\\/#\\\/schema\\\/logo\\\/image\\\/\"},\"sameAs\":[\"https:\\\/\\\/www.facebook.com\\\/lesentrepreteurs?locale=fr_FR\",\"https:\\\/\\\/x.com\\\/entrepreteurs\",\"https:\\\/\\\/www.linkedin.com\\\/company\\\/9209775\\\/admin\\\/feed\\\/posts\\\/\"]},{\"@type\":\"Person\",\"@id\":\"https:\\\/\\\/www.lesentrepreteurs.com\\\/blog\\\/#\\\/schema\\\/person\\\/0b4ec11077b4543f3fff88f6caec72b0\",\"name\":\"Julie Millet\",\"url\":\"https:\\\/\\\/www.lesentrepreteurs.com\\\/blog\\\/author\\\/jmlesentrepreteurs-com\\\/\"}]}<\/script>\n<!-- \/ Yoast SEO plugin. -->","yoast_head_json":{"title":"Face \u00e0 la hausse du prix des carburants, \u00e9viter les fausses bonnes id\u00e9es","description":"Le prix des carburants augmente logiquement dans le sillage de la hausse des prix du p\u00e9trole, et dans des proportions qui semblent coh\u00e9rentes avec la progression de la mati\u00e8re premi\u00e8re.","robots":{"index":"index","follow":"follow","max-snippet":"max-snippet:-1","max-image-preview":"max-image-preview:large","max-video-preview":"max-video-preview:-1"},"canonical":"https:\/\/www.lesentrepreteurs.com\/blog\/face-a-la-hausse-du-prix-des-carburants-eviter-les-fausses-bonnes-idees\/","og_locale":"fr_FR","og_type":"article","og_title":"Face \u00e0 la hausse du prix des carburants, \u00e9viter les fausses bonnes id\u00e9es","og_description":"Le prix des carburants augmente logiquement dans le sillage de la hausse des prix du p\u00e9trole, et dans des proportions qui semblent coh\u00e9rentes avec la progression de la mati\u00e8re premi\u00e8re.","og_url":"https:\/\/www.lesentrepreteurs.com\/blog\/face-a-la-hausse-du-prix-des-carburants-eviter-les-fausses-bonnes-idees\/","og_site_name":"Le blog de la plateforme de financement","article_publisher":"https:\/\/www.facebook.com\/lesentrepreteurs?locale=fr_FR","article_published_time":"2026-03-13T16:30:39+00:00","article_modified_time":"2026-03-13T16:31:25+00:00","og_image":[{"width":1000,"height":336,"url":"https:\/\/www.lesentrepreteurs.com\/blog\/wp-content\/uploads\/2026\/03\/AdobeStock_1672723326.jpeg","type":"image\/jpeg"}],"author":"Julie Millet","twitter_card":"summary_large_image","twitter_creator":"@entrepreteurs","twitter_site":"@entrepreteurs","twitter_misc":{"\u00c9crit par":"Julie Millet","Dur\u00e9e de lecture estim\u00e9e":"7 minutes"},"schema":{"@context":"https:\/\/schema.org","@graph":[{"@type":"Article","@id":"https:\/\/www.lesentrepreteurs.com\/blog\/face-a-la-hausse-du-prix-des-carburants-eviter-les-fausses-bonnes-idees\/#article","isPartOf":{"@id":"https:\/\/www.lesentrepreteurs.com\/blog\/face-a-la-hausse-du-prix-des-carburants-eviter-les-fausses-bonnes-idees\/"},"author":{"name":"Julie Millet","@id":"https:\/\/www.lesentrepreteurs.com\/blog\/#\/schema\/person\/0b4ec11077b4543f3fff88f6caec72b0"},"headline":"Face \u00e0 la hausse du prix des carburants, \u00e9viter les fausses bonnes id\u00e9es","datePublished":"2026-03-13T16:30:39+00:00","dateModified":"2026-03-13T16:31:25+00:00","mainEntityOfPage":{"@id":"https:\/\/www.lesentrepreteurs.com\/blog\/face-a-la-hausse-du-prix-des-carburants-eviter-les-fausses-bonnes-idees\/"},"wordCount":1393,"publisher":{"@id":"https:\/\/www.lesentrepreteurs.com\/blog\/#organization"},"image":{"@id":"https:\/\/www.lesentrepreteurs.com\/blog\/face-a-la-hausse-du-prix-des-carburants-eviter-les-fausses-bonnes-idees\/#primaryimage"},"thumbnailUrl":"https:\/\/www.lesentrepreteurs.com\/blog\/wp-content\/uploads\/2026\/03\/AdobeStock_1672723326.jpeg","articleSection":["Actualit\u00e9s"],"inLanguage":"fr-FR"},{"@type":"WebPage","@id":"https:\/\/www.lesentrepreteurs.com\/blog\/face-a-la-hausse-du-prix-des-carburants-eviter-les-fausses-bonnes-idees\/","url":"https:\/\/www.lesentrepreteurs.com\/blog\/face-a-la-hausse-du-prix-des-carburants-eviter-les-fausses-bonnes-idees\/","name":"Face \u00e0 la hausse du prix des carburants, \u00e9viter les fausses bonnes id\u00e9es","isPartOf":{"@id":"https:\/\/www.lesentrepreteurs.com\/blog\/#website"},"primaryImageOfPage":{"@id":"https:\/\/www.lesentrepreteurs.com\/blog\/face-a-la-hausse-du-prix-des-carburants-eviter-les-fausses-bonnes-idees\/#primaryimage"},"image":{"@id":"https:\/\/www.lesentrepreteurs.com\/blog\/face-a-la-hausse-du-prix-des-carburants-eviter-les-fausses-bonnes-idees\/#primaryimage"},"thumbnailUrl":"https:\/\/www.lesentrepreteurs.com\/blog\/wp-content\/uploads\/2026\/03\/AdobeStock_1672723326.jpeg","datePublished":"2026-03-13T16:30:39+00:00","dateModified":"2026-03-13T16:31:25+00:00","description":"Le prix des carburants augmente logiquement dans le sillage de la hausse des prix du p\u00e9trole, et dans des proportions qui semblent coh\u00e9rentes avec la progression de la mati\u00e8re premi\u00e8re.","breadcrumb":{"@id":"https:\/\/www.lesentrepreteurs.com\/blog\/face-a-la-hausse-du-prix-des-carburants-eviter-les-fausses-bonnes-idees\/#breadcrumb"},"inLanguage":"fr-FR","potentialAction":[{"@type":"ReadAction","target":["https:\/\/www.lesentrepreteurs.com\/blog\/face-a-la-hausse-du-prix-des-carburants-eviter-les-fausses-bonnes-idees\/"]}]},{"@type":"ImageObject","inLanguage":"fr-FR","@id":"https:\/\/www.lesentrepreteurs.com\/blog\/face-a-la-hausse-du-prix-des-carburants-eviter-les-fausses-bonnes-idees\/#primaryimage","url":"https:\/\/www.lesentrepreteurs.com\/blog\/wp-content\/uploads\/2026\/03\/AdobeStock_1672723326.jpeg","contentUrl":"https:\/\/www.lesentrepreteurs.com\/blog\/wp-content\/uploads\/2026\/03\/AdobeStock_1672723326.jpeg","width":1000,"height":336,"caption":"Dusk at a gas station"},{"@type":"BreadcrumbList","@id":"https:\/\/www.lesentrepreteurs.com\/blog\/face-a-la-hausse-du-prix-des-carburants-eviter-les-fausses-bonnes-idees\/#breadcrumb","itemListElement":[{"@type":"ListItem","position":1,"name":"Accueil","item":"https:\/\/www.lesentrepreteurs.com\/blog\/"},{"@type":"ListItem","position":2,"name":"Face \u00e0 la hausse du prix des carburants, \u00e9viter les fausses bonnes id\u00e9es"}]},{"@type":"WebSite","@id":"https:\/\/www.lesentrepreteurs.com\/blog\/#website","url":"https:\/\/www.lesentrepreteurs.com\/blog\/","name":"Entre-nous, le blog des Entrepr\u00eateurs","description":"Entre nous - Le blog des Entrepr\u00eateurs","publisher":{"@id":"https:\/\/www.lesentrepreteurs.com\/blog\/#organization"},"potentialAction":[{"@type":"SearchAction","target":{"@type":"EntryPoint","urlTemplate":"https:\/\/www.lesentrepreteurs.com\/blog\/?s={search_term_string}"},"query-input":{"@type":"PropertyValueSpecification","valueRequired":true,"valueName":"search_term_string"}}],"inLanguage":"fr-FR"},{"@type":"Organization","@id":"https:\/\/www.lesentrepreteurs.com\/blog\/#organization","name":"Le blog de la plateforme de financement","url":"https:\/\/www.lesentrepreteurs.com\/blog\/","logo":{"@type":"ImageObject","inLanguage":"fr-FR","@id":"https:\/\/www.lesentrepreteurs.com\/blog\/#\/schema\/logo\/image\/","url":"https:\/\/www.lesentrepreteurs.com\/blog\/wp-content\/uploads\/2025\/10\/cropped-Logo_blog_ok.png","contentUrl":"https:\/\/www.lesentrepreteurs.com\/blog\/wp-content\/uploads\/2025\/10\/cropped-Logo_blog_ok.png","width":300,"height":78,"caption":"Le blog de la plateforme de financement"},"image":{"@id":"https:\/\/www.lesentrepreteurs.com\/blog\/#\/schema\/logo\/image\/"},"sameAs":["https:\/\/www.facebook.com\/lesentrepreteurs?locale=fr_FR","https:\/\/x.com\/entrepreteurs","https:\/\/www.linkedin.com\/company\/9209775\/admin\/feed\/posts\/"]},{"@type":"Person","@id":"https:\/\/www.lesentrepreteurs.com\/blog\/#\/schema\/person\/0b4ec11077b4543f3fff88f6caec72b0","name":"Julie Millet","url":"https:\/\/www.lesentrepreteurs.com\/blog\/author\/jmlesentrepreteurs-com\/"}]}},"_links":{"self":[{"href":"https:\/\/www.lesentrepreteurs.com\/blog\/wp-json\/wp\/v2\/posts\/5059","targetHints":{"allow":["GET"]}}],"collection":[{"href":"https:\/\/www.lesentrepreteurs.com\/blog\/wp-json\/wp\/v2\/posts"}],"about":[{"href":"https:\/\/www.lesentrepreteurs.com\/blog\/wp-json\/wp\/v2\/types\/post"}],"author":[{"embeddable":true,"href":"https:\/\/www.lesentrepreteurs.com\/blog\/wp-json\/wp\/v2\/users\/6"}],"replies":[{"embeddable":true,"href":"https:\/\/www.lesentrepreteurs.com\/blog\/wp-json\/wp\/v2\/comments?post=5059"}],"version-history":[{"count":1,"href":"https:\/\/www.lesentrepreteurs.com\/blog\/wp-json\/wp\/v2\/posts\/5059\/revisions"}],"predecessor-version":[{"id":5061,"href":"https:\/\/www.lesentrepreteurs.com\/blog\/wp-json\/wp\/v2\/posts\/5059\/revisions\/5061"}],"wp:featuredmedia":[{"embeddable":true,"href":"https:\/\/www.lesentrepreteurs.com\/blog\/wp-json\/wp\/v2\/media\/5062"}],"wp:attachment":[{"href":"https:\/\/www.lesentrepreteurs.com\/blog\/wp-json\/wp\/v2\/media?parent=5059"}],"wp:term":[{"taxonomy":"category","embeddable":true,"href":"https:\/\/www.lesentrepreteurs.com\/blog\/wp-json\/wp\/v2\/categories?post=5059"},{"taxonomy":"post_tag","embeddable":true,"href":"https:\/\/www.lesentrepreteurs.com\/blog\/wp-json\/wp\/v2\/tags?post=5059"}],"curies":[{"name":"wp","href":"https:\/\/api.w.org\/{rel}","templated":true}]}}