{"id":514,"date":"2016-12-13T09:30:05","date_gmt":"2016-12-13T08:30:05","guid":{"rendered":"http:\/\/blog.lesentrepreteurs.com\/?p=514"},"modified":"2024-05-23T18:09:33","modified_gmt":"2024-05-23T16:09:33","slug":"plaidoyer-de-financement-participatif-france-fpf","status":"publish","type":"post","link":"https:\/\/www.lesentrepreteurs.com\/blog\/plaidoyer-de-financement-participatif-france-fpf\/","title":{"rendered":"Plaidoyer de Financement Participatif France (FPF)"},"content":{"rendered":"<p style=\"text-align: justify;\"><a href=\"https:\/\/financeparticipative.org\/\">Financement Participatif France<\/a>, association des professionnels du crowdfunding lance un grand questionnaire sur l&rsquo;avenir du financement participatif. Il vous propose de r\u00e9pondre \u00e0 une s\u00e9rie de questions\u00a0sur\u00a0<em>\u00ab Que souhaitez-vous pour l\u2019avenir de la finance participative en France ? \u00bb \u00a0<\/em><\/p>\n<p style=\"text-align: justify;\">Ce questionnaire a pour but d&rsquo;\u00eatre en coh\u00e9rence avec les principes \u00ab\u00a0participatifs\u00a0\u00bb du crowdfunding, et ce jusque dans leurs actions de lobbying.<\/p>\n<p><em>La plateforme Les Entrepr\u00eateurs est membre de FPF (<a href=\"https:\/\/www.lesentrepreteurs.com\/partenaires\">En Savoir plus<\/a>).<\/em><\/p>\n","protected":false},"excerpt":{"rendered":"<p>Financement Participatif France, association des professionnels du crowdfunding lance un grand questionnaire sur l&rsquo;avenir du financement participatif. Il vous propose de r\u00e9pondre \u00e0 une s\u00e9rie de questions\u00a0sur\u00a0\u00ab Que souhaitez-vous pour l\u2019avenir de la finance participative en France ? \u00bb \u00a0 Ce questionnaire a pour but d&rsquo;\u00eatre en coh\u00e9rence avec les principes \u00ab\u00a0participatifs\u00a0\u00bb du crowdfunding, et [&hellip;]<\/p>\n","protected":false},"author":2,"featured_media":0,"comment_status":"open","ping_status":"open","sticky":false,"template":"","format":"standard","meta":{"footnotes":""},"categories":[1],"tags":[8],"class_list":["post-514","post","type-post","status-publish","format-standard","hentry","category-non-classe","tag-crowdlending"],"yoast_head":"<!-- This site is optimized with the Yoast SEO plugin v27.3 - https:\/\/yoast.com\/product\/yoast-seo-wordpress\/ -->\n<title>Plaidoyer de Financement Participatif France (FPF)<\/title>\n<meta name=\"description\" content=\"Financement Participatif France, association des professionnels du crowdfunding lance son grand questionnaire.\" \/>\n<meta name=\"robots\" content=\"index, follow, max-snippet:-1, max-image-preview:large, max-video-preview:-1\" \/>\n<link rel=\"canonical\" href=\"https:\/\/www.lesentrepreteurs.com\/blog\/plaidoyer-de-financement-participatif-france-fpf\/\" \/>\n<meta property=\"og:locale\" content=\"fr_FR\" \/>\n<meta property=\"og:type\" content=\"article\" \/>\n<meta property=\"og:title\" content=\"Plaidoyer de Financement Participatif France (FPF)\" \/>\n<meta property=\"og:description\" content=\"Financement Participatif France, association des professionnels du crowdfunding lance son grand questionnaire.\" \/>\n<meta property=\"og:url\" content=\"https:\/\/www.lesentrepreteurs.com\/blog\/plaidoyer-de-financement-participatif-france-fpf\/\" \/>\n<meta property=\"og:site_name\" content=\"Le blog de la plateforme de financement\" \/>\n<meta property=\"article:publisher\" content=\"https:\/\/www.facebook.com\/lesentrepreteurs?locale=fr_FR\" \/>\n<meta property=\"article:published_time\" content=\"2016-12-13T08:30:05+00:00\" \/>\n<meta property=\"article:modified_time\" content=\"2024-05-23T16:09:33+00:00\" \/>\n<meta name=\"author\" content=\"Souheun\" \/>\n<meta name=\"twitter:card\" content=\"summary_large_image\" \/>\n<meta name=\"twitter:creator\" content=\"@entrepreteurs\" \/>\n<meta name=\"twitter:site\" content=\"@entrepreteurs\" \/>\n<meta name=\"twitter:label1\" content=\"\u00c9crit par\" \/>\n\t<meta name=\"twitter:data1\" content=\"Souheun\" \/>\n\t<meta name=\"twitter:label2\" content=\"Dur\u00e9e de lecture estim\u00e9e\" \/>\n\t<meta name=\"twitter:data2\" content=\"1 minute\" \/>\n<script type=\"application\/ld+json\" class=\"yoast-schema-graph\">{\"@context\":\"https:\\\/\\\/schema.org\",\"@graph\":[{\"@type\":\"Article\",\"@id\":\"https:\\\/\\\/www.lesentrepreteurs.com\\\/blog\\\/plaidoyer-de-financement-participatif-france-fpf\\\/#article\",\"isPartOf\":{\"@id\":\"https:\\\/\\\/www.lesentrepreteurs.com\\\/blog\\\/plaidoyer-de-financement-participatif-france-fpf\\\/\"},\"author\":{\"name\":\"Souheun\",\"@id\":\"https:\\\/\\\/www.lesentrepreteurs.com\\\/blog\\\/#\\\/schema\\\/person\\\/5bbb07c49cb3ffddcf609d6412d0b16d\"},\"headline\":\"Plaidoyer de Financement Participatif France (FPF)\",\"datePublished\":\"2016-12-13T08:30:05+00:00\",\"dateModified\":\"2024-05-23T16:09:33+00:00\",\"mainEntityOfPage\":{\"@id\":\"https:\\\/\\\/www.lesentrepreteurs.com\\\/blog\\\/plaidoyer-de-financement-participatif-france-fpf\\\/\"},\"wordCount\":82,\"commentCount\":0,\"publisher\":{\"@id\":\"https:\\\/\\\/www.lesentrepreteurs.com\\\/blog\\\/#organization\"},\"keywords\":[\"crowdlending\"],\"inLanguage\":\"fr-FR\"},{\"@type\":\"WebPage\",\"@id\":\"https:\\\/\\\/www.lesentrepreteurs.com\\\/blog\\\/plaidoyer-de-financement-participatif-france-fpf\\\/\",\"url\":\"https:\\\/\\\/www.lesentrepreteurs.com\\\/blog\\\/plaidoyer-de-financement-participatif-france-fpf\\\/\",\"name\":\"Plaidoyer de Financement Participatif France (FPF)\",\"isPartOf\":{\"@id\":\"https:\\\/\\\/www.lesentrepreteurs.com\\\/blog\\\/#website\"},\"datePublished\":\"2016-12-13T08:30:05+00:00\",\"dateModified\":\"2024-05-23T16:09:33+00:00\",\"description\":\"Financement Participatif France, association des professionnels du crowdfunding lance son grand questionnaire.\",\"breadcrumb\":{\"@id\":\"https:\\\/\\\/www.lesentrepreteurs.com\\\/blog\\\/plaidoyer-de-financement-participatif-france-fpf\\\/#breadcrumb\"},\"inLanguage\":\"fr-FR\",\"potentialAction\":[{\"@type\":\"ReadAction\",\"target\":[\"https:\\\/\\\/www.lesentrepreteurs.com\\\/blog\\\/plaidoyer-de-financement-participatif-france-fpf\\\/\"]}]},{\"@type\":\"BreadcrumbList\",\"@id\":\"https:\\\/\\\/www.lesentrepreteurs.com\\\/blog\\\/plaidoyer-de-financement-participatif-france-fpf\\\/#breadcrumb\",\"itemListElement\":[{\"@type\":\"ListItem\",\"position\":1,\"name\":\"Accueil\",\"item\":\"https:\\\/\\\/www.lesentrepreteurs.com\\\/blog\\\/\"},{\"@type\":\"ListItem\",\"position\":2,\"name\":\"Plaidoyer de Financement Participatif France (FPF)\"}]},{\"@type\":\"WebSite\",\"@id\":\"https:\\\/\\\/www.lesentrepreteurs.com\\\/blog\\\/#website\",\"url\":\"https:\\\/\\\/www.lesentrepreteurs.com\\\/blog\\\/\",\"name\":\"Entre-nous, le blog des Entrepr\u00eateurs\",\"description\":\"Entre nous - Le blog des Entrepr\u00eateurs\",\"publisher\":{\"@id\":\"https:\\\/\\\/www.lesentrepreteurs.com\\\/blog\\\/#organization\"},\"potentialAction\":[{\"@type\":\"SearchAction\",\"target\":{\"@type\":\"EntryPoint\",\"urlTemplate\":\"https:\\\/\\\/www.lesentrepreteurs.com\\\/blog\\\/?s={search_term_string}\"},\"query-input\":{\"@type\":\"PropertyValueSpecification\",\"valueRequired\":true,\"valueName\":\"search_term_string\"}}],\"inLanguage\":\"fr-FR\"},{\"@type\":\"Organization\",\"@id\":\"https:\\\/\\\/www.lesentrepreteurs.com\\\/blog\\\/#organization\",\"name\":\"Le blog de la plateforme de financement\",\"url\":\"https:\\\/\\\/www.lesentrepreteurs.com\\\/blog\\\/\",\"logo\":{\"@type\":\"ImageObject\",\"inLanguage\":\"fr-FR\",\"@id\":\"https:\\\/\\\/www.lesentrepreteurs.com\\\/blog\\\/#\\\/schema\\\/logo\\\/image\\\/\",\"url\":\"https:\\\/\\\/www.lesentrepreteurs.com\\\/blog\\\/wp-content\\\/uploads\\\/2025\\\/10\\\/cropped-Logo_blog_ok.png\",\"contentUrl\":\"https:\\\/\\\/www.lesentrepreteurs.com\\\/blog\\\/wp-content\\\/uploads\\\/2025\\\/10\\\/cropped-Logo_blog_ok.png\",\"width\":300,\"height\":78,\"caption\":\"Le blog de la plateforme de financement\"},\"image\":{\"@id\":\"https:\\\/\\\/www.lesentrepreteurs.com\\\/blog\\\/#\\\/schema\\\/logo\\\/image\\\/\"},\"sameAs\":[\"https:\\\/\\\/www.facebook.com\\\/lesentrepreteurs?locale=fr_FR\",\"https:\\\/\\\/x.com\\\/entrepreteurs\",\"https:\\\/\\\/www.linkedin.com\\\/company\\\/9209775\\\/admin\\\/feed\\\/posts\\\/\"]},{\"@type\":\"Person\",\"@id\":\"https:\\\/\\\/www.lesentrepreteurs.com\\\/blog\\\/#\\\/schema\\\/person\\\/5bbb07c49cb3ffddcf609d6412d0b16d\",\"name\":\"Souheun\",\"url\":\"https:\\\/\\\/www.lesentrepreteurs.com\\\/blog\\\/author\\\/sl10\\\/\"}]}<\/script>\n<!-- \/ Yoast SEO plugin. -->","yoast_head_json":{"title":"Plaidoyer de Financement Participatif France (FPF)","description":"Financement Participatif France, association des professionnels du crowdfunding lance son grand questionnaire.","robots":{"index":"index","follow":"follow","max-snippet":"max-snippet:-1","max-image-preview":"max-image-preview:large","max-video-preview":"max-video-preview:-1"},"canonical":"https:\/\/www.lesentrepreteurs.com\/blog\/plaidoyer-de-financement-participatif-france-fpf\/","og_locale":"fr_FR","og_type":"article","og_title":"Plaidoyer de Financement Participatif France (FPF)","og_description":"Financement Participatif France, association des professionnels du crowdfunding lance son grand questionnaire.","og_url":"https:\/\/www.lesentrepreteurs.com\/blog\/plaidoyer-de-financement-participatif-france-fpf\/","og_site_name":"Le blog de la plateforme de financement","article_publisher":"https:\/\/www.facebook.com\/lesentrepreteurs?locale=fr_FR","article_published_time":"2016-12-13T08:30:05+00:00","article_modified_time":"2024-05-23T16:09:33+00:00","author":"Souheun","twitter_card":"summary_large_image","twitter_creator":"@entrepreteurs","twitter_site":"@entrepreteurs","twitter_misc":{"\u00c9crit par":"Souheun","Dur\u00e9e de lecture estim\u00e9e":"1 minute"},"schema":{"@context":"https:\/\/schema.org","@graph":[{"@type":"Article","@id":"https:\/\/www.lesentrepreteurs.com\/blog\/plaidoyer-de-financement-participatif-france-fpf\/#article","isPartOf":{"@id":"https:\/\/www.lesentrepreteurs.com\/blog\/plaidoyer-de-financement-participatif-france-fpf\/"},"author":{"name":"Souheun","@id":"https:\/\/www.lesentrepreteurs.com\/blog\/#\/schema\/person\/5bbb07c49cb3ffddcf609d6412d0b16d"},"headline":"Plaidoyer de Financement Participatif France (FPF)","datePublished":"2016-12-13T08:30:05+00:00","dateModified":"2024-05-23T16:09:33+00:00","mainEntityOfPage":{"@id":"https:\/\/www.lesentrepreteurs.com\/blog\/plaidoyer-de-financement-participatif-france-fpf\/"},"wordCount":82,"commentCount":0,"publisher":{"@id":"https:\/\/www.lesentrepreteurs.com\/blog\/#organization"},"keywords":["crowdlending"],"inLanguage":"fr-FR"},{"@type":"WebPage","@id":"https:\/\/www.lesentrepreteurs.com\/blog\/plaidoyer-de-financement-participatif-france-fpf\/","url":"https:\/\/www.lesentrepreteurs.com\/blog\/plaidoyer-de-financement-participatif-france-fpf\/","name":"Plaidoyer de Financement Participatif France (FPF)","isPartOf":{"@id":"https:\/\/www.lesentrepreteurs.com\/blog\/#website"},"datePublished":"2016-12-13T08:30:05+00:00","dateModified":"2024-05-23T16:09:33+00:00","description":"Financement Participatif France, association des professionnels du crowdfunding lance son grand questionnaire.","breadcrumb":{"@id":"https:\/\/www.lesentrepreteurs.com\/blog\/plaidoyer-de-financement-participatif-france-fpf\/#breadcrumb"},"inLanguage":"fr-FR","potentialAction":[{"@type":"ReadAction","target":["https:\/\/www.lesentrepreteurs.com\/blog\/plaidoyer-de-financement-participatif-france-fpf\/"]}]},{"@type":"BreadcrumbList","@id":"https:\/\/www.lesentrepreteurs.com\/blog\/plaidoyer-de-financement-participatif-france-fpf\/#breadcrumb","itemListElement":[{"@type":"ListItem","position":1,"name":"Accueil","item":"https:\/\/www.lesentrepreteurs.com\/blog\/"},{"@type":"ListItem","position":2,"name":"Plaidoyer de Financement Participatif France (FPF)"}]},{"@type":"WebSite","@id":"https:\/\/www.lesentrepreteurs.com\/blog\/#website","url":"https:\/\/www.lesentrepreteurs.com\/blog\/","name":"Entre-nous, le blog des Entrepr\u00eateurs","description":"Entre nous - Le blog des Entrepr\u00eateurs","publisher":{"@id":"https:\/\/www.lesentrepreteurs.com\/blog\/#organization"},"potentialAction":[{"@type":"SearchAction","target":{"@type":"EntryPoint","urlTemplate":"https:\/\/www.lesentrepreteurs.com\/blog\/?s={search_term_string}"},"query-input":{"@type":"PropertyValueSpecification","valueRequired":true,"valueName":"search_term_string"}}],"inLanguage":"fr-FR"},{"@type":"Organization","@id":"https:\/\/www.lesentrepreteurs.com\/blog\/#organization","name":"Le blog de la plateforme de financement","url":"https:\/\/www.lesentrepreteurs.com\/blog\/","logo":{"@type":"ImageObject","inLanguage":"fr-FR","@id":"https:\/\/www.lesentrepreteurs.com\/blog\/#\/schema\/logo\/image\/","url":"https:\/\/www.lesentrepreteurs.com\/blog\/wp-content\/uploads\/2025\/10\/cropped-Logo_blog_ok.png","contentUrl":"https:\/\/www.lesentrepreteurs.com\/blog\/wp-content\/uploads\/2025\/10\/cropped-Logo_blog_ok.png","width":300,"height":78,"caption":"Le blog de la plateforme de financement"},"image":{"@id":"https:\/\/www.lesentrepreteurs.com\/blog\/#\/schema\/logo\/image\/"},"sameAs":["https:\/\/www.facebook.com\/lesentrepreteurs?locale=fr_FR","https:\/\/x.com\/entrepreteurs","https:\/\/www.linkedin.com\/company\/9209775\/admin\/feed\/posts\/"]},{"@type":"Person","@id":"https:\/\/www.lesentrepreteurs.com\/blog\/#\/schema\/person\/5bbb07c49cb3ffddcf609d6412d0b16d","name":"Souheun","url":"https:\/\/www.lesentrepreteurs.com\/blog\/author\/sl10\/"}]}},"_links":{"self":[{"href":"https:\/\/www.lesentrepreteurs.com\/blog\/wp-json\/wp\/v2\/posts\/514","targetHints":{"allow":["GET"]}}],"collection":[{"href":"https:\/\/www.lesentrepreteurs.com\/blog\/wp-json\/wp\/v2\/posts"}],"about":[{"href":"https:\/\/www.lesentrepreteurs.com\/blog\/wp-json\/wp\/v2\/types\/post"}],"author":[{"embeddable":true,"href":"https:\/\/www.lesentrepreteurs.com\/blog\/wp-json\/wp\/v2\/users\/2"}],"replies":[{"embeddable":true,"href":"https:\/\/www.lesentrepreteurs.com\/blog\/wp-json\/wp\/v2\/comments?post=514"}],"version-history":[{"count":2,"href":"https:\/\/www.lesentrepreteurs.com\/blog\/wp-json\/wp\/v2\/posts\/514\/revisions"}],"predecessor-version":[{"id":4613,"href":"https:\/\/www.lesentrepreteurs.com\/blog\/wp-json\/wp\/v2\/posts\/514\/revisions\/4613"}],"wp:attachment":[{"href":"https:\/\/www.lesentrepreteurs.com\/blog\/wp-json\/wp\/v2\/media?parent=514"}],"wp:term":[{"taxonomy":"category","embeddable":true,"href":"https:\/\/www.lesentrepreteurs.com\/blog\/wp-json\/wp\/v2\/categories?post=514"},{"taxonomy":"post_tag","embeddable":true,"href":"https:\/\/www.lesentrepreteurs.com\/blog\/wp-json\/wp\/v2\/tags?post=514"}],"curies":[{"name":"wp","href":"https:\/\/api.w.org\/{rel}","templated":true}]}}